{"id":1692,"date":"2021-07-18T09:58:40","date_gmt":"2021-07-18T07:58:40","guid":{"rendered":"http:\/\/www.parafiakuligow.pl\/?p=1692"},"modified":"2021-07-18T09:59:18","modified_gmt":"2021-07-18T07:59:18","slug":"11-lipiec-2021-15-niedziela-zwykla","status":"publish","type":"post","link":"http:\/\/www.parafiakuligow.pl\/index.php\/2021\/07\/18\/11-lipiec-2021-15-niedziela-zwykla\/","title":{"rendered":"11 Lipiec 2021 &#8211; 15 NIEDZIELA ZWYK\u0141A"},"content":{"rendered":"<ol>\n<li>W czwartek 15 lipca wspomnienie liturgiczne \u015bw. Bonawentury, biskupa i doktora Ko\u015bcio\u0142a, a 16 lipca NMP z G\u00f3ry Karmel. Szczeg\u00f3lny dzie\u0144 dla wszystkich nosz\u0105cych szkaplerze Matki Bo\u017cej<\/li>\n<li>Wszystkim naszym parafianom i osobom przebywaj\u0105cym w naszej parafii \u017cyczymy spokojnej niedzieli oraz dobrego i b\u0142ogos\u0142awionego tygodnia.<\/li>\n<li>Zach\u0119camy do czytania prasy katolickiej.<\/li>\n<\/ol>\n<p>&nbsp;<\/p>\n<p style=\"text-align: center;\"><strong>Intencje Mszalne <\/strong><strong>\u00a011 \u2013 18 Lipiec 2021r.<\/strong><\/p>\n<p><span style=\"color: #0000ff;\"><strong>Nd.\u00a0 11. VII. 2021\u00a0\u00a0\u00a0 <\/strong><\/span><strong><span style=\"color: #0000ff;\">15 NIEDZIELA ZWYK\u0141A<\/span><br \/>\n<\/strong>g. 9.00\u00a0 O Bo\u017ce b\u0142og. i \u0142aski , opiek\u0119 Matki Bo\u017cej dla Jakuba Karasiewicz w 13 r. urodzin<br \/>\ng. 11.00 + Zdzis\u0142awa Kowalskiego<br \/>\ng. 13.00 + Zdzis\u0142awa Czarneckiego w 4\u00a0 rocz. \u015bm.<br \/>\n<strong>Pn.\u00a0 12.VI \u00a0\u00a0\u00a0\u00a0\u00a0<\/strong>g. 19.00\u00a0 \u00a0\u00a0Int. wolna<strong><br \/>\n<\/strong><strong>Wt.\u00a0 13. VI \u00a0\u00a0\u00a0\u00a0\u00a0<\/strong>g. \u00a0\u00a07.00 \u00a0\u00a0\u00a0\u00a0Int. wolna<br \/>\n<strong>\u015ar. \u00a014. VI\u00a0\u00a0\u00a0 <\/strong>\u00a0g. 19.00\u00a0\u00a0\u00a0 Int. wolna<br \/>\nC<strong>zw. 15.VII\u00a0\u00a0 <\/strong>\u00a0g.\u00a0\u00a0 7.00 \u00a0\u00a0Int. wolna<br \/>\n<strong>Pt.\u00a0 16. VII\u00a0\u00a0 <\/strong>g. 19.00\u00a0 \u00a0+ Zofi\u0119 w 2 rocz. \u015bm. i Wies\u0142awa<br \/>\n<strong>Sob. \u00a017. VII\u00a0 <\/strong><br \/>\ng. 17.00\u00a0 \u015alub: Micha\u0142 Patulak i Roksana Paulina Wrzesi\u0144ska<br \/>\ng. 19.00 + Sylwestra Grze\u015bkiewicza; Mariann\u0119 i Franciszka D\u0105browskich; El\u017cbiet\u0119 Gajewsk\u0105<br \/>\n<span style=\"color: #3366ff;\"><span style=\"color: #0000ff;\"><strong>Nd.\u00a0 18. VII. 2021\u00a0 \u00a0\u00a0<\/strong><\/span><strong><span style=\"color: #0000ff;\">16 NIEDZIELA ZWYK\u0141A<\/span><br \/>\n<\/strong><span style=\"color: #000000;\">g.<\/span> <\/span>9.00\u00a0 Int. zam.<br \/>\ng. 11.00 Int. zam.<br \/>\ng. 13.00 Int. zam.<\/p>\n","protected":false},"excerpt":{"rendered":"<p>W czwartek 15 lipca wspomnienie liturgiczne \u015bw. Bonawentury, biskupa i doktora Ko\u015bcio\u0142a, a 16 lipca NMP z G\u00f3ry Karmel. Szczeg\u00f3lny dzie\u0144 dla wszystkich nosz\u0105cych szkaplerze Matki Bo\u017cej Wszystkim naszym parafianom i osobom przebywaj\u0105cym w naszej parafii \u017cyczymy spokojnej niedzieli oraz dobrego i b\u0142ogos\u0142awionego tygodnia. Zach\u0119camy do czytania prasy katolickiej. &nbsp; [&hellip;]<\/p>\n","protected":false},"author":2,"featured_media":0,"comment_status":"closed","ping_status":"closed","sticky":false,"template":"","format":"standard","meta":[],"categories":[2],"tags":[],"_links":{"self":[{"href":"http:\/\/www.parafiakuligow.pl\/index.php\/wp-json\/wp\/v2\/posts\/1692"}],"collection":[{"href":"http:\/\/www.parafiakuligow.pl\/index.php\/wp-json\/wp\/v2\/posts"}],"about":[{"href":"http:\/\/www.parafiakuligow.pl\/index.php\/wp-json\/wp\/v2\/types\/post"}],"author":[{"embeddable":true,"href":"http:\/\/www.parafiakuligow.pl\/index.php\/wp-json\/wp\/v2\/users\/2"}],"replies":[{"embeddable":true,"href":"http:\/\/www.parafiakuligow.pl\/index.php\/wp-json\/wp\/v2\/comments?post=1692"}],"version-history":[{"count":2,"href":"http:\/\/www.parafiakuligow.pl\/index.php\/wp-json\/wp\/v2\/posts\/1692\/revisions"}],"predecessor-version":[{"id":1694,"href":"http:\/\/www.parafiakuligow.pl\/index.php\/wp-json\/wp\/v2\/posts\/1692\/revisions\/1694"}],"wp:attachment":[{"href":"http:\/\/www.parafiakuligow.pl\/index.php\/wp-json\/wp\/v2\/media?parent=1692"}],"wp:term":[{"taxonomy":"category","embeddable":true,"href":"http:\/\/www.parafiakuligow.pl\/index.php\/wp-json\/wp\/v2\/categories?post=1692"},{"taxonomy":"post_tag","embeddable":true,"href":"http:\/\/www.parafiakuligow.pl\/index.php\/wp-json\/wp\/v2\/tags?post=1692"}],"curies":[{"name":"wp","href":"https:\/\/api.w.org\/{rel}","templated":true}]}}