{"id":1689,"date":"2021-07-03T21:37:27","date_gmt":"2021-07-03T19:37:27","guid":{"rendered":"http:\/\/www.parafiakuligow.pl\/?p=1689"},"modified":"2021-07-03T21:37:27","modified_gmt":"2021-07-03T19:37:27","slug":"04-lipiec-2021-14-niedziela-zwykla","status":"publish","type":"post","link":"http:\/\/www.parafiakuligow.pl\/index.php\/2021\/07\/03\/04-lipiec-2021-14-niedziela-zwykla\/","title":{"rendered":"04 Lipiec 2021 &#8211; 14 NIEDZIELA ZWYK\u0141A"},"content":{"rendered":"<ol>\n<li>Dzi\u015b z racji I niedzieli miesi\u0105ca po Mszy \u015bwi\u0119tej o godz. 11.00 wystawienie Naj\u015bwi\u0119tszego Sakramentu i adoracja eucharystyczna.<\/li>\n<li>We wtorek 6 lipca wspomnienie B\u0142. Marii Teresy Led\u00f3chowskiej, a czwartek 8 lipca \u015bw. Jana z Dukli, prezbitera.<\/li>\n<li>Przypominamy, \u017ce decyzj\u0105 x. Biskupa niema ju\u017c dyspensy od uczestnictwa we Mszy \u015bw. w Ko\u015bciele. Jest wi\u0119c wed\u0142ug Przykaza\u0144, obowi\u0105zek uczestnictwa w niedziel\u0119 i uroczysto\u015bci we Mszy \u015bw.<\/li>\n<li>Ko\u015bci\u00f3\u0142 przypomina, \u017ce do \u015bwi\u0105tyni przychodzimy w stroju godnym nale\u017cnym temu miejscu. Uszanujmy miejsca \u015bwi\u0119te.<\/li>\n<li>Msza \u015bw. w intencji uczestnik\u00f3w nabo\u017ce\u0144stw czerwcowych w sobot\u0119 10 lipca o godz. 19.00.<\/li>\n<li>Wszystkim naszym parafianom i osobom przebywaj\u0105cym w naszej parafii \u017cyczymy spokojnej niedzieli oraz dobrego i b\u0142ogos\u0142awionego tygodnia.<\/li>\n<li>Zach\u0119camy do czytania prasy katolickiej.<\/li>\n<\/ol>\n<p><strong>Intencje Mszalne 04 \u2013 11 Lipiec 2021r.<\/strong><\/p>\n<p><span style=\"color: #0000ff;\"><strong>Nd. 04. VII. 2021 14 NIEDZIELA ZWYK\u0141A<br \/>\n<\/strong><\/span>g. 9.00 + El\u017cbiet\u0119 i Mariana Ros\u0142on; zm. z rodz. Kowalskich<br \/>\ng. 11.00 Int. zam.<br \/>\ng. 13.00 + Henryk\u0119 Wo\u017aniak<br \/>\nPn. 05.VI g. 19.00 Int. wolna<br \/>\nWt. 06. VI g. 7.00 Int. wolna<br \/>\n\u015ar. 07. VI g. 19.00 Int. wolna<br \/>\nCzw. 08.VII g. 7.00 Int. wolna<br \/>\nPt. 09. VII g. 19.00 Int. wolna<br \/>\nSob. 10. VII<br \/>\ng. 17.00 \u015alub: Micha\u0142 Miro\u0144czuk i Justyna Przybysz<br \/>\ng. 19.00 W int. uczestnik\u00f3w nabo\u017ce\u0144stw czerwcowych<br \/>\n<span style=\"color: #0000ff;\"><strong>Nd. 11. VII. 2021 15 NIEDZIELA ZWYK\u0141A<br \/>\n<\/strong><\/span>g. 9.00 O Bo\u017ce b\u0142og. i \u0142aski , opiek\u0119 Matki Bo\u017cej dla Jakuba Karasiewicz<br \/>\nw 13 r. urodzin<br \/>\ng. 11.00 + Zdzis\u0142awa Kowalskiego<br \/>\ng. 13.00 + Zdzis\u0142awa Czarneckiego w 4 rocz. \u015bm.<\/p>\n","protected":false},"excerpt":{"rendered":"<p>Dzi\u015b z racji I niedzieli miesi\u0105ca po Mszy \u015bwi\u0119tej o godz. 11.00 wystawienie Naj\u015bwi\u0119tszego Sakramentu i adoracja eucharystyczna. We wtorek 6 lipca wspomnienie B\u0142. Marii Teresy Led\u00f3chowskiej, a czwartek 8 lipca \u015bw. Jana z Dukli, prezbitera. Przypominamy, \u017ce decyzj\u0105 x. Biskupa niema ju\u017c dyspensy od uczestnictwa we Mszy \u015bw. w [&hellip;]<\/p>\n","protected":false},"author":2,"featured_media":0,"comment_status":"closed","ping_status":"closed","sticky":false,"template":"","format":"standard","meta":[],"categories":[2],"tags":[],"_links":{"self":[{"href":"http:\/\/www.parafiakuligow.pl\/index.php\/wp-json\/wp\/v2\/posts\/1689"}],"collection":[{"href":"http:\/\/www.parafiakuligow.pl\/index.php\/wp-json\/wp\/v2\/posts"}],"about":[{"href":"http:\/\/www.parafiakuligow.pl\/index.php\/wp-json\/wp\/v2\/types\/post"}],"author":[{"embeddable":true,"href":"http:\/\/www.parafiakuligow.pl\/index.php\/wp-json\/wp\/v2\/users\/2"}],"replies":[{"embeddable":true,"href":"http:\/\/www.parafiakuligow.pl\/index.php\/wp-json\/wp\/v2\/comments?post=1689"}],"version-history":[{"count":1,"href":"http:\/\/www.parafiakuligow.pl\/index.php\/wp-json\/wp\/v2\/posts\/1689\/revisions"}],"predecessor-version":[{"id":1690,"href":"http:\/\/www.parafiakuligow.pl\/index.php\/wp-json\/wp\/v2\/posts\/1689\/revisions\/1690"}],"wp:attachment":[{"href":"http:\/\/www.parafiakuligow.pl\/index.php\/wp-json\/wp\/v2\/media?parent=1689"}],"wp:term":[{"taxonomy":"category","embeddable":true,"href":"http:\/\/www.parafiakuligow.pl\/index.php\/wp-json\/wp\/v2\/categories?post=1689"},{"taxonomy":"post_tag","embeddable":true,"href":"http:\/\/www.parafiakuligow.pl\/index.php\/wp-json\/wp\/v2\/tags?post=1689"}],"curies":[{"name":"wp","href":"https:\/\/api.w.org\/{rel}","templated":true}]}}