{"id":1686,"date":"2021-07-03T21:32:55","date_gmt":"2021-07-03T19:32:55","guid":{"rendered":"http:\/\/www.parafiakuligow.pl\/?p=1686"},"modified":"2021-07-03T21:33:55","modified_gmt":"2021-07-03T19:33:55","slug":"27-czerwiec-2021-13-niedziela-zwykla","status":"publish","type":"post","link":"http:\/\/www.parafiakuligow.pl\/index.php\/2021\/07\/03\/27-czerwiec-2021-13-niedziela-zwykla\/","title":{"rendered":"27 czerwiec 2021 &#8211; 13 NIEDZIELA ZWYK\u0141A"},"content":{"rendered":"<ol>\n<li>W poniedzia\u0142ek 28 czerwca wyj\u0105tkowo Msza \u015bw. o godz. 7.00. Nie b\u0119dzie Mszy \u015bw. o godz. 19.00.<\/li>\n<li>We wtorek 29 czerwca Uroczysto\u015b\u0107 \u015bw. Aposto\u0142\u00f3w Piotra i Paw\u0142a. W tym dniu udziela si\u0119 odpustu zupe\u0142nego wiernym, kt\u00f3rzy pos\u0142uguj\u0105c si\u0119 pobo\u017cnie przedmiotami kultu pob\u0142ogos\u0142awionymi przez ojca \u015bwi\u0119tego lub biskupa dodadz\u0105 do swoich modlitw wyznanie wiary, ponadto udziela si\u0119 odpustu zupe\u0142nego wiernym, kt\u00f3rzy nawiedz\u0105 dzisiaj katedr\u0119, konkatedr\u0119 lub bazylik\u0119 mniejsz\u0105 i tam pobo\u017cnie odm\u00f3wi\u0105 modlitw\u0119 Ojcze nasz i Wierz\u0119. Taca z tego dnia przeznaczona jest na konserwacj\u0119 Bazyliki \u015bw. Piotra oraz dzia\u0142alno\u015b\u0107 apostolsk\u0105 i charytatywn\u0105 Stolicy Apostolskiej. Msza \u015bw. w tym dniu o godz. 19.00. Nie b\u0119dzie Mszy \u015bw. o god\u017a 7.00. Solenizantkom i solenizantkom tego tygodnia \u017cyczymy du\u017co zdrowia, Bo\u017cego B\u0142ogos\u0142awie\u0144stwa i opieki \u015bw. patron\u00f3w.<\/li>\n<li>W tym tygodniu w pi\u0105tek 2 lipca przypada I \u2013 pi\u0105tek miesi\u0105ca. Okazja i mo\u017cliwo\u015b\u0107 spowiedzi od godz. 18.30. W I sobot\u0119 miesi\u0105ca obchodzimy \u015bwi\u0119to \u015bw. Tomasza, Aposto\u0142a. Msza \u015bw. o Niepokalanym Sercu Naj\u015bwi\u0119tszej Maryi Panny o godz. 19.00. Przed Msz\u0105 \u015bw. o godz. 18.30 modlitwa r\u00f3\u017ca\u0144cowa przed Naj\u015bwi\u0119tszym Sakramentem.<\/li>\n<li>W przysz\u0142\u0105 niedziel\u0119 4 lipca przypada pierwsza niedziela miesi\u0105ca. Po Mszy \u015bw. o godz. 11.00 wystawienie Naj\u015bwi\u0119tszego Sakramentu i adoracja Eucharystyczna.<\/li>\n<li>Przypominamy, \u017ce od pocz\u0105tku czerwca w niedziel\u0119 przez okres urlop\u00f3w i wakacji, do ko\u0144ca sierpnia s\u0105 w naszej parafii trzy Msze \u015bwi\u0119te. Dodatkowa trzecia Msza \u015bw. o godz.13.00.<\/li>\n<li>Wszystkim naszym parafianom i osobom przebywaj\u0105cym w naszej parafii \u017cyczymy spokojnej niedzieli oraz dobrego i b\u0142ogos\u0142awionego tygodnia.<\/li>\n<li>Zach\u0119camy do czytania prasy katolickiej.<\/li>\n<\/ol>\n<p style=\"text-align: center;\"><strong>Intencje Mszalne 27 czerwiec \u2013 04 lipiec 2021r.<\/strong><\/p>\n<p><span style=\"color: #0000ff;\"><strong>Nd. 27. VI. 2021 13 NIEDZIELA ZWYK\u0141A<\/strong><\/span><br \/>\ng. 9.00 Int. zam<br \/>\ng. 11.00 + Janin\u0119 i Ireneusza Rudzkich<br \/>\ng. 13.00 + Iren\u0119 w 2 rocz. \u015bm. i Jerzego Trosi\u0144skich; Ann\u0119 i Piotra B\u0105bik<br \/>\nPn. 28.VI g. 7.00 Int. wolna<br \/>\nNabo\u017ce\u0144stwo czerwcowe<br \/>\nWt. 29. VI g. 19.00 Int. wolna<br \/>\nNabo\u017ce\u0144stwo czerwcowe<br \/>\n\u015ar. 30. VI<br \/>\ng. 18.30 Nabo\u017ce\u0144stwo czerwcowe<br \/>\ng. 19.00 + Sebastiana Olko<br \/>\nCzw. 01.VII g. 19.00 Int. wolna<br \/>\nPt. 02. VII g. 19.00 + Henryka Garbacz w 6 rocz. \u015bm.<br \/>\nSob. 03. VII g. 19.00 O Bo\u017ce b\u0142og. i \u0142aski, opiek\u0119 Matki Bo\u017cej dla cz\u0142onki\u0144<br \/>\nK\u017bR Matki Bo\u017cej Bolesnej<br \/>\n<span style=\"color: #0000ff;\"><strong>Nd. 04. VII. 2021 14 NIEDZIELA ZWYK\u0141A<\/strong><\/span><br \/>\ng. 9.00 + El\u017cbiet\u0119 i Mariana Ros\u0142on<br \/>\ng. 11.00 Int. zam.<br \/>\ng. 13.00 + Henryk\u0119 Wo\u017aniak<\/p>\n","protected":false},"excerpt":{"rendered":"<p>W poniedzia\u0142ek 28 czerwca wyj\u0105tkowo Msza \u015bw. o godz. 7.00. Nie b\u0119dzie Mszy \u015bw. o godz. 19.00. We wtorek 29 czerwca Uroczysto\u015b\u0107 \u015bw. Aposto\u0142\u00f3w Piotra i Paw\u0142a. W tym dniu udziela si\u0119 odpustu zupe\u0142nego wiernym, kt\u00f3rzy pos\u0142uguj\u0105c si\u0119 pobo\u017cnie przedmiotami kultu pob\u0142ogos\u0142awionymi przez ojca \u015bwi\u0119tego lub biskupa dodadz\u0105 do swoich [&hellip;]<\/p>\n","protected":false},"author":2,"featured_media":0,"comment_status":"closed","ping_status":"closed","sticky":false,"template":"","format":"standard","meta":[],"categories":[2],"tags":[],"_links":{"self":[{"href":"http:\/\/www.parafiakuligow.pl\/index.php\/wp-json\/wp\/v2\/posts\/1686"}],"collection":[{"href":"http:\/\/www.parafiakuligow.pl\/index.php\/wp-json\/wp\/v2\/posts"}],"about":[{"href":"http:\/\/www.parafiakuligow.pl\/index.php\/wp-json\/wp\/v2\/types\/post"}],"author":[{"embeddable":true,"href":"http:\/\/www.parafiakuligow.pl\/index.php\/wp-json\/wp\/v2\/users\/2"}],"replies":[{"embeddable":true,"href":"http:\/\/www.parafiakuligow.pl\/index.php\/wp-json\/wp\/v2\/comments?post=1686"}],"version-history":[{"count":2,"href":"http:\/\/www.parafiakuligow.pl\/index.php\/wp-json\/wp\/v2\/posts\/1686\/revisions"}],"predecessor-version":[{"id":1688,"href":"http:\/\/www.parafiakuligow.pl\/index.php\/wp-json\/wp\/v2\/posts\/1686\/revisions\/1688"}],"wp:attachment":[{"href":"http:\/\/www.parafiakuligow.pl\/index.php\/wp-json\/wp\/v2\/media?parent=1686"}],"wp:term":[{"taxonomy":"category","embeddable":true,"href":"http:\/\/www.parafiakuligow.pl\/index.php\/wp-json\/wp\/v2\/categories?post=1686"},{"taxonomy":"post_tag","embeddable":true,"href":"http:\/\/www.parafiakuligow.pl\/index.php\/wp-json\/wp\/v2\/tags?post=1686"}],"curies":[{"name":"wp","href":"https:\/\/api.w.org\/{rel}","templated":true}]}}