{"id":1682,"date":"2021-06-20T10:18:11","date_gmt":"2021-06-20T08:18:11","guid":{"rendered":"http:\/\/www.parafiakuligow.pl\/?p=1682"},"modified":"2021-06-20T10:18:49","modified_gmt":"2021-06-20T08:18:49","slug":"20-czerwiec-2021-12-niedziela-zwykla","status":"publish","type":"post","link":"http:\/\/www.parafiakuligow.pl\/index.php\/2021\/06\/20\/20-czerwiec-2021-12-niedziela-zwykla\/","title":{"rendered":"20 czerwiec 2021 &#8211; 12 NIEDZIELA ZWYK\u0141A"},"content":{"rendered":"<ol>\n<li>W ko\u015bcio\u0142ach naszej diecezji dzisiaj po Mszach \u015bw. zbi\u00f3rka do puszek na stypendia naukowe dla ksi\u0119\u017cy studiuj\u0105cych za granic\u0105.<\/li>\n<li>W \u015brod\u0119 23 czerwca obchodzimy Dzie\u0144 Ojca. Wszystkim Ojcom sk\u0142adamy serdeczne \u017cyczenia: \u017cyczymy im zdrowia, opieki \u015bw. J\u00f3zefa i wsparcia od najbli\u017cszych. W tym dniu przypada 16 rocznica \u015bwi\u0119ce\u0144 biskupich Pasterza Diecezji Romualda Kami\u0144skiego.<\/li>\n<li>Msza \u015bw. dzi\u0119kczynna na zako\u0144czenie roku szkolnego w czwartek 24 czerwca godz. 19.00. Spowied\u017a dla dzieci i m\u0142odzie\u017cy od godz. 18.00. Nabo\u017ce\u0144stwo czerwcowe o godz. 18.30. Zach\u0119cam wszystkich do rozpocz\u0119cia wakacji w stanie \u0142aski u\u015bwi\u0119caj\u0105cej. Z racji zako\u0144czenia roku szkolnego wszystkim dzieciom, m\u0142odzie\u017cy, nauczycielom i rodzicom sk\u0142adamy serdeczne gratulacje i \u017cyczymy dobrego, spokojnego odpoczynku, mi\u0142ych wakacji i udanych urlop\u00f3w.<\/li>\n<li>W czwartek 24 czerwca obchodzimy uroczysto\u015b\u0107 Narodzenia \u015bw. Jana Chrzciciela. Msza \u015bw. o godz. 19.00. W tym dniu nie b\u0119dzie Mszy \u015bw. o godz. 7.00.<\/li>\n<li>Wszystkim naszym parafianom i osobom przebywaj\u0105cym w naszej parafii \u017cyczymy spokojnej niedzieli oraz dobrego i b\u0142ogos\u0142awionego tygodnia.<\/li>\n<li>Zach\u0119camy do czytania prasy katolickiej.<\/li>\n<\/ol>\n<p style=\"text-align: center;\"><strong>Intencje Mszalne <\/strong><strong>\u00a020 \u2013 27 czerwiec 2021r.<\/strong><\/p>\n<p><span style=\"color: #0000ff;\"><strong>Nd.\u00a0 20. VI. 2021\u00a0\u00a0\u00a0 <\/strong><\/span><strong><span style=\"color: #0000ff;\">12\u00a0 NIEDZIELA ZWYK\u0141A<\/span><br \/>\n<\/strong>g. 9.00\u00a0 Int. zam<br \/>\ng. 11.00 + Jana Getka<br \/>\ng. 13.00 + Mariann\u0119 Apolinarego \u0141aszcz; Czes\u0142awa Szpadkiewicza<br \/>\n<strong>Pn.\u00a0 21.VI<br \/>\n<\/strong>g. 18.30 \u00a0\u00a0\u00a0Nabo\u017ce\u0144stwo czerwcowe<br \/>\ng. 19.00 \u00a0\u00a0Int. wolna<br \/>\n<strong>Wt.\u00a0 22. VI<br \/>\n<\/strong>g. \u00a0\u00a07.00 \u00a0\u00a0\u00a0\u00a0Int. wolna<br \/>\nNabo\u017ce\u0144stwo czerwcowe<br \/>\n<strong>\u015ar. \u00a023. VI<br \/>\n<\/strong>g. 18.30 \u00a0\u00a0\u00a0Nabo\u017ce\u0144stwo czerwcowe<br \/>\ng. 19.00\u00a0 + Lucyn\u0119 i Jana Buraczewskich<br \/>\n<strong>Czw. 24. VI<br \/>\n<\/strong>g. 18.30<strong> \u00a0\u00a0\u00a0<\/strong>Nabo\u017ce\u0144stwo czerwcowe<br \/>\ng. 19.00 + Jana D\u0105browskiego w dniu imienin<br \/>\n<strong>Pt.\u00a0 \u00a025. VI<br \/>\n<\/strong>g. 18.30 \u00a0\u00a0\u00a0\u00a0Nabo\u017ce\u0144stwo czerwcowe<br \/>\ng. 19.00 + Marka Piecha w 6 rocz. \u015bm.; Alicj\u0119 i Zdzis\u0142awa Piecha; Marcina Piecha<br \/>\n<strong>Sob. \u00a0\u00a026. VI<br \/>\n<\/strong>g. 16.30 Int. zam.<br \/>\ng. 18.30.<strong> \u00a0<\/strong>Nabo\u017ce\u0144stwo czerwcowe<br \/>\ng. 19.00 \u00a0\u00a0Int. zam.<br \/>\n<span style=\"color: #0000ff;\"><strong>Nd.\u00a0 27. VI. 2021\u00a0 \u00a0\u00a0<\/strong><\/span><strong><span style=\"color: #0000ff;\">13\u00a0 NIEDZIELA ZWYK\u0141A<\/span><br \/>\n<\/strong>g. 9.00\u00a0 Int. zam<br \/>\ng. 11.00 + Janin\u0119 i Ireneusza Rudzkich<br \/>\ng. 13.00 + Iren\u0119 w 2 rocz. \u015bm. i Jerzego Trosi\u0144skich; Ann\u0119 i Piotra B\u0105bik<\/p>\n","protected":false},"excerpt":{"rendered":"<p>W ko\u015bcio\u0142ach naszej diecezji dzisiaj po Mszach \u015bw. zbi\u00f3rka do puszek na stypendia naukowe dla ksi\u0119\u017cy studiuj\u0105cych za granic\u0105. W \u015brod\u0119 23 czerwca obchodzimy Dzie\u0144 Ojca. Wszystkim Ojcom sk\u0142adamy serdeczne \u017cyczenia: \u017cyczymy im zdrowia, opieki \u015bw. J\u00f3zefa i wsparcia od najbli\u017cszych. W tym dniu przypada 16 rocznica \u015bwi\u0119ce\u0144 biskupich Pasterza [&hellip;]<\/p>\n","protected":false},"author":2,"featured_media":0,"comment_status":"closed","ping_status":"closed","sticky":false,"template":"","format":"standard","meta":[],"categories":[2],"tags":[],"_links":{"self":[{"href":"http:\/\/www.parafiakuligow.pl\/index.php\/wp-json\/wp\/v2\/posts\/1682"}],"collection":[{"href":"http:\/\/www.parafiakuligow.pl\/index.php\/wp-json\/wp\/v2\/posts"}],"about":[{"href":"http:\/\/www.parafiakuligow.pl\/index.php\/wp-json\/wp\/v2\/types\/post"}],"author":[{"embeddable":true,"href":"http:\/\/www.parafiakuligow.pl\/index.php\/wp-json\/wp\/v2\/users\/2"}],"replies":[{"embeddable":true,"href":"http:\/\/www.parafiakuligow.pl\/index.php\/wp-json\/wp\/v2\/comments?post=1682"}],"version-history":[{"count":2,"href":"http:\/\/www.parafiakuligow.pl\/index.php\/wp-json\/wp\/v2\/posts\/1682\/revisions"}],"predecessor-version":[{"id":1684,"href":"http:\/\/www.parafiakuligow.pl\/index.php\/wp-json\/wp\/v2\/posts\/1682\/revisions\/1684"}],"wp:attachment":[{"href":"http:\/\/www.parafiakuligow.pl\/index.php\/wp-json\/wp\/v2\/media?parent=1682"}],"wp:term":[{"taxonomy":"category","embeddable":true,"href":"http:\/\/www.parafiakuligow.pl\/index.php\/wp-json\/wp\/v2\/categories?post=1682"},{"taxonomy":"post_tag","embeddable":true,"href":"http:\/\/www.parafiakuligow.pl\/index.php\/wp-json\/wp\/v2\/tags?post=1682"}],"curies":[{"name":"wp","href":"https:\/\/api.w.org\/{rel}","templated":true}]}}