{"id":1680,"date":"2021-06-13T09:58:10","date_gmt":"2021-06-13T07:58:10","guid":{"rendered":"http:\/\/www.parafiakuligow.pl\/?p=1680"},"modified":"2021-06-13T09:58:10","modified_gmt":"2021-06-13T07:58:10","slug":"plan-nabozenstwa-do-matki-bozej-w-parafii-mb-loretanskiej-w-kuligowie-dnia-19-czerwca-2021-roku-na-pamiatke-po-nawiedzienu-parafii-przez-nm-panne-w-ikonie-jasnogorskiej","status":"publish","type":"post","link":"http:\/\/www.parafiakuligow.pl\/index.php\/2021\/06\/13\/plan-nabozenstwa-do-matki-bozej-w-parafii-mb-loretanskiej-w-kuligowie-dnia-19-czerwca-2021-roku-na-pamiatke-po-nawiedzienu-parafii-przez-nm-panne-w-ikonie-jasnogorskiej\/","title":{"rendered":"PLAN NABO\u017bE\u0143STWA DO MATKI BO\u017bEJ W PARAFII MB LORETA\u0143SKIEJ W KULIGOWIE DNIA 19 CZERWCA 2021 ROKU NA PAMI\u0104TK\u0118 PO NAWIEDZIENU PARAFII  PRZEZ NM PANN\u0118 W IKONIE JASNOG\u00d3RSKIEJ"},"content":{"rendered":"<ul>\n<li><strong>8:45<\/strong> Godzinki \u00a0ku czci Naj\u015bwi\u0119tszej Maryi Panny<\/li>\n<li><strong>9:00<\/strong> Msza \u015bw. Rozpocz\u0119cie adoracji Naj\u015bw. Sakramentu; litania do Naj\u015bwi\u0119tszej Maryi Panny.<\/li>\n<li><strong>10:00<\/strong> <strong>Czuwanie przy Naj\u015bw. Sakramencie mieszka\u0144c\u00f3w parafii.<br \/>\n<\/strong>\u27a2 <strong>10:00 &#8211; 11:00<\/strong> \u00a0Modlitwa r\u00f3\u017ca\u0144cowa\u00a0 \/ Cz\u0119\u015b\u0107 Radosna \/. Mieszka\u0144cy z ul.:\u00a0Wojska \u00a0Polskiego, Za\u0142ubicka, Brzozowa, Zap\u00f3lna, Cytrynowa.<br \/>\n\u27a2 <strong>11:00 \u2013 12:00<\/strong> \u00a0Modlitwa r\u00f3\u017ca\u0144cowa \/ Cz\u0119\u015b\u0107 \u015awiat\u0142a \/. Mieszka\u0144cy z ul.: Radzymi\u0144ska, Piwna, Choinki, Loreta\u0144ska; Grobla, Le\u015bna, Podle\u015bna, Sosnowa, Bagienna, D\u0119binowa.<br \/>\n\u27a2 <strong>12:00<\/strong> \u00a0<strong>Modlitwa, Anio\u0142 Pa\u0144ski\u2026 .<br \/>\n<\/strong>\u27a2 <strong>13:00 \u2013 14:00<\/strong> \u00a0Modlitwa r\u00f3\u017ca\u0144cowa\u00a0 \/ Cz\u0119\u015b\u0107 Bolesna \/.\u00a0 Mieszka\u0144cy z ul.: Okr\u0119\u017cna, Kr\u0119ta, Wrzosowa, Ko\u015bcielna, Prosta, Lipowa.<br \/>\n\u27a2 <strong>15:00 \u00a0\u00a0Godzina Mi\u0142osierdzia \u00a0( Koronka do Bo\u017cego Mi\u0142osierdzia)<br \/>\n<\/strong>\u27a2 <strong>16:00 \u2013 17:00<\/strong> \u00a0Modlitwa r\u00f3\u017ca\u0144cowa\u00a0 \/ Cz\u0119\u015b\u0107 Chwalebna \/. Mieszka\u0144cy z ul.: Nadbu\u017ca\u0144ska, Serocka, Jagielo\u0144ska, Zakopia\u0144ska, Warszawska, Topolowa.<br \/>\n\u27a2 <strong>17.30<\/strong>\u00a0 Nabo\u017ce\u0144stwo Czerwcowe. Zako\u0144czenie adoracji Naj\u015bwi\u0119tszego Sakramentu<br \/>\n\u27a2 <strong>18:00<\/strong>\u00a0 Msza \u015bw. Maryjna.<\/li>\n<li>Zako\u0144czenie adoracji Naj\u015bwi\u0119tszego Sakramentu. \u00a0Msza \u015bw. Maryjna.<\/li>\n<li>W czasie czuwania podejmujemy\u00a0 \u015bpiewy: Pie\u015bni adoracyjne ku czci Naj\u015bw. Sakramentu i pie\u015bni Maryjne.<\/li>\n<\/ul>\n","protected":false},"excerpt":{"rendered":"<p>8:45 Godzinki \u00a0ku czci Naj\u015bwi\u0119tszej Maryi Panny 9:00 Msza \u015bw. Rozpocz\u0119cie adoracji Naj\u015bw. Sakramentu; litania do Naj\u015bwi\u0119tszej Maryi Panny. 10:00 Czuwanie przy Naj\u015bw. Sakramencie mieszka\u0144c\u00f3w parafii. \u27a2 10:00 &#8211; 11:00 \u00a0Modlitwa r\u00f3\u017ca\u0144cowa\u00a0 \/ Cz\u0119\u015b\u0107 Radosna \/. Mieszka\u0144cy z ul.:\u00a0Wojska \u00a0Polskiego, Za\u0142ubicka, Brzozowa, Zap\u00f3lna, Cytrynowa. \u27a2 11:00 \u2013 12:00 \u00a0Modlitwa r\u00f3\u017ca\u0144cowa [&hellip;]<\/p>\n","protected":false},"author":2,"featured_media":0,"comment_status":"closed","ping_status":"closed","sticky":false,"template":"","format":"standard","meta":[],"categories":[2],"tags":[],"_links":{"self":[{"href":"http:\/\/www.parafiakuligow.pl\/index.php\/wp-json\/wp\/v2\/posts\/1680"}],"collection":[{"href":"http:\/\/www.parafiakuligow.pl\/index.php\/wp-json\/wp\/v2\/posts"}],"about":[{"href":"http:\/\/www.parafiakuligow.pl\/index.php\/wp-json\/wp\/v2\/types\/post"}],"author":[{"embeddable":true,"href":"http:\/\/www.parafiakuligow.pl\/index.php\/wp-json\/wp\/v2\/users\/2"}],"replies":[{"embeddable":true,"href":"http:\/\/www.parafiakuligow.pl\/index.php\/wp-json\/wp\/v2\/comments?post=1680"}],"version-history":[{"count":1,"href":"http:\/\/www.parafiakuligow.pl\/index.php\/wp-json\/wp\/v2\/posts\/1680\/revisions"}],"predecessor-version":[{"id":1681,"href":"http:\/\/www.parafiakuligow.pl\/index.php\/wp-json\/wp\/v2\/posts\/1680\/revisions\/1681"}],"wp:attachment":[{"href":"http:\/\/www.parafiakuligow.pl\/index.php\/wp-json\/wp\/v2\/media?parent=1680"}],"wp:term":[{"taxonomy":"category","embeddable":true,"href":"http:\/\/www.parafiakuligow.pl\/index.php\/wp-json\/wp\/v2\/categories?post=1680"},{"taxonomy":"post_tag","embeddable":true,"href":"http:\/\/www.parafiakuligow.pl\/index.php\/wp-json\/wp\/v2\/tags?post=1680"}],"curies":[{"name":"wp","href":"https:\/\/api.w.org\/{rel}","templated":true}]}}