{"id":1678,"date":"2021-06-13T09:55:14","date_gmt":"2021-06-13T07:55:14","guid":{"rendered":"http:\/\/www.parafiakuligow.pl\/?p=1678"},"modified":"2021-06-13T09:55:14","modified_gmt":"2021-06-13T07:55:14","slug":"13-czerwiec-2021-11-niedziela-zwykla","status":"publish","type":"post","link":"http:\/\/www.parafiakuligow.pl\/index.php\/2021\/06\/13\/13-czerwiec-2021-11-niedziela-zwykla\/","title":{"rendered":"13 czerwiec 2021 &#8211; 11 NIEDZIELA ZWYK\u0141A"},"content":{"rendered":"<ol>\n<li>Trwaj\u0105c w duchowej \u0142\u0105czno\u015bci i modlitwie kierowanej do Serca Pana Jezusa z ks. Biskupem ordynariuszem naszej Diecezji, kt\u00f3ry w dniu dzisiejszym sprawowa\u0107 b\u0119dzie Naj\u015bwi\u0119tsz\u0105 Ofiar\u0119 w Bazylice Serca Jezusowego w Warszawie, w naszym ko\u015bciele<strong>Msza \u015bw. o godz. 18.00<\/strong>. <strong>Nie b\u0119dzie Mszy \u015bw. o godz. 13.00. <\/strong>Nasze modlitwy kierowane do Serca Pana Jezusa niech b\u0119d\u0105 wyrazem czci Bogu za Jego mi\u0142o\u015b\u0107 i mi\u0142osierdzie.<\/li>\n<li>W poniedzia\u0142ek 14 czerwca liturgiczne wspomnienie b\u0142. Micha\u0142a Kozala, biskupa i m\u0119czennika, a w czwartek \u015bw. Brata Alberta Chmielowskiego, zakonnika.<\/li>\n<li>Dzie\u0142o modlitwy Diecezji Warszawsko \u2013 Praskiej na pami\u0105tk\u0119 po nawiedzeniu naszej parafii przez NM Pann\u0119 w Ikonie Jasnog\u00f3rskiej b\u0119dzie w najbli\u017csz\u0105 sobot\u0119 19 czerwca. Rozpoczniemy\u00a0 nasz\u0105 ca\u0142odzienn\u0105 adoracj\u0119 Msz\u0105 \u015bw. o godz. 9.00. O godz. 8.45 Godzinki ku czci NM Panny. \u00a0Przez uczestnictwo we Mszy \u015bw., wsp\u00f3ln\u0105 modlitw\u0119 oraz indywidualn\u0105 \u00a0adoracj\u0119 przed Naj\u015bwi\u0119tszym Sakramentem, b\u0119dziemy prosi\u0107 o Bo\u017ce b\u0142ogos\u0142awie\u0144stwo dla wszelkich przedsi\u0119wzi\u0119\u0107 podejmowanych w naszej diecezji. B\u0119dziemy r\u00f3wnie\u017c poleca\u0107 Bogu i prosi\u0107 o or\u0119downictwo Matki Bo\u017cej dla rodzin\u00a0 naszej parafii: o umocnienie wiary, nadziei i mi\u0142o\u015bci. Do wsp\u00f3lnej modlitwy zapraszamy parafian, w szczeg\u00f3lno\u015bci dzieci, m\u0142odzie\u017c, wszystkie zespo\u0142y modlitewne, dzia\u0142kowicz\u00f3w i go\u015bci. Szczeg\u00f3\u0142y programu w gablocie przy wyj\u015bciu z ko\u015bcio\u0142a i stronie internetowej parafii.<\/li>\n<li>W przysz\u0142\u0105 niedziel\u0119 20 czerwca, zbi\u00f3rka do puszek na stypendia naukowe dla ksi\u0119\u017cy studiuj\u0105cych za granic\u0105.<\/li>\n<li>Zapraszamy na nabo\u017ce\u0144stwa czerwcowe z litani\u0105 do Serca Pana Jezusa. Odprawiamy je codziennie. W tygodniu: we <strong>wtorek<\/strong> i <strong>czwartek<\/strong>\u00a0 <strong>po Mszy \u015bw.<\/strong><strong> porannej o godz. 7.00<\/strong>; w pozosta\u0142e dni <strong>przed Msz\u0105 \u015bw.<\/strong> wieczorn\u0105 o <strong>godz. 18.30; <\/strong>w niedziele <strong>po Mszy \u015bw. o godz. 11.00<\/strong>. W najbli\u017csz\u0105 sobot\u0119 z racji ca\u0142odziennej adoracji przed Naj\u015bw. Sakramentem, nabo\u017ce\u0144stwo czerwcowe o <strong>godz. 17.30<\/strong><\/li>\n<li>Wszystkim naszym parafianom i osobom przebywaj\u0105cym w naszej parafii \u017cyczymy spokojnej niedzieli oraz dobrego i b\u0142ogos\u0142awionego tygodnia.<\/li>\n<\/ol>\n<p style=\"text-align: center;\"><strong>Intencje Mszalne <\/strong><strong>\u00a006 \u2013 13.06. \u00a02021r.<\/strong><\/p>\n<p><span style=\"color: #0000ff;\"><strong>Nd.\u00a0 13. VI. 2021\u00a0\u00a0\u00a0 <\/strong><\/span><strong><span style=\"color: #0000ff;\">11\u00a0 NIEDZIELA ZWYK\u0141A<\/span><br \/>\n<\/strong>g. 9.00\u00a0 + Zm. rodzic\u00f3w; Janin\u0119 i Benedykta, Janin\u0119 Piwowarskich; Mieczys\u0142awa\u00a0Za\u0142\u0119skiego.<br \/>\ng. 11.00 Int. zam.<br \/>\ng. 18.00 Int. zam.<br \/>\n<strong>Pn.\u00a0 14.VI<br \/>\n<\/strong>g. 18.30 \u00a0\u00a0\u00a0Nabo\u017ce\u0144stwo czerwcowe<br \/>\ng. 19.00 \u00a0\u00a0Int. wolna<br \/>\n<strong>Wt.\u00a0 15. VI \u00a0\u00a0\u00a0\u00a0\u00a0<\/strong>g. \u00a0\u00a07.00 \u00a0\u00a0\u00a0\u00a0Int. wolna Nabo\u017ce\u0144stwo czerwcowe<br \/>\n<strong>\u015ar. \u00a016. VI<br \/>\n<\/strong>g. 18.30 \u00a0\u00a0\u00a0Nabo\u017ce\u0144stwo czerwcowe<br \/>\ng. 19.00\u00a0 + Janin\u0119 i Kazimierza Ma\u0144k; J\u00f3zef\u0119, Aleksandra i Tadeusza Wi\u0119cek<br \/>\n<strong>Czw. 17. VI\u00a0\u00a0 \u00a0\u00a0<\/strong>g.\u00a0\u00a0 7.00 \u00a0\u00a0\u00a0\u00a0Int. wolna Nabo\u017ce\u0144stwo czerwcowe<br \/>\n<strong>Pt.\u00a0 \u00a018. VI<br \/>\n<\/strong>g. 18.30 \u00a0\u00a0\u00a0\u00a0Nabo\u017ce\u0144stwo czerwcowe<br \/>\ng. 19.00 + Ew\u0119\u00a0 Drza\u017cd\u017cy\u0144sk\u0105\u00a0 w m-c po \u015bm.<br \/>\n<strong>Sob. \u00a0\u00a019. VI\u00a0\u00a0\u00a0 \u00a0\u00a0\u00a0\u00a0<\/strong><strong>DIECEZJALNY \u00a0DZIE\u0143 \u00a0SKUPIENIA<br \/>\n<\/strong>g. 9:00\u00a0 Msza \u015bw. Rozpocz\u0119cie adoracji Naj\u015bw. Sakramentu; litania do Naj\u015bwi\u0119tszej Maryi Panny<br \/>\ng. 17.30.\u00a0\u00a0 \u00a0Nabo\u017ce\u0144stwo czerwcowe<br \/>\ng. 18.00\u00a0 \u00a0\u00a0+ Janin\u0119 Popielarz w 3 rocz. \u015bm.<br \/>\n<span style=\"color: #0000ff;\"><strong>Nd.\u00a0 20. VI. 2021\u00a0 \u00a0\u00a0<\/strong><\/span><strong><span style=\"color: #0000ff;\">12\u00a0 NIEDZIELA ZWYK\u0141A<\/span><br \/>\n<\/strong>g. 9.00\u00a0 Int. zam<br \/>\ng. 11.00 + Jana Getka<br \/>\ng. 13.00 + Mariann\u0119 Apolinarego \u0141aszcz; Czes\u0142awa Szpadkiewicza<\/p>\n","protected":false},"excerpt":{"rendered":"<p>Trwaj\u0105c w duchowej \u0142\u0105czno\u015bci i modlitwie kierowanej do Serca Pana Jezusa z ks. Biskupem ordynariuszem naszej Diecezji, kt\u00f3ry w dniu dzisiejszym sprawowa\u0107 b\u0119dzie Naj\u015bwi\u0119tsz\u0105 Ofiar\u0119 w Bazylice Serca Jezusowego w Warszawie, w naszym ko\u015bcieleMsza \u015bw. o godz. 18.00. Nie b\u0119dzie Mszy \u015bw. o godz. 13.00. Nasze modlitwy kierowane do Serca [&hellip;]<\/p>\n","protected":false},"author":2,"featured_media":0,"comment_status":"closed","ping_status":"closed","sticky":false,"template":"","format":"standard","meta":[],"categories":[2],"tags":[],"_links":{"self":[{"href":"http:\/\/www.parafiakuligow.pl\/index.php\/wp-json\/wp\/v2\/posts\/1678"}],"collection":[{"href":"http:\/\/www.parafiakuligow.pl\/index.php\/wp-json\/wp\/v2\/posts"}],"about":[{"href":"http:\/\/www.parafiakuligow.pl\/index.php\/wp-json\/wp\/v2\/types\/post"}],"author":[{"embeddable":true,"href":"http:\/\/www.parafiakuligow.pl\/index.php\/wp-json\/wp\/v2\/users\/2"}],"replies":[{"embeddable":true,"href":"http:\/\/www.parafiakuligow.pl\/index.php\/wp-json\/wp\/v2\/comments?post=1678"}],"version-history":[{"count":1,"href":"http:\/\/www.parafiakuligow.pl\/index.php\/wp-json\/wp\/v2\/posts\/1678\/revisions"}],"predecessor-version":[{"id":1679,"href":"http:\/\/www.parafiakuligow.pl\/index.php\/wp-json\/wp\/v2\/posts\/1678\/revisions\/1679"}],"wp:attachment":[{"href":"http:\/\/www.parafiakuligow.pl\/index.php\/wp-json\/wp\/v2\/media?parent=1678"}],"wp:term":[{"taxonomy":"category","embeddable":true,"href":"http:\/\/www.parafiakuligow.pl\/index.php\/wp-json\/wp\/v2\/categories?post=1678"},{"taxonomy":"post_tag","embeddable":true,"href":"http:\/\/www.parafiakuligow.pl\/index.php\/wp-json\/wp\/v2\/tags?post=1678"}],"curies":[{"name":"wp","href":"https:\/\/api.w.org\/{rel}","templated":true}]}}