{"id":1668,"date":"2021-05-22T22:49:46","date_gmt":"2021-05-22T20:49:46","guid":{"rendered":"http:\/\/www.parafiakuligow.pl\/?p=1668"},"modified":"2021-05-22T22:49:46","modified_gmt":"2021-05-22T20:49:46","slug":"23-maj-2021-zeslanie-ducha-swietego","status":"publish","type":"post","link":"http:\/\/www.parafiakuligow.pl\/index.php\/2021\/05\/22\/23-maj-2021-zeslanie-ducha-swietego\/","title":{"rendered":"23 maj 2021 &#8211; ZES\u0141ANIE  DUCHA  \u015aWI\u0118TEGO"},"content":{"rendered":"<ol>\n<li>Dzisiejsz\u0105 uroczysto\u015bci\u0105\u00a0 Zes\u0142ania Ducha \u015awi\u0119tego ko\u0144czymy czas wielkanocny w liturgii Ko\u015bcio\u0142a.\u00a0 Przypominamy o ko\u0144cz\u0105cym si\u0119 okresie Komunii \u015awi\u0119tej wielkanocnej. Od dnia jutrzejszego rozpoczyna si\u0119 Okres Zwyk\u0142y. Za pobo\u017cne uczestnictwo w uroczystym \u015bpiewie lub recytacji hymnu O Stworzycielu Duchu przyjd\u017a, mo\u017cemy uzyska\u0107 odpust zupe\u0142ny.<\/li>\n<li>W tym tygodniu przypadaj\u0105 dwa \u015bwi\u0119ta ko\u015bcielne: w poniedzia\u0142ek 24 maja \u015bwi\u0119to Naj\u015bwi\u0119tszej Maryi Panny, Matki Ko\u015bcio\u0142a; w czwartek 27 maja \u015bwi\u0119to Jezusa Chrystusa Najwy\u017cszego i Wiecznego Kap\u0142ana.<\/li>\n<li>Dzisiaj po Mszy \u015bw. o godz. 11.00 zapraszam na kr\u00f3tkie spotkanie Rad\u0119 Parafialn\u0105.<\/li>\n<li>Zgodnie z zapowiedzi\u0105 w dniu dzisiejszym i w przysz\u0142\u0105 niedziel\u0119 30 maja po Mszach \u015bw. przy wyj\u015bciu z ko\u015bcio\u0142a b\u0119d\u0105 zbierane ofiary na dekoracje i kwiaty na Uroczysto\u015b\u0107 Bo\u017cego Cia\u0142a. Mo\u017cna te\u017c je z\u0142o\u017cy\u0107 osobi\u015bcie do ksi\u0119dza. Za wszystkie ofiary sk\u0142adamy serdeczne B\u00f3g zap\u0142a\u0107.<\/li>\n<li>We wtorek 25 maja wyj\u0105tkowo Msza \u015bw. sprawowana b\u0119dzie o godz. 19.00. Przed Msz\u0105 \u015bw. o godz. 18.30 nabo\u017ce\u0144stwo majowe.<\/li>\n<li>W \u015brod\u0119 26 maja przypada Dzie\u0144\u00a0 Wszystkim mamom sk\u0142adamy serdeczne \u017cyczenia; by by\u0142y dumne ze swoich dzieci, aby cieszy\u0142y si\u0119 ich mi\u0142o\u015bci\u0105 i wdzi\u0119czno\u015bci\u0105. \u017byczymy im zdrowia, opieki Matki Bo\u017cej i wsparcia od najbli\u017cszych.<\/li>\n<li>Ze wzgl\u0119du na spowied\u017a w J\u00f3zefowie w najbli\u017csz\u0105 sobot\u0119 29 maja, nabo\u017ce\u0144stwo majowe zostanie odprawione po Mszy \u015bw. o godz. 19.00.<\/li>\n<li>Od pierwszej niedzieli czerwca w okresie wakacyjnym b\u0119dzie w naszym ko\u015bciele dodatkowa, trzecia Msza \u015bw. o godz. 13.00.<\/li>\n<li>Wszystkim naszym parafianom i osobom przebywaj\u0105cym w naszej parafii \u017cyczymy spokojnej niedzieli oraz dobrego i b\u0142ogos\u0142awionego tygodnia.<\/li>\n<li>Zach\u0119camy do czytania prasy katolickiej.<\/li>\n<\/ol>\n<p style=\"text-align: center;\"><strong>Intencje Mszalne <\/strong><strong>\u00a023 \u2013 30.05. \u00a02021r.<\/strong><\/p>\n<p><span style=\"color: #ff0000;\"><strong>Nd.\u00a0 23. V. 2021\u00a0 \u00a0<\/strong><strong>NIEDZIELA \u00a0ZES\u0141ANIA \u00a0\u00a0DUCHA\u00a0 \u015aWI\u0118TEGO<br \/>\n<\/strong><\/span>g. 9.00\u00a0 Int. zam.<br \/>\ng. 11.00 + Janin\u0119 i Stanis\u0142awa Buczk\u00f3w; Bronis\u0142awa Kaczy\u0144skiego<br \/>\n<strong>Pn.\u00a0 24.V \u00a0\u00a0\u00a0\u00a0\u00a0<\/strong><strong>NAJ\u015aWI\u0118TRZEJ \u00a0MARYI \u00a0PANNY \u00a0MATKI \u00a0KO\u015aCIO\u0141A<br \/>\ng. 18.30 Nabo\u017ce\u0144stwo majowe<br \/>\n<\/strong>g. 19.00 + Lucyn\u0119 Buraczewsk\u0105<br \/>\n<strong>Wt.\u00a0 25. V<br \/>\ng.\u00a0 18.30\u00a0 Nabo\u017ce\u0144stwo majowe<br \/>\n<\/strong>g. 19.00 \u00a0\u00a0+ Jana D\u0105browskiego\u00a0 \u00a0\/11\/<br \/>\n<strong>\u015ar. \u00a026. V<br \/>\n<\/strong>g.\u00a0 18.00\u00a0 + Ew\u0119 Drze\u017cd\u017cy\u0144sk\u0105<br \/>\n<strong>g. 18.30 \u00a0Nabo\u017ce\u0144stwo majowe<br \/>\n<\/strong>g. 19.00\u00a0 + Zofi\u0119 Czerwi\u0144sk\u0105<br \/>\n<strong>Czw. 27. V\u00a0\u00a0\u00a0\u00a0 \u00a0<\/strong>g.\u00a0\u00a0\u00a0 7.00\u00a0 + Jana D\u0105browskiego \u00a0\/12\/<br \/>\n<strong>Pt.\u00a0 \u00a028. V<br \/>\ng.\u00a0 18.30\u00a0 Nabo\u017ce\u0144stwo\u00a0 majowe<br \/>\n<\/strong>g. 19.00\u00a0 + Jana D\u0105browskiego \u00a0\/13\/<br \/>\n<strong>Sob. \u00a0\u00a029. V\u00a0\u00a0\u00a0 \u00a0\u00a0<\/strong>g. 19.00\u00a0\u00a0 Int. zam.<br \/>\n<strong>Nabo\u017ce\u0144stwo majowe\u00a0 po Mszy \u015bw.<br \/>\n<\/strong><span style=\"color: #ff0000;\"><strong>Nd.\u00a0 30. V. 2021\u00a0 \u00a0\u00a0<\/strong><strong>UROCZYSTO\u015a\u0106 \u00a0NAJ\u015aWI\u0118TRZEJ\u00a0\u00a0 TR\u00d3JCY<br \/>\n<\/strong><\/span>g. 9.00 \u00a0Int. zam.<br \/>\ng. 11.00\u00a0 Int. zam.<\/p>\n","protected":false},"excerpt":{"rendered":"<p>Dzisiejsz\u0105 uroczysto\u015bci\u0105\u00a0 Zes\u0142ania Ducha \u015awi\u0119tego ko\u0144czymy czas wielkanocny w liturgii Ko\u015bcio\u0142a.\u00a0 Przypominamy o ko\u0144cz\u0105cym si\u0119 okresie Komunii \u015awi\u0119tej wielkanocnej. Od dnia jutrzejszego rozpoczyna si\u0119 Okres Zwyk\u0142y. Za pobo\u017cne uczestnictwo w uroczystym \u015bpiewie lub recytacji hymnu O Stworzycielu Duchu przyjd\u017a, mo\u017cemy uzyska\u0107 odpust zupe\u0142ny. W tym tygodniu przypadaj\u0105 dwa \u015bwi\u0119ta ko\u015bcielne: [&hellip;]<\/p>\n","protected":false},"author":2,"featured_media":0,"comment_status":"closed","ping_status":"closed","sticky":false,"template":"","format":"standard","meta":[],"categories":[2],"tags":[],"_links":{"self":[{"href":"http:\/\/www.parafiakuligow.pl\/index.php\/wp-json\/wp\/v2\/posts\/1668"}],"collection":[{"href":"http:\/\/www.parafiakuligow.pl\/index.php\/wp-json\/wp\/v2\/posts"}],"about":[{"href":"http:\/\/www.parafiakuligow.pl\/index.php\/wp-json\/wp\/v2\/types\/post"}],"author":[{"embeddable":true,"href":"http:\/\/www.parafiakuligow.pl\/index.php\/wp-json\/wp\/v2\/users\/2"}],"replies":[{"embeddable":true,"href":"http:\/\/www.parafiakuligow.pl\/index.php\/wp-json\/wp\/v2\/comments?post=1668"}],"version-history":[{"count":1,"href":"http:\/\/www.parafiakuligow.pl\/index.php\/wp-json\/wp\/v2\/posts\/1668\/revisions"}],"predecessor-version":[{"id":1669,"href":"http:\/\/www.parafiakuligow.pl\/index.php\/wp-json\/wp\/v2\/posts\/1668\/revisions\/1669"}],"wp:attachment":[{"href":"http:\/\/www.parafiakuligow.pl\/index.php\/wp-json\/wp\/v2\/media?parent=1668"}],"wp:term":[{"taxonomy":"category","embeddable":true,"href":"http:\/\/www.parafiakuligow.pl\/index.php\/wp-json\/wp\/v2\/categories?post=1668"},{"taxonomy":"post_tag","embeddable":true,"href":"http:\/\/www.parafiakuligow.pl\/index.php\/wp-json\/wp\/v2\/tags?post=1668"}],"curies":[{"name":"wp","href":"https:\/\/api.w.org\/{rel}","templated":true}]}}