{"id":1656,"date":"2021-05-01T12:35:26","date_gmt":"2021-05-01T10:35:26","guid":{"rendered":"http:\/\/www.parafiakuligow.pl\/?p=1656"},"modified":"2021-05-01T12:36:05","modified_gmt":"2021-05-01T10:36:05","slug":"02-maj-2021-v-niedziela-wielkanocy","status":"publish","type":"post","link":"http:\/\/www.parafiakuligow.pl\/index.php\/2021\/05\/01\/02-maj-2021-v-niedziela-wielkanocy\/","title":{"rendered":"02 maj 2021 &#8211; V NIEDZIELA WIELKANOCY"},"content":{"rendered":"<p>Do Sakramentu Ma\u0142\u017ce\u0144stwa przygotowuj\u0105 si\u0119 nast\u0119puj\u0105ce osoby:<br \/>\n<strong>Mariusz\u00a0 Jusi\u0144ski<\/strong>, kawaler z par. tut. oraz<br \/>\n<strong>Adrianna\u00a0 Zalewska<\/strong>, panna z par. Przemienienia Pa\u0144skiego \u2013 Radzymin,<br \/>\n<strong>zapowied\u017a\u00a0 I<\/strong>.<br \/>\nKto by wiedzia\u0142 o\u00a0 przeszkodach zachodz\u0105cych mi\u0119dzy tymi osobami, proszony jest o poinformowanie w kancelarii\u00a0 parafialnej. Polecamy tych narzeczonych modlitwie wiernych.<\/p>\n<ol>\n<li>W poniedzia\u0142ek 3 maja uroczysto\u015b\u0107 Naj\u015bw. Maryi Panny, Kr\u00f3lowej Polski, g\u0142\u00f3wnej Patronki Polski. Msze \u015bw. w\/g porz\u0105dku niedzielnego, tj. o godz. 9.00 i 11.00.<\/li>\n<li>Przypominamy, \u017ce od 1 maja do ko\u0144ca wrze\u015bnia tak jak w latach minionych wieczorna Msza \u015bw. w tygodniu b\u0119dzie sprawowana o godzin\u0119 p\u00f3\u017aniej ni\u017c do tej pory, czyli nie o 18.00, ale o godz. 19.00. W niedziel\u0119 i \u015bwi\u0119ta porz\u0105dek bez zmian. Litani\u0119 Loreta\u0144sk\u0105 b\u0119dziemy odmawia\u0107 w dni powszednie: poniedzia\u0142ki, \u015brody, pi\u0105tki i soboty przed Msz\u0105 \u015bw. o godz. 18.30; we wtorki i czwartki po Mszy \u015bw. o godz. 7.00. W niedziel\u0119 i \u015bwi\u0119ta na zako\u0144czenie Mszy \u015bw. o godz.11.00. Serdecznie zapraszamy do wsp\u00f3lnej modlitwy.<\/li>\n<li>We wtorek 4 maja przypada wspomnienie \u015bw. Floriana\u00a0 m\u0119czennika, patrona\u00a0 diecezji warszawsko \u2013 praskiej; a w czwartek 6 maja obchodzimy \u015bwi\u0119to \u015bw. Aposto\u0142\u00f3w Filipa i Jakuba.<\/li>\n<li>W pi\u0105tek przypada I pi\u0105tek miesi\u0105ca. Spowied\u017a od godz. 18.00. Nabo\u017ce\u0144stwo majowe o godz.18.30. Msza \u015bw. o Naj\u015bwi\u0119tszym Sercu Pana Jezusa o godz.19.00.<\/li>\n<li>W I sobot\u0119 miesi\u0105ca 8 maja, uroczysto\u015b\u0107 \u015bw. Stanis\u0142awa Biskupa i M\u0119czennika, g\u0142\u00f3wnego patrona Polski. W tym dniu spowied\u017a dzieci przed \u00a0I Komuni\u0105 \u015bwi\u0119t\u0105 i ich najbli\u017cszych o godzinie 9.00.<\/li>\n<li>Za dwa tygodnie 16 maja na Mszy \u015bw. o godz.12.00 w naszej parafii Uroczysto\u015b\u0107 I Komunii \u015bw. dla 5 dzieci oraz ich rodzin.<\/li>\n<li>W przysz\u0142\u0105 niedziel\u0119 ofiary sk\u0142adane na tac\u0119 przeznaczamy na Wy\u017csze Seminarium Duchowne naszej diecezji.<\/li>\n<li>Wszystkim naszym parafianom i osobom przebywaj\u0105cym w naszej parafii \u017cyczymy spokojnej niedzieli oraz dobrego i b\u0142ogos\u0142awionego tygodnia.<\/li>\n<li>Zach\u0119camy do czytania prasy katolickiej.<\/li>\n<\/ol>\n<p style=\"text-align: center;\"><strong>Intencje Mszalne <\/strong><strong>02 \u2013 09.05.2021r.<\/strong><\/p>\n<p><strong><span style=\"color: #ff0000;\">Nd.\u00a0 02. V. 2021\u00a0\u00a0 \u00a0\u00a0\u00a0V \u00a0NIEDZIELA WIELKANOCY<\/span><br \/>\n<\/strong>g. 9.00\u00a0 Int. zam.<br \/>\ng. 11.00 Int. zam.<br \/>\n<strong><span style=\"color: #ff0000;\">Pn.\u00a0 03. V. 2021\u00a0\u00a0 \u00a0\u00a0Uroczysto\u015b\u0107 NM Panny, Kr\u00f3lowej Polski<\/span><br \/>\n<\/strong>g. 9.00\u00a0 Int. zam.<br \/>\ng. 11.00 Int. zam.<br \/>\n<strong>Wt.\u00a0 04. V \u00a0\u00a0\u00a0\u00a0\u00a0\u00a0<\/strong>g. \u00a0\u00a0\u00a07.00 \u00a0\u00a0Int wolna<br \/>\n<strong>\u015ar. \u00a005. V<br \/>\ng.\u00a0 18.30 \u00a0Nabo\u017ce\u0144stwo majowe<br \/>\n<\/strong>g. 19.00\u00a0 Int. wolna<br \/>\n<strong>Czw. 06. V\u00a0\u00a0\u00a0\u00a0 \u00a0<\/strong>g.\u00a0\u00a0\u00a0 7.00\u00a0 Int. wolna<br \/>\n<strong>Pt.\u00a0 \u00a007. V<br \/>\ng.\u00a0 18.30\u00a0 Nabo\u017ce\u0144stwo majowe<br \/>\n<\/strong>g. 19.00\u00a0 Int. wolna<br \/>\n<strong>Sob. \u00a0\u00a008. V<br \/>\ng.\u00a0 18.30\u00a0 Nabo\u017ce\u0144stwo majowe<br \/>\n<\/strong>g. 19.00 \u00a0+ Kazimier\u0119 Karasiewicz (int. od cz\u0142. K\u017bR MB Bolesnej)<br \/>\n<strong><span style=\"color: #ff0000;\">Nd.\u00a0 09. V. 2021\u00a0\u00a0 \u00a0\u00a0\u00a0VI \u00a0NIEDZIELA WIELKANOCY<\/span><br \/>\n<\/strong>g. 9.00 \u00a0Int. zam.<br \/>\ng. 11.00 Int. zam.<\/p>\n","protected":false},"excerpt":{"rendered":"<p>Do Sakramentu Ma\u0142\u017ce\u0144stwa przygotowuj\u0105 si\u0119 nast\u0119puj\u0105ce osoby: Mariusz\u00a0 Jusi\u0144ski, kawaler z par. tut. oraz Adrianna\u00a0 Zalewska, panna z par. Przemienienia Pa\u0144skiego \u2013 Radzymin, zapowied\u017a\u00a0 I. Kto by wiedzia\u0142 o\u00a0 przeszkodach zachodz\u0105cych mi\u0119dzy tymi osobami, proszony jest o poinformowanie w kancelarii\u00a0 parafialnej. Polecamy tych narzeczonych modlitwie wiernych. W poniedzia\u0142ek 3 maja [&hellip;]<\/p>\n","protected":false},"author":2,"featured_media":0,"comment_status":"closed","ping_status":"closed","sticky":false,"template":"","format":"standard","meta":[],"categories":[2],"tags":[],"_links":{"self":[{"href":"http:\/\/www.parafiakuligow.pl\/index.php\/wp-json\/wp\/v2\/posts\/1656"}],"collection":[{"href":"http:\/\/www.parafiakuligow.pl\/index.php\/wp-json\/wp\/v2\/posts"}],"about":[{"href":"http:\/\/www.parafiakuligow.pl\/index.php\/wp-json\/wp\/v2\/types\/post"}],"author":[{"embeddable":true,"href":"http:\/\/www.parafiakuligow.pl\/index.php\/wp-json\/wp\/v2\/users\/2"}],"replies":[{"embeddable":true,"href":"http:\/\/www.parafiakuligow.pl\/index.php\/wp-json\/wp\/v2\/comments?post=1656"}],"version-history":[{"count":2,"href":"http:\/\/www.parafiakuligow.pl\/index.php\/wp-json\/wp\/v2\/posts\/1656\/revisions"}],"predecessor-version":[{"id":1658,"href":"http:\/\/www.parafiakuligow.pl\/index.php\/wp-json\/wp\/v2\/posts\/1656\/revisions\/1658"}],"wp:attachment":[{"href":"http:\/\/www.parafiakuligow.pl\/index.php\/wp-json\/wp\/v2\/media?parent=1656"}],"wp:term":[{"taxonomy":"category","embeddable":true,"href":"http:\/\/www.parafiakuligow.pl\/index.php\/wp-json\/wp\/v2\/categories?post=1656"},{"taxonomy":"post_tag","embeddable":true,"href":"http:\/\/www.parafiakuligow.pl\/index.php\/wp-json\/wp\/v2\/tags?post=1656"}],"curies":[{"name":"wp","href":"https:\/\/api.w.org\/{rel}","templated":true}]}}