{"id":1651,"date":"2021-04-25T10:28:12","date_gmt":"2021-04-25T08:28:12","guid":{"rendered":"http:\/\/www.parafiakuligow.pl\/?p=1651"},"modified":"2021-04-25T10:30:09","modified_gmt":"2021-04-25T08:30:09","slug":"25-kwiecien-2021-iv-niedziela-wielkanocy","status":"publish","type":"post","link":"http:\/\/www.parafiakuligow.pl\/index.php\/2021\/04\/25\/25-kwiecien-2021-iv-niedziela-wielkanocy\/","title":{"rendered":"25 Kwiecie\u0144 2021 &#8211;  IV  NIEDZIELA  WIELKANOCY"},"content":{"rendered":"<ol>\n<li>W Czwartek 29 kwietnia obchodzimy \u015bwi\u0119to \u015bw. Katarzyny Siene\u0144skiej, dziewicy i doktora Ko\u015bcio\u0142a, patronki Europy.<\/li>\n<li>W tym tygodniu rozpoczynamy miesi\u0105c maj, po\u015bwi\u0119cony w spos\u00f3b szczeg\u00f3lny ku czci Matki Bo\u017cej. Litani\u0119 Loreta\u0144sk\u0105 b\u0119dziemy odmawia\u0107 w dni powszednie: poniedzia\u0142ki, \u015brody, pi\u0105tki i soboty przed Msz\u0105 \u015bw. o godz. 18.30; we wtorki i czwartki \u00a0po Mszy \u015bw. o godz. 7.00. W niedziel\u0119 i \u015bwi\u0119ta na zako\u0144czenie Mszy \u015bw. o godz.11.00. Serdecznie zapraszamy do wsp\u00f3lnej modlitwy.<\/li>\n<li>Od m-ca maja \/ od najbli\u017cszej\u00a0 soboty \/ do ko\u0144ca wrze\u015bnia tak jak w latach minionych, wieczorna Msza \u015bw. b\u0119dzie sprawowana o godzin\u0119 p\u00f3\u017aniej ni\u017c do tej pory, czyli nie o 18.00, ale o godz. 19.00. W niedziel\u0119 i \u015bwi\u0119ta porz\u0105dek bez zmian.<\/li>\n<li>Spotkanie rodzic\u00f3w i dzieci przygotowuj\u0105cych si\u0119 do I Komunii \u015bw. w najbli\u017cszy pi\u0105tek 30 kwietnia przed Msz\u0105 \u015bw. o godz. 16.30. Obecno\u015b\u0107 obowi\u0105zkowa.<\/li>\n<li>Za trzy tygodnie 16 maja na Mszy \u015bw. o godz.12.00 w naszej parafii Uroczysto\u015b\u0107 I Komunii \u015bw. dla 5 dzieci oraz ich rodzin.<\/li>\n<li>Panom Micha\u0142owi Ptak i Przemys\u0142awowi Pietrucha dzi\u0119kuj\u0119 za wykonane na terenie przyko\u015bcielnym prace ogrodowe. Dzi\u0119kuj\u0119 r\u00f3wnie\u017c panom; Grzegorzowi Karasiewiczowi i Marcinowi Soko\u0142owskiemu za prace przy zabezpieczeniu ramy okiennej okna z wizerunkiem Matki Bo\u017cej na zewn\u0105trz ko\u015bcio\u0142a. Serdeczne B\u00f3g zap\u0142a\u0107.<\/li>\n<li>Wszystkim naszym parafianom i osobom przebywaj\u0105cym w naszej parafii \u017cyczymy spokojnej niedzieli oraz dobrego i b\u0142ogos\u0142awionego tygodnia.<\/li>\n<li>Zach\u0119camy do czytania prasy katolickiej.<\/li>\n<\/ol>\n<p style=\"text-align: center;\"><strong>Intencje Mszalne <\/strong><strong>\u00a025.04 \u2013 02.05.2021r.<\/strong><\/p>\n<p><strong><span style=\"color: #ff0000;\">Nd.\u00a0 25. IV. 2021\u00a0\u00a0 \u00a0\u00a0\u00a0IV \u00a0NIEDZIELA WIELKANOCY<\/span><br \/>\n<\/strong>g. 9.00\u00a0 Int. zam.<br \/>\ng. 11.00 Int. zam.<br \/>\n<strong>Pn.\u00a0 \u00a026. IV<\/strong>\u00a0\u00a0 \u00a0\u00a0g.\u00a0 18.00\u00a0 \u00a0Int. wolna<br \/>\n<strong>Wt.\u00a0 27. IV \u00a0\u00a0\u00a0\u00a0\u00a0<\/strong>g. \u00a0\u00a0\u00a07.00 \u00a0\u00a0Int wolna<br \/>\n<strong>\u015ar. \u00a028. IV\u00a0\u00a0\u00a0 \u00a0<\/strong>g.\u00a0 18.00\u00a0 + Helen\u0119 Mazurkiewicz<br \/>\n<strong>Czw. 29. IV\u00a0\u00a0\u00a0\u00a0 <\/strong>g.\u00a0\u00a0\u00a0 7.00\u00a0 Int. wolna<br \/>\n<strong>Pt.\u00a0 \u00a030. IV\u00a0\u00a0\u00a0 \u00a0\u00a0<\/strong>g.\u00a0\u00a0 18.00\u00a0 + Janin\u0119 Garbacz w 21 rocz. \u015bm.<br \/>\n<strong>Sob. \u00a0\u00a001. V\u00a0\u00a0\u00a0 \u00a0\u00a0\u00a0<\/strong>g.<strong> \u00a0\u00a0<\/strong>18.00 \u00a0Int. zam.<br \/>\n<strong><span style=\"color: #ff0000;\">Nd.\u00a0 02. V. 2021\u00a0\u00a0 \u00a0\u00a0\u00a0V \u00a0NIEDZIELA WIELKANOCY<\/span><br \/>\n<\/strong>g. 9.00 \u00a0Int. zam.<br \/>\ng. 11.00 Int. zam.<\/p>\n","protected":false},"excerpt":{"rendered":"<p>W Czwartek 29 kwietnia obchodzimy \u015bwi\u0119to \u015bw. Katarzyny Siene\u0144skiej, dziewicy i doktora Ko\u015bcio\u0142a, patronki Europy. W tym tygodniu rozpoczynamy miesi\u0105c maj, po\u015bwi\u0119cony w spos\u00f3b szczeg\u00f3lny ku czci Matki Bo\u017cej. Litani\u0119 Loreta\u0144sk\u0105 b\u0119dziemy odmawia\u0107 w dni powszednie: poniedzia\u0142ki, \u015brody, pi\u0105tki i soboty przed Msz\u0105 \u015bw. o godz. 18.30; we wtorki i [&hellip;]<\/p>\n","protected":false},"author":2,"featured_media":0,"comment_status":"closed","ping_status":"closed","sticky":false,"template":"","format":"standard","meta":[],"categories":[2],"tags":[],"_links":{"self":[{"href":"http:\/\/www.parafiakuligow.pl\/index.php\/wp-json\/wp\/v2\/posts\/1651"}],"collection":[{"href":"http:\/\/www.parafiakuligow.pl\/index.php\/wp-json\/wp\/v2\/posts"}],"about":[{"href":"http:\/\/www.parafiakuligow.pl\/index.php\/wp-json\/wp\/v2\/types\/post"}],"author":[{"embeddable":true,"href":"http:\/\/www.parafiakuligow.pl\/index.php\/wp-json\/wp\/v2\/users\/2"}],"replies":[{"embeddable":true,"href":"http:\/\/www.parafiakuligow.pl\/index.php\/wp-json\/wp\/v2\/comments?post=1651"}],"version-history":[{"count":3,"href":"http:\/\/www.parafiakuligow.pl\/index.php\/wp-json\/wp\/v2\/posts\/1651\/revisions"}],"predecessor-version":[{"id":1654,"href":"http:\/\/www.parafiakuligow.pl\/index.php\/wp-json\/wp\/v2\/posts\/1651\/revisions\/1654"}],"wp:attachment":[{"href":"http:\/\/www.parafiakuligow.pl\/index.php\/wp-json\/wp\/v2\/media?parent=1651"}],"wp:term":[{"taxonomy":"category","embeddable":true,"href":"http:\/\/www.parafiakuligow.pl\/index.php\/wp-json\/wp\/v2\/categories?post=1651"},{"taxonomy":"post_tag","embeddable":true,"href":"http:\/\/www.parafiakuligow.pl\/index.php\/wp-json\/wp\/v2\/tags?post=1651"}],"curies":[{"name":"wp","href":"https:\/\/api.w.org\/{rel}","templated":true}]}}