{"id":1644,"date":"2021-04-12T08:36:43","date_gmt":"2021-04-12T06:36:43","guid":{"rendered":"http:\/\/www.parafiakuligow.pl\/?p=1644"},"modified":"2021-04-12T08:37:18","modified_gmt":"2021-04-12T06:37:18","slug":"11-kwiecien-2020-ii-niedziela-wielkanocy-bozego-milosierdzia","status":"publish","type":"post","link":"http:\/\/www.parafiakuligow.pl\/index.php\/2021\/04\/12\/11-kwiecien-2020-ii-niedziela-wielkanocy-bozego-milosierdzia\/","title":{"rendered":"11 Kwiecie\u0144 2020 &#8211; II NIEDZIELA WIELKANOCY &#8211; BO\u017bEGO MI\u0141OSIERDZIA"},"content":{"rendered":"<ol>\n<li>Dzi\u015b z racji \u015awi\u0119ta Bo\u017cego Mi\u0142osierdzia po Mszy \u015bw. o godz.11.00 wsp\u00f3lnie odm\u00f3wimy koronk\u0119 do Mi\u0142osierdzia\u00a0 Bo\u017cego. Z t\u0105 modlitw\u0105 zwi\u0105zana jest mo\u017cliwo\u015b\u0107 uzyskania odpustu zupe\u0142nego dla tych, kt\u00f3rzy wolni s\u0105 od przywi\u0105zania do grzechu i s\u0105 w stanie \u0142aski u\u015bwi\u0119caj\u0105cej. Po nabo\u017ce\u0144stwie spotkanie dla rodzic\u00f3w i dzieci przygotowuj\u0105cych si\u0119 do I Komunii \u015bwi\u0119tej. Obecno\u015b\u0107 obowi\u0105zkowa.<br \/>\nTaca dnia dzisiejszego przeznaczona jest na dzie\u0142a charytatywne \u201eCaritas\u201d naszej Diecezji.<\/li>\n<li>Wszystkim naszym parafianom i osobom przebywaj\u0105cym w naszej parafii \u017cyczymy spokojnej niedzieli oraz dobrego i b\u0142ogos\u0142awionego tygodnia.<\/li>\n<li>Zach\u0119camy do czytania prasy katolickiej.<\/li>\n<\/ol>\n<p style=\"text-align: center;\"><strong>Intencje Mszalne <\/strong><strong>\u00a011 \u2013 18 kwiecie\u0144 \u00a02021r.<\/strong><\/p>\n<p><span style=\"color: #ff0000;\"><strong>Nd.\u00a0 11. IV. 2021\u00a0\u00a0 \u00a0\u00a0\u00a0II \u00a0NIEDZIELA WIELKANOCY <\/strong><strong>\u00a0\u00a0\u00a0\u00a0\u00a0\u00a0\u00a0\u00a0\u00a0\u00a0\u00a0\u00a0\u00a0\u00a0\u00a0\u00a0\u00a0\u00a0\u00a0\u00a0\u00a0\u00a0\u00a0\u00a0\u00a0\u00a0\u00a0\u00a0\u00a0\u00a0\u00a0\u00a0\u00a0\u00a0\u00a0\u00a0\u00a0\u00a0\u00a0\u00a0\u00a0\u00a0\u00a0 <u>NIEDZIELA BO\u017bEGO MI\u0141OSIERDZIA<br \/>\n<\/u><\/strong><\/span>g. 9.00 \u00a0+ Leokadi\u0119 i Jana Baranowskich; dziadk\u00f3w Baranowskich i Jusi\u0144skich<br \/>\ng. 11.00 + Wies\u0142aw\u0119 Ga\u0142eck\u0105 w 1 rocz. \u015bm.; Aniel\u0119 i Wac\u0142awa Ga\u0142eckich; Genowef\u0119 i Henryka Jeznackich<br \/>\n<strong>Pn.\u00a0 \u00a012. IV<\/strong>\u00a0\u00a0 \u00a0\u00a0g.\u00a0 18.00\u00a0 Int. wolna<br \/>\n<strong>Wt.\u00a0 13. IV \u00a0\u00a0\u00a0\u00a0\u00a0<\/strong>g. \u00a0\u00a0\u00a07.00 \u00a0\u00a0Int wolna<br \/>\n<strong>\u015ar. \u00a0\u00a014. IV\u00a0\u00a0\u00a0 <\/strong>g.\u00a0 18.00\u00a0 Int. wolna<br \/>\n<strong>Czw. 15. IV\u00a0\u00a0\u00a0\u00a0 <\/strong>g.\u00a0\u00a0\u00a0 7.00\u00a0 Int. wolna<br \/>\n<strong>Pt.\u00a0 \u00a016. IV\u00a0\u00a0\u00a0 \u00a0\u00a0<\/strong>g.\u00a0\u00a0 18.00\u00a0 Int. wolna<br \/>\n<strong>Sob. \u00a0\u00a017. IV\u00a0\u00a0\u00a0 \u00a0\u00a0<\/strong>g.<strong> \u00a0\u00a0<\/strong>18.00 \u00a0int. wolna<br \/>\n<span style=\"color: #ff0000;\"><strong>Nd.\u00a0 18. IV. 2021\u00a0\u00a0 \u00a0\u00a0\u00a0III \u00a0NIEDZIELA WIELKANOCY<br \/>\n<\/strong><\/span>g. 9.00 \u00a0+ Kazimier\u0119 Bieleck\u0105 w 18 rocz. \u015bm.<br \/>\ng. 11.00 Int. zam.<\/p>\n","protected":false},"excerpt":{"rendered":"<p>Dzi\u015b z racji \u015awi\u0119ta Bo\u017cego Mi\u0142osierdzia po Mszy \u015bw. o godz.11.00 wsp\u00f3lnie odm\u00f3wimy koronk\u0119 do Mi\u0142osierdzia\u00a0 Bo\u017cego. Z t\u0105 modlitw\u0105 zwi\u0105zana jest mo\u017cliwo\u015b\u0107 uzyskania odpustu zupe\u0142nego dla tych, kt\u00f3rzy wolni s\u0105 od przywi\u0105zania do grzechu i s\u0105 w stanie \u0142aski u\u015bwi\u0119caj\u0105cej. Po nabo\u017ce\u0144stwie spotkanie dla rodzic\u00f3w i dzieci przygotowuj\u0105cych si\u0119 [&hellip;]<\/p>\n","protected":false},"author":2,"featured_media":0,"comment_status":"closed","ping_status":"closed","sticky":false,"template":"","format":"standard","meta":[],"categories":[2],"tags":[],"_links":{"self":[{"href":"http:\/\/www.parafiakuligow.pl\/index.php\/wp-json\/wp\/v2\/posts\/1644"}],"collection":[{"href":"http:\/\/www.parafiakuligow.pl\/index.php\/wp-json\/wp\/v2\/posts"}],"about":[{"href":"http:\/\/www.parafiakuligow.pl\/index.php\/wp-json\/wp\/v2\/types\/post"}],"author":[{"embeddable":true,"href":"http:\/\/www.parafiakuligow.pl\/index.php\/wp-json\/wp\/v2\/users\/2"}],"replies":[{"embeddable":true,"href":"http:\/\/www.parafiakuligow.pl\/index.php\/wp-json\/wp\/v2\/comments?post=1644"}],"version-history":[{"count":2,"href":"http:\/\/www.parafiakuligow.pl\/index.php\/wp-json\/wp\/v2\/posts\/1644\/revisions"}],"predecessor-version":[{"id":1646,"href":"http:\/\/www.parafiakuligow.pl\/index.php\/wp-json\/wp\/v2\/posts\/1644\/revisions\/1646"}],"wp:attachment":[{"href":"http:\/\/www.parafiakuligow.pl\/index.php\/wp-json\/wp\/v2\/media?parent=1644"}],"wp:term":[{"taxonomy":"category","embeddable":true,"href":"http:\/\/www.parafiakuligow.pl\/index.php\/wp-json\/wp\/v2\/categories?post=1644"},{"taxonomy":"post_tag","embeddable":true,"href":"http:\/\/www.parafiakuligow.pl\/index.php\/wp-json\/wp\/v2\/tags?post=1644"}],"curies":[{"name":"wp","href":"https:\/\/api.w.org\/{rel}","templated":true}]}}