{"id":1639,"date":"2021-04-05T09:01:47","date_gmt":"2021-04-05T07:01:47","guid":{"rendered":"http:\/\/www.parafiakuligow.pl\/?p=1639"},"modified":"2021-04-06T12:27:37","modified_gmt":"2021-04-06T10:27:37","slug":"04-kwiecien-2020-niedziela-zmartwychwstania-panskiego","status":"publish","type":"post","link":"http:\/\/www.parafiakuligow.pl\/index.php\/2021\/04\/05\/04-kwiecien-2020-niedziela-zmartwychwstania-panskiego\/","title":{"rendered":"04 Kwiecie\u0144 2020 &#8211; NIEDZIELA ZMARTWYCHWSTANIA PA\u0143SKIEGO"},"content":{"rendered":"<ol>\n<li>Jutro II dzie\u0144 \u015awi\u0105t Wielkanocnych i czwarty dzie\u0144 Nowenny do Mi\u0142osierdzia Bo\u017cego. Msze \u015bw. w\/g porz\u0105dku niedzielnego o godz. 9.00 i 11.00. Taca na Katolicki Uniwersytet lubelski.<\/li>\n<li>Przypominamy, \u017ce ka\u017cdego si\u00f3dmego dnia miesi\u0105ca pocz\u0105wszy od stycznia br. modlimy si\u0119 o nowe powo\u0142ania kap\u0142a\u0144skie, do \u017cycia konsekrowanego i na misje dla naszej diecezji za wstawiennictwem b\u0142. Ks. Ignacego K\u0142opotowskiego.<\/li>\n<li>W najbli\u017cszy pi\u0105tek 9 kwietnia z racji Oktawy Wielkanocy mo\u017cna spo\u017cywa\u0107 pokarmy mi\u0119sne.<\/li>\n<li>W przysz\u0142\u0105 niedziel\u0119 11 kwietnia po Mszy \u015bw. o godz.11.00 spotkanie dla Rodzic\u00f3w i dzieci przygotowuj\u0105cych si\u0119 do I Komunii \u015bwi\u0119tej. Obecno\u015b\u0107 obowi\u0105zkowa.<\/li>\n<li>Pragn\u0119 serdecznie podzi\u0119kowa\u0107 wszystkim, kt\u00f3rzy po\u015bwi\u0119cili sw\u00f3j czas, prac\u0119 i \u015brodki, by pom\u00f3c ca\u0142ej naszej wsp\u00f3lnocie w prze\u017cywaniu Wielkiego Tygodnia i \u015awi\u0105t Wielkanocnych. W spos\u00f3b szczeg\u00f3lny dzi\u0119kuj\u0119 paniom: Miros\u0142awie Karasiewicz, p. Gra\u017cynie i Tadeuszowi Sta\u0144czak, El\u017cbiecie Chrzanowskiej za pomoc w przygotowaniu ciemnicy i Grobu Pa\u0144skiego; P. Izie Czarneckiej za przygotowanie palmy na niedziel\u0119 palmow\u0105. Dzi\u0119kuj\u0119 p. Miros\u0142awowi Kuligowskiemu prezesowi OSP w Kuligowie i stra\u017cy za pomoc w Wielk\u0105 Sobot\u0119 i tradycyjne czuwanie przy Grobie Pa\u0144skim, oraz wszystkim, kt\u00f3rzy z\u0142o\u017cyli i zbierali ofiary na kwiaty do O\u0142tarza Przechowania (Ciemnicy) i Grobu Pa\u0144skiego. Dzi\u0119kuj\u0119 ministrantom w przygotowaniu liturgii i tym, kt\u00f3rzy z \u017cyczliwo\u015bci\u0105 nas wspomagali. Serdeczne B\u00f3g zap\u0142a\u0107.<\/li>\n<li>W tych trudnych dla nas wszystkich chwilach, kiedy wzmagamy si\u0119 z pandemi\u0105 koronawirusa, \u017cycz\u0119 wszystkim naszym parafianom i go\u015bciom przede wszystkim zdrowych, b\u0142ogos\u0142awionych i duchowo owocnych \u015awi\u0105t Wielkanocnych. Niech Dobry B\u00f3g strze\u017ce i dobrem otacza; mi\u0142o\u015b\u0107 niech wype\u0142nia nasze serca; nadzieja niech pozwoli z ufno\u015bci\u0105 patrze\u0107 w przysz\u0142o\u015b\u0107 i przyniesie si\u0142\u0119 w chwilach niepokoju i smutku; wiara umacnia, kiedy rzeczywisto\u015b\u0107 przera\u017ca a \u015awiat\u0142o\u015b\u0107 p\u0142yn\u0105ca ze Zmartwychwstania niech utwierdza nasz\u0105 wiar\u0119 w zwyci\u0119stwo dobra nad z\u0142em, \u017cycia nad \u015bmierci\u0105, mi\u0142o\u015bci nad nienawi\u015bci\u0105. Tego \u017cyczmy sobie i swoim bliskim, aby\u015bmy mogli wsp\u00f3lnie przetrwa ten trudny czas. Szcz\u0119\u015b\u0107 Bo\u017ce.<\/li>\n<li>Zach\u0119camy do czytania prasy katolickiej.<\/li>\n<\/ol>\n<p style=\"text-align: center;\"><strong>Intencje Mszalne 04 \u2013 11 kwiecie\u0144 2021r.<\/strong><\/p>\n<p><span style=\"color: #ff0000;\">Nd. 04. IV. 2021 NIEDZIELA ZMARTWYCHWSTANIA PA\u0143SKIEGO<br \/>\n<\/span>g. 6.00 REZUREKCJA &#8211; w int. Parafian<br \/>\ng. 11.00 + Boles\u0142awa Czerwi\u0144skiego<br \/>\n<span style=\"color: #ff0000;\">Pn. 05. IV II Dzie\u0144 \u015awi\u0105t Wielkanocnych Poniedzia\u0142ek w oktawie Wielkanocy<br \/>\n<\/span>g. 9.00\u00a0 Int. zam.<br \/>\ng. 11.00 Int. zam.<br \/>\nWt. 06. IV g. 7.00 Int wolna<br \/>\n\u015ar. 07. IV g. 18.00 + Jana i Franciszk\u0119 Teperek; Karola i Leokadi\u0119<br \/>\nCichockich; Antonin\u0119 \u0141askot<br \/>\nCzw. 08. IV g. 7.00 Int. wolna<br \/>\nPt. 09. IV g. 18.00 + Wincentego Gawlik ( int. od uczestnik\u00f3w pogrzebu)<br \/>\nSob. 10. IV g. 18.00 int. wolna<br \/>\n<span style=\"color: #ff0000;\">Nd. 11. IV. 2021 II NIEDZIELA WIELKANOCY &#8211; NIEDZIELA BO\u017bEGO MI\u0141OSIERDZIA<br \/>\n<\/span>g. 9.00 + Leokadi\u0119 i Jana Baranowskich; dziadk\u00f3w Baranowskich i Jusi\u0144skich<br \/>\ng. 11.00 + Wies\u0142aw\u0119 Ga\u0142eck\u0105 w 1 rocz. \u015bm.; Aniel\u0119 i Wac\u0142awa Ga\u0142eckich; Genowef\u0119 i Henryka Jeznackich<\/p>\n","protected":false},"excerpt":{"rendered":"<p>Jutro II dzie\u0144 \u015awi\u0105t Wielkanocnych i czwarty dzie\u0144 Nowenny do Mi\u0142osierdzia Bo\u017cego. Msze \u015bw. w\/g porz\u0105dku niedzielnego o godz. 9.00 i 11.00. Taca na Katolicki Uniwersytet lubelski. Przypominamy, \u017ce ka\u017cdego si\u00f3dmego dnia miesi\u0105ca pocz\u0105wszy od stycznia br. modlimy si\u0119 o nowe powo\u0142ania kap\u0142a\u0144skie, do \u017cycia konsekrowanego i na misje dla [&hellip;]<\/p>\n","protected":false},"author":2,"featured_media":0,"comment_status":"closed","ping_status":"closed","sticky":false,"template":"","format":"standard","meta":[],"categories":[2],"tags":[],"_links":{"self":[{"href":"http:\/\/www.parafiakuligow.pl\/index.php\/wp-json\/wp\/v2\/posts\/1639"}],"collection":[{"href":"http:\/\/www.parafiakuligow.pl\/index.php\/wp-json\/wp\/v2\/posts"}],"about":[{"href":"http:\/\/www.parafiakuligow.pl\/index.php\/wp-json\/wp\/v2\/types\/post"}],"author":[{"embeddable":true,"href":"http:\/\/www.parafiakuligow.pl\/index.php\/wp-json\/wp\/v2\/users\/2"}],"replies":[{"embeddable":true,"href":"http:\/\/www.parafiakuligow.pl\/index.php\/wp-json\/wp\/v2\/comments?post=1639"}],"version-history":[{"count":3,"href":"http:\/\/www.parafiakuligow.pl\/index.php\/wp-json\/wp\/v2\/posts\/1639\/revisions"}],"predecessor-version":[{"id":1642,"href":"http:\/\/www.parafiakuligow.pl\/index.php\/wp-json\/wp\/v2\/posts\/1639\/revisions\/1642"}],"wp:attachment":[{"href":"http:\/\/www.parafiakuligow.pl\/index.php\/wp-json\/wp\/v2\/media?parent=1639"}],"wp:term":[{"taxonomy":"category","embeddable":true,"href":"http:\/\/www.parafiakuligow.pl\/index.php\/wp-json\/wp\/v2\/categories?post=1639"},{"taxonomy":"post_tag","embeddable":true,"href":"http:\/\/www.parafiakuligow.pl\/index.php\/wp-json\/wp\/v2\/tags?post=1639"}],"curies":[{"name":"wp","href":"https:\/\/api.w.org\/{rel}","templated":true}]}}