{"id":1621,"date":"2021-03-15T09:59:05","date_gmt":"2021-03-15T08:59:05","guid":{"rendered":"http:\/\/www.parafiakuligow.pl\/?p=1621"},"modified":"2021-03-15T09:59:05","modified_gmt":"2021-03-15T08:59:05","slug":"14-marzec-2021-iv-niedziela-wielkiego-postu","status":"publish","type":"post","link":"http:\/\/www.parafiakuligow.pl\/index.php\/2021\/03\/15\/14-marzec-2021-iv-niedziela-wielkiego-postu\/","title":{"rendered":"14 Marzec 2021 &#8211; IV NIEDZIELA WIELKIEGO POSTU"},"content":{"rendered":"<ol>\n<li>Dzi\u0119kujemy za \u015bwiadectwo wiary tym, kt\u00f3rzy uczestniczyli w parafialnych rekolekcjach wielkopostnych i przyst\u0105pili do spowiedzi \u015bwi\u0119tej. Wszystkich, kt\u00f3rzy uczestniczy\u0107 w rekolekcjach nie mogli, zach\u0119camy do przyj\u0119cia sakramentu pokuty przed \u015bwi\u0119tami Zmartwychwstania Pa\u0144skiego.<\/li>\n<li>Ze wzgl\u0119du na spowied\u017a w J\u00f3zefowie w poniedzia\u0142ek 15 marca, zmiana godziny Mszy \u015bw. Zamiast Mszy wieczornej w poniedzia\u0142ek b\u0119dzie Msza o godz. 7.00 rano. W pozosta\u0142e dni bez zmian.<\/li>\n<li>W pi\u0105tek 19 marca przypada Uroczysto\u015b\u0107 \u015bw. J\u00f3zefa Oblubie\u0144ca NM Panny. Wszystkim solenizantom i solenizantkom sk\u0142adamy \u017cyczenia Bo\u017cego B\u0142ogos\u0142awie\u0144stwa i opieki patrona. Msza \u015bw. o godz. 18.00.<\/li>\n<li>Zbi\u00f3rka na kwiaty do grobu Pana Jezusa w najbli\u017csz\u0105 niedziel\u0119 21 marca i za dwa tygodnie \u00a028 marca po Mszach \u015bwi\u0119tych przy wyj\u015bciu z ko\u015bcio\u0142a. Je\u015bli komu\u015b b\u0119dzie wygodniej mo\u017cna te\u017c z\u0142o\u017cy\u0107 ofiar\u0119 osobi\u015bcie do ksi\u0119dza. Serdeczne B\u00f3g zap\u0142a\u0107 za wszystkie z\u0142o\u017cone ofiary.<\/li>\n<li>W przysz\u0142\u0105 niedziel\u0119 21 marca po Mszy \u015bw. o godz.11.00 spotkanie dla Rodzic\u00f3w i dzieci przygotowuj\u0105cych si\u0119 do\u00a0 I Komunii \u015bwi\u0119tej.<\/li>\n<li>Wszystkim parafianom i go\u015bciom \u017cyczymy zdrowia, b\u0142ogos\u0142awionej niedzieli i dobrego tygodnia.<\/li>\n<li>Zach\u0119camy do czytania prasy katolickiej.<\/li>\n<\/ol>\n<p style=\"text-align: center;\"><strong>Intencje Mszalne <\/strong><strong>14 \u2013 21\u00a0 Marzec 2021r.<\/strong><\/p>\n<p><strong><span style=\"color: #ff0000;\">Nd.\u00a0 14. III. 2021\u00a0\u00a0\u00a0 IV NIEDZIELA WIELKIEGO POSTU<\/span><br \/>\n<\/strong>g. 9.00 \u00a0Int. zam.<br \/>\ng. 11.00 Int. zam.<br \/>\n<strong>Pn.\u00a0\u00a0 <\/strong><strong>15<\/strong><strong>. III<\/strong>\u00a0\u00a0\u00a0\u00a0 g. \u00a0\u00a0\u00a07.00 \u00a0+ Urszul\u0119 Getka\u00a0 \/11\/<br \/>\n<strong>Wt.\u00a0 <\/strong><strong>16.<\/strong><strong> III \u00a0\u00a0\u00a0\u00a0<\/strong>g. \u00a0\u00a0\u00a07.00 \u00a0+ Urszul\u0119 Getka\u00a0 \/12\/<br \/>\n<strong>\u015ar. \u00a0\u00a0<\/strong><strong>17. III\u00a0\u00a0\u00a0\u00a0 <\/strong>g.\u00a0 18.00\u00a0 Dzi\u0119kczynna w 51 rocz. urodzin<br \/>\n<strong>Czw. \u00a018. III\u00a0\u00a0\u00a0\u00a0 <\/strong>g.\u00a0\u00a0\u00a0 \u00a07.00\u00a0 + Urszul\u0119 Getka \u00a0\/13\/<br \/>\n<strong>Pt.\u00a0 \u00a019. III<br \/>\n<\/strong>g. 17.30\u00a0\u00a0\u00a0\u00a0 \u00a0DROGA\u00a0 KRZY\u017bOWA<strong><br \/>\n<\/strong>g. 18.00\u00a0 + Urszul\u0119 Getka\u00a0 \/14\/<br \/>\n<strong>Sob. \u00a0\u00a020. III\u00a0\u00a0\u00a0\u00a0 <\/strong>g.<strong> \u00a0\u00a0<\/strong>18.00\u00a0 Int. zam.<br \/>\n<strong><span style=\"color: #ff0000;\">Nd.\u00a0 21. III. 2021\u00a0\u00a0\u00a0 V NIEDZIELA WIELKIEGO POSTU<\/span><br \/>\n<\/strong>g. 9.00 \u00a0Int. zam.<br \/>\ng. 11.00 \u00a0Int. zam.<\/p>\n","protected":false},"excerpt":{"rendered":"<p>Dzi\u0119kujemy za \u015bwiadectwo wiary tym, kt\u00f3rzy uczestniczyli w parafialnych rekolekcjach wielkopostnych i przyst\u0105pili do spowiedzi \u015bwi\u0119tej. Wszystkich, kt\u00f3rzy uczestniczy\u0107 w rekolekcjach nie mogli, zach\u0119camy do przyj\u0119cia sakramentu pokuty przed \u015bwi\u0119tami Zmartwychwstania Pa\u0144skiego. Ze wzgl\u0119du na spowied\u017a w J\u00f3zefowie w poniedzia\u0142ek 15 marca, zmiana godziny Mszy \u015bw. Zamiast Mszy wieczornej w [&hellip;]<\/p>\n","protected":false},"author":2,"featured_media":0,"comment_status":"closed","ping_status":"closed","sticky":false,"template":"","format":"standard","meta":[],"categories":[2],"tags":[],"_links":{"self":[{"href":"http:\/\/www.parafiakuligow.pl\/index.php\/wp-json\/wp\/v2\/posts\/1621"}],"collection":[{"href":"http:\/\/www.parafiakuligow.pl\/index.php\/wp-json\/wp\/v2\/posts"}],"about":[{"href":"http:\/\/www.parafiakuligow.pl\/index.php\/wp-json\/wp\/v2\/types\/post"}],"author":[{"embeddable":true,"href":"http:\/\/www.parafiakuligow.pl\/index.php\/wp-json\/wp\/v2\/users\/2"}],"replies":[{"embeddable":true,"href":"http:\/\/www.parafiakuligow.pl\/index.php\/wp-json\/wp\/v2\/comments?post=1621"}],"version-history":[{"count":1,"href":"http:\/\/www.parafiakuligow.pl\/index.php\/wp-json\/wp\/v2\/posts\/1621\/revisions"}],"predecessor-version":[{"id":1622,"href":"http:\/\/www.parafiakuligow.pl\/index.php\/wp-json\/wp\/v2\/posts\/1621\/revisions\/1622"}],"wp:attachment":[{"href":"http:\/\/www.parafiakuligow.pl\/index.php\/wp-json\/wp\/v2\/media?parent=1621"}],"wp:term":[{"taxonomy":"category","embeddable":true,"href":"http:\/\/www.parafiakuligow.pl\/index.php\/wp-json\/wp\/v2\/categories?post=1621"},{"taxonomy":"post_tag","embeddable":true,"href":"http:\/\/www.parafiakuligow.pl\/index.php\/wp-json\/wp\/v2\/tags?post=1621"}],"curies":[{"name":"wp","href":"https:\/\/api.w.org\/{rel}","templated":true}]}}