{"id":1617,"date":"2021-03-07T10:12:48","date_gmt":"2021-03-07T09:12:48","guid":{"rendered":"http:\/\/www.parafiakuligow.pl\/?p=1617"},"modified":"2021-03-07T10:12:48","modified_gmt":"2021-03-07T09:12:48","slug":"07-marzec-2021-iii-niedziela-wielkiego-postu","status":"publish","type":"post","link":"http:\/\/www.parafiakuligow.pl\/index.php\/2021\/03\/07\/07-marzec-2021-iii-niedziela-wielkiego-postu\/","title":{"rendered":"07 Marzec 2021 &#8211; III NIEDZIELA WIELKIEGO POSTU"},"content":{"rendered":"<ol>\n<li>Dzisiejsza niedziela jest w naszej diecezji dniem modlimy si\u0119 o nowe\u00a0 powo\u0142ania kap\u0142a\u0144skie, do \u017cycia konsekrowanego i na misje dla naszej diecezji za wstawiennictwem b\u0142. Ks. Ignacego K\u0142opotowskiego.<\/li>\n<li>Tydzie\u0144 temu w zbi\u00f3rce do puszek na dzie\u0142o misyjne \u201e ad Gentes\u201d zebrali\u015bmy 230 z\u0142. B\u00f3g zap\u0142a\u0107 za ka\u017cd\u0105 z\u0142o\u017con\u0105\u00a0 na misj\u0119 ofiar\u0119.<\/li>\n<li>Od \u015brody 10 marca w naszej parafii rozpoczynamy Nowenn\u0119 do \u015bw. J\u00f3zefa Oblubie\u0144ca NM Panny, przygotowuj\u0105c\u0105 do uroczysto\u015bci \u015bw. J\u00f3zefa. Przygotowuj\u0105c si\u0119 do tej uroczysto\u015bci mo\u017cemy zaopatrzy\u0107\u00a0 si\u0119 w foldery, w kt\u00f3rych zamieszczone s\u0105 modlitwy ku czci \u015bw. Patrona. B\u0119dziemy j\u0105 odprawia\u0107 przez kolejne dni podczas Mszy \u015bw. \u00a0Zapraszamy do wsp\u00f3lnej modlitwy.<\/li>\n<li>Zapraszamy do udzia\u0142u w wielkopostnych nabo\u017ce\u0144stwach ku czci M\u0119ki Pa\u0144skiej. Droga krzy\u017cowa w pi\u0105tki o godz. 17.30. Gorzkie \u017bale w niedziele po Mszy \u015bw. o godz. 11.00.<\/li>\n<li>Wszystkim parafianom i go\u015bciom \u017cyczymy zdrowia, b\u0142ogos\u0142awionej niedzieli i dobrego tygodnia.<\/li>\n<li>Zach\u0119camy do czytania prasy katolickiej.<\/li>\n<\/ol>\n<p><strong>Intencje Mszalne <\/strong><strong>07 \u2013 14\u00a0 Marzec 2021r.<\/strong><\/p>\n<p><strong><span style=\"color: #ff0000;\">Nd.\u00a0 07. III. 2021\u00a0\u00a0\u00a0 III NIEDZIELA WIELKIEGO POSTU<\/span><br \/>\n<\/strong>g. 9.00 \u00a0Int. zam.<br \/>\ng. 11.00 Int. zam.<br \/>\n<strong>Pn.\u00a0\u00a0 <\/strong><strong>08<\/strong><strong>. III<\/strong>\u00a0\u00a0\u00a0\u00a0 g. \u00a018.00 \u00a0+ Urszul\u0119 Getka\u00a0 \/7\/<br \/>\n<strong>Wt.\u00a0 <\/strong><strong>09.<\/strong><strong> III \u00a0\u00a0\u00a0\u00a0<\/strong>g. \u00a0\u00a0\u00a07.00 \u00a0+ Urszul\u0119 Getka\u00a0 \/8\/<br \/>\n<strong>\u015ar. \u00a0\u00a0<\/strong><strong>10. III\u00a0\u00a0\u00a0\u00a0\u00a0 <\/strong>g.\u00a0 18.00\u00a0 + Urszul\u0119 Getka\u00a0 \/9\/<br \/>\n<strong>Czw. \u00a011. III\u00a0\u00a0\u00a0\u00a0 <\/strong>g.\u00a0\u00a0\u00a0 \u00a07.00\u00a0 + Urszul\u0119 Getka \u00a0\/10\/<br \/>\n<strong>Pt.\u00a0 \u00a012. III\u00a0\u00a0\u00a0 \u00a0\u00a0\u00a0\u00a0\u00a0\u00a0\u00a0DROGA\u00a0 KRZY\u017bOWA<br \/>\n<\/strong>g. 18.00\u00a0 + Urszul\u0119 Getka\u00a0 \/ int. od rodz. Laskowskich i Walczak \/<br \/>\n<strong>Sob. 13. III<br \/>\n<\/strong>g.<strong> \u00a0\u00a0<\/strong>17.30\u00a0 + Janin\u0119 i J\u00f3zefa Wo\u017aniak\u00f3w; W\u0142adys\u0142awa i Zygmunta Wi\u0119c\u0142awskich<br \/>\ng. 18.00\u00a0 + Paw\u0142a i Kazimierza<br \/>\n<strong><span style=\"color: #ff0000;\">Nd.\u00a0 14. III. 2021\u00a0\u00a0\u00a0 IV NIEDZIELA WIELKIEGO POSTU<\/span><br \/>\n<\/strong>g. 9.00 \u00a0Int. zam.<br \/>\ng. 11.00 \u00a0Int. zam.<\/p>\n","protected":false},"excerpt":{"rendered":"<p>Dzisiejsza niedziela jest w naszej diecezji dniem modlimy si\u0119 o nowe\u00a0 powo\u0142ania kap\u0142a\u0144skie, do \u017cycia konsekrowanego i na misje dla naszej diecezji za wstawiennictwem b\u0142. Ks. Ignacego K\u0142opotowskiego. Tydzie\u0144 temu w zbi\u00f3rce do puszek na dzie\u0142o misyjne \u201e ad Gentes\u201d zebrali\u015bmy 230 z\u0142. B\u00f3g zap\u0142a\u0107 za ka\u017cd\u0105 z\u0142o\u017con\u0105\u00a0 na misj\u0119 [&hellip;]<\/p>\n","protected":false},"author":2,"featured_media":0,"comment_status":"closed","ping_status":"closed","sticky":false,"template":"","format":"standard","meta":[],"categories":[2],"tags":[],"_links":{"self":[{"href":"http:\/\/www.parafiakuligow.pl\/index.php\/wp-json\/wp\/v2\/posts\/1617"}],"collection":[{"href":"http:\/\/www.parafiakuligow.pl\/index.php\/wp-json\/wp\/v2\/posts"}],"about":[{"href":"http:\/\/www.parafiakuligow.pl\/index.php\/wp-json\/wp\/v2\/types\/post"}],"author":[{"embeddable":true,"href":"http:\/\/www.parafiakuligow.pl\/index.php\/wp-json\/wp\/v2\/users\/2"}],"replies":[{"embeddable":true,"href":"http:\/\/www.parafiakuligow.pl\/index.php\/wp-json\/wp\/v2\/comments?post=1617"}],"version-history":[{"count":1,"href":"http:\/\/www.parafiakuligow.pl\/index.php\/wp-json\/wp\/v2\/posts\/1617\/revisions"}],"predecessor-version":[{"id":1618,"href":"http:\/\/www.parafiakuligow.pl\/index.php\/wp-json\/wp\/v2\/posts\/1617\/revisions\/1618"}],"wp:attachment":[{"href":"http:\/\/www.parafiakuligow.pl\/index.php\/wp-json\/wp\/v2\/media?parent=1617"}],"wp:term":[{"taxonomy":"category","embeddable":true,"href":"http:\/\/www.parafiakuligow.pl\/index.php\/wp-json\/wp\/v2\/categories?post=1617"},{"taxonomy":"post_tag","embeddable":true,"href":"http:\/\/www.parafiakuligow.pl\/index.php\/wp-json\/wp\/v2\/tags?post=1617"}],"curies":[{"name":"wp","href":"https:\/\/api.w.org\/{rel}","templated":true}]}}