{"id":1607,"date":"2021-02-17T11:21:50","date_gmt":"2021-02-17T10:21:50","guid":{"rendered":"http:\/\/www.parafiakuligow.pl\/?p=1607"},"modified":"2021-02-17T11:21:50","modified_gmt":"2021-02-17T10:21:50","slug":"14-luty-2021-vi-niedziela-zwykla","status":"publish","type":"post","link":"http:\/\/www.parafiakuligow.pl\/index.php\/2021\/02\/17\/14-luty-2021-vi-niedziela-zwykla\/","title":{"rendered":"14 Luty  2021 &#8211; VI  NIEDZIELA  ZWYK\u0141A"},"content":{"rendered":"<ol>\n<li>Dzi\u015b po ka\u017cdej Mszy \u015bw. zbi\u00f3rka do puszek na chorych obj\u0119tych opiek\u0105 \u201e Caritas\u201d Naszej Diecezji.<\/li>\n<li>W \u015arod\u0119 Popielcow\u0105 17 lutego rozpoczynamy liturgiczny okres Wielkiego Postu, czas duchowej odnowy oraz przygotowania do obchodu Paschy i \u015awi\u0105t Wielkanocnych. Msza \u015bw. w naszym ko\u015bciele o godz.18.00. Zapraszamy do udzia\u0142u w nabo\u017ce\u0144stwach ku czci M\u0119ki Pa\u0144skiej.<\/li>\n<\/ol>\n<ul>\n<li><strong>Droga Krzy\u017cowa<\/strong> w <strong>pi\u0105tki o godz. 17.30<\/strong><\/li>\n<li><strong>Gorzkie \u017bale<\/strong> w <strong>niedziel\u0119 po Mszy \u015bw. o godz. 11.00<\/strong>.<\/li>\n<\/ul>\n<p>Nabo\u017ce\u0144stwo to b\u0119dziemy odprawia\u0107 we wszystkie niedziele Wielkiego Postu.<\/p>\n<p><strong>Przypominamy przepisy postne.<\/strong><\/p>\n<p>&#8211; Wstrzemi\u0119\u017aliwo\u015b\u0107 od pokarm\u00f3w mi\u0119snych obowi\u0105zuje wszystkich, kt\u00f3rzy uko\u0144czyli 14 rok \u017cycia we wszystkie pi\u0105tki roku i \u015arod\u0119 popielcow\u0105.<\/p>\n<p>&#8211; Post \u015bcis\u0142y czyli ilo\u015bciowy obowi\u0105zuje w \u015arod\u0119 popielcow\u0105 i w Wielki Pi\u0105tek wszystkich, pomi\u0119dzy 18 a 60 rokiem \u017cycia.<\/p>\n<p>Przepisy postne nie obowi\u0105zuj\u0105 ludzi chorych. Uzasadniona niemo\u017cliwo\u015b\u0107 ich zachowania np. korzystanie z formy zbiorowego \u017cywienia wymaga od chrze\u015bcijanina podj\u0119cia innych form pokuty.<\/p>\n<ol start=\"3\">\n<li>Rekolekcje wielkopostne w naszej parafii przewidujemy 5,6, i 7 marca tj. w pi\u0105tek, sobot\u0119 i niedziel\u0119 \/ III niedziela Wielkiego Postu \/. Msze \u015bw. 5 i 6 marca o godz. 11.00 i 18.00. W niedziel\u0119 wg porz\u0105dku niedzielnego:<br \/>\no godz. 9.00 i 11.00. W sobot\u0119 6 marca mo\u017cliwo\u015b\u0107 spowiedzi.<br \/>\nRekolekcje poprowadzi ks. Piotr Pierzcha\u0142a, dyr. Wydzia\u0142u Katechetycznego naszej Diecezji. W\u0142\u0105czmy\u00a0 to wydarzenie do naszych plan\u00f3w i do naszej modlitwy.<\/li>\n<li>Wszystkim parafianom i go\u015bciom \u017cyczymy zdrowia, b\u0142ogos\u0142awionej niedzieli i dobrego tygodnia.<\/li>\n<\/ol>\n<p><strong>Intencje Mszalne <\/strong><strong>14 &#8211; 21 Luty 2021r.<\/strong><\/p>\n<p><strong><span style=\"color: #ff0000;\">Nd.\u00a0 14. II. 2021\u00a0\u00a0\u00a0 VI\u00a0 Niedziela\u00a0 Zwyk\u0142a<\/span><br \/>\n<\/strong>g. 9.00 \u00a0+ Mieczys\u0142awa\u00a0 \u015anieci\u0144skiego<br \/>\ng. 11.00 + Halin\u0119 Augustyniak; Krzysztofa, Aleksandra i Ann\u0119 Augustyniak<br \/>\n<strong>Pn.\u00a0\u00a0 <\/strong><strong>15<\/strong><strong>. II<\/strong>\u00a0\u00a0\u00a0\u00a0 g. \u00a018.00 \u00a0Int. wolna<br \/>\n<strong>Wt.\u00a0 <\/strong><strong>16.<\/strong><strong> II \u00a0\u00a0\u00a0\u00a0<\/strong>g. \u00a0\u00a0\u00a07.00 \u00a0Int. wolna<br \/>\n<strong>\u015ar. \u00a0\u00a0<\/strong><strong>17.<\/strong><strong> II\u00a0\u00a0 <\/strong>\u00a0\u00a0<strong>\u015aRODA \u00a0\u00a0POPIELCOWA<br \/>\ng. <\/strong>18.00\u00a0 + Zofi\u0119 i Aleksandra Kowalskich i zm. z rodziny.<br \/>\n<strong>Czw. 18. II\u00a0\u00a0\u00a0\u00a0 \u00a0\u00a0<\/strong>g.\u00a0\u00a0\u00a0 \u00a07.00\u00a0 Int. wolna<br \/>\n<strong>Pt.\u00a0 19. II<br \/>\n<\/strong>g.\u00a0\u00a0 17.30\u00a0 <strong>DROGA KRZY\u017bOWA<br \/>\n<\/strong>g. 18.00\u00a0 Int. wolna<br \/>\n<strong>Sob.\u00a0 20. II\u00a0\u00a0\u00a0 <\/strong>\u00a0\u00a0<strong>\u00a0<\/strong>g.\u00a0 \u00a018.00\u00a0 Int. wolna<br \/>\n<strong><span style=\"color: #ff0000;\">Nd.\u00a0 21. II. 2021\u00a0\u00a0\u00a0 I\u00a0 NIEDZIELA WIELKIEGO POSTU<\/span><br \/>\n<\/strong>g. 9.00 \u00a0Dzi\u0119k.\u2013 b\u0142ag. o Bo\u017ce b\u0142ogos\u0142awie\u0144stwo i \u0142aski, opiek\u0119 Matki Bo\u017cej dla rodzin: Gajdek, Wieczorek, Kun, Niew\u0119g\u0142owskich i Roszczyk<br \/>\ng. 11.00 Int. zam.<\/p>\n","protected":false},"excerpt":{"rendered":"<p>Dzi\u015b po ka\u017cdej Mszy \u015bw. zbi\u00f3rka do puszek na chorych obj\u0119tych opiek\u0105 \u201e Caritas\u201d Naszej Diecezji. W \u015arod\u0119 Popielcow\u0105 17 lutego rozpoczynamy liturgiczny okres Wielkiego Postu, czas duchowej odnowy oraz przygotowania do obchodu Paschy i \u015awi\u0105t Wielkanocnych. Msza \u015bw. w naszym ko\u015bciele o godz.18.00. Zapraszamy do udzia\u0142u w nabo\u017ce\u0144stwach ku [&hellip;]<\/p>\n","protected":false},"author":2,"featured_media":0,"comment_status":"closed","ping_status":"closed","sticky":false,"template":"","format":"standard","meta":[],"categories":[2],"tags":[],"_links":{"self":[{"href":"http:\/\/www.parafiakuligow.pl\/index.php\/wp-json\/wp\/v2\/posts\/1607"}],"collection":[{"href":"http:\/\/www.parafiakuligow.pl\/index.php\/wp-json\/wp\/v2\/posts"}],"about":[{"href":"http:\/\/www.parafiakuligow.pl\/index.php\/wp-json\/wp\/v2\/types\/post"}],"author":[{"embeddable":true,"href":"http:\/\/www.parafiakuligow.pl\/index.php\/wp-json\/wp\/v2\/users\/2"}],"replies":[{"embeddable":true,"href":"http:\/\/www.parafiakuligow.pl\/index.php\/wp-json\/wp\/v2\/comments?post=1607"}],"version-history":[{"count":1,"href":"http:\/\/www.parafiakuligow.pl\/index.php\/wp-json\/wp\/v2\/posts\/1607\/revisions"}],"predecessor-version":[{"id":1608,"href":"http:\/\/www.parafiakuligow.pl\/index.php\/wp-json\/wp\/v2\/posts\/1607\/revisions\/1608"}],"wp:attachment":[{"href":"http:\/\/www.parafiakuligow.pl\/index.php\/wp-json\/wp\/v2\/media?parent=1607"}],"wp:term":[{"taxonomy":"category","embeddable":true,"href":"http:\/\/www.parafiakuligow.pl\/index.php\/wp-json\/wp\/v2\/categories?post=1607"},{"taxonomy":"post_tag","embeddable":true,"href":"http:\/\/www.parafiakuligow.pl\/index.php\/wp-json\/wp\/v2\/tags?post=1607"}],"curies":[{"name":"wp","href":"https:\/\/api.w.org\/{rel}","templated":true}]}}