{"id":1604,"date":"2021-02-08T10:37:51","date_gmt":"2021-02-08T09:37:51","guid":{"rendered":"http:\/\/www.parafiakuligow.pl\/?p=1604"},"modified":"2021-02-08T10:37:51","modified_gmt":"2021-02-08T09:37:51","slug":"7-luty-2021-v-niedziela-zwykla","status":"publish","type":"post","link":"http:\/\/www.parafiakuligow.pl\/index.php\/2021\/02\/08\/7-luty-2021-v-niedziela-zwykla\/","title":{"rendered":"7 Luty  2021         V  NIEDZIELA  ZWYK\u0141A"},"content":{"rendered":"<ol>\n<li>Dzi\u015b z racji I niedzieli miesi\u0105ca po Mszy \u015bwi\u0119tej o godz. 11.00 Wystawienie Naj\u015bwi\u0119tszego Sakramentu i adoracja eucharystyczna podczas kt\u00f3rej b\u0119dziemy modlili si\u0119 o powo\u0142ania kap\u0142a\u0144skie, zakonne i misyjne.<\/li>\n<li>Na pomoc materialn\u0105 dla mieszka\u0144c\u00f3w Chorwacji , kt\u00f3rzy ucierpieli na skutek trz\u0119sienia ziemi \u00a0zebrali\u015bmy w minion\u0105 \u00a0niedziel\u0119 \u00a0450 z\u0142otych. Wszystkim ofiarodawcom serdeczne B\u00f3g zap\u0142a\u0107.<\/li>\n<li>W czwartek 11 lutego obchodzimy 28 \u015awiatowy Dzie\u0144 Chorego. W przysz\u0142\u0105 niedziel\u0119 po Mszach \u015bw. zbi\u00f3rka do puszek Caritas na leczenie i rehabilitacje chorych obj\u0119tych opiek\u0105 \u201e Caritas\u201d naszej Diecezji.<\/li>\n<li>Wszystkim parafianom i go\u015bciom \u017cyczymy b\u0142ogos\u0142awionej niedzieli i dobrego tygodnia.<\/li>\n<li>Zach\u0119camy do czytania prasy katolickiej.<\/li>\n<\/ol>\n<p style=\"text-align: center;\"><strong>Intencje Mszalne <\/strong><strong>07 &#8211; 14 Luty 2021r.<\/strong><\/p>\n<p><strong><span style=\"color: #ff0000;\">Nd.\u00a0 07. II. 2021\u00a0\u00a0\u00a0 V\u00a0 Niedziela\u00a0 Zwyk\u0142a<\/span><br \/>\n<\/strong>g. 9.00 \u00a0+ Dariusza i W\u0142odzimierza Pielak\u00a0 \/9\/<br \/>\ng. 11.00 O Bo\u017ce b\u0142og., opiek\u0119 Matki Bo\u017cej i zdrowie dla rodziny Jaworskich<br \/>\nP<strong>n.\u00a0\u00a0 08. II<\/strong>\u00a0\u00a0\u00a0\u00a0 g. \u00a018.00 \u00a0+ Dariusza Pielak\u00a0 \/10\/<br \/>\n<strong>Wt.\u00a0 09. II \u00a0\u00a0\u00a0\u00a0<\/strong>g. \u00a0\u00a0\u00a07.00 \u00a0Int. wolna<br \/>\n<strong>\u015ar. \u00a010. II\u00a0\u00a0 <\/strong>\u00a0\u00a0\u00a0g.\u00a0 18.00\u00a0 Int. wolna<br \/>\n<strong>Czw. 11. II\u00a0\u00a0\u00a0\u00a0 \u00a0\u00a0<\/strong>g.\u00a0\u00a0\u00a0 \u00a07.00\u00a0 Int. wolna<br \/>\n<strong>Pt.\u00a0 12. II\u00a0\u00a0\u00a0 \u00a0\u00a0\u00a0<\/strong>g.\u00a0 \u00a018.00\u00a0 Int. wolna<br \/>\n<strong>Sob.\u00a0 13. II\u00a0\u00a0\u00a0 <\/strong>\u00a0\u00a0<strong>\u00a0<\/strong>g.\u00a0 \u00a018.00\u00a0 + Jerzego Aniszewskiego w 1 rocz. \u015bm.; Bernarda, Janin\u0119 i Bernadyna Mianowskich<br \/>\n<strong><span style=\"color: #ff0000;\">Nd.\u00a0 14. II. 2021\u00a0\u00a0\u00a0 VI\u00a0 Niedziela\u00a0 Zwyk\u0142a<\/span><br \/>\n<\/strong>g. 9.00 \u00a0Int. wolna<br \/>\ng. 11.00 + Halin\u0119 Augustyniak; Krzysztofa, Aleksandra i Ann\u0119 Augustyniak<\/p>\n","protected":false},"excerpt":{"rendered":"<p>Dzi\u015b z racji I niedzieli miesi\u0105ca po Mszy \u015bwi\u0119tej o godz. 11.00 Wystawienie Naj\u015bwi\u0119tszego Sakramentu i adoracja eucharystyczna podczas kt\u00f3rej b\u0119dziemy modlili si\u0119 o powo\u0142ania kap\u0142a\u0144skie, zakonne i misyjne. Na pomoc materialn\u0105 dla mieszka\u0144c\u00f3w Chorwacji , kt\u00f3rzy ucierpieli na skutek trz\u0119sienia ziemi \u00a0zebrali\u015bmy w minion\u0105 \u00a0niedziel\u0119 \u00a0450 z\u0142otych. Wszystkim ofiarodawcom [&hellip;]<\/p>\n","protected":false},"author":2,"featured_media":0,"comment_status":"closed","ping_status":"closed","sticky":false,"template":"","format":"standard","meta":[],"categories":[2],"tags":[],"_links":{"self":[{"href":"http:\/\/www.parafiakuligow.pl\/index.php\/wp-json\/wp\/v2\/posts\/1604"}],"collection":[{"href":"http:\/\/www.parafiakuligow.pl\/index.php\/wp-json\/wp\/v2\/posts"}],"about":[{"href":"http:\/\/www.parafiakuligow.pl\/index.php\/wp-json\/wp\/v2\/types\/post"}],"author":[{"embeddable":true,"href":"http:\/\/www.parafiakuligow.pl\/index.php\/wp-json\/wp\/v2\/users\/2"}],"replies":[{"embeddable":true,"href":"http:\/\/www.parafiakuligow.pl\/index.php\/wp-json\/wp\/v2\/comments?post=1604"}],"version-history":[{"count":1,"href":"http:\/\/www.parafiakuligow.pl\/index.php\/wp-json\/wp\/v2\/posts\/1604\/revisions"}],"predecessor-version":[{"id":1605,"href":"http:\/\/www.parafiakuligow.pl\/index.php\/wp-json\/wp\/v2\/posts\/1604\/revisions\/1605"}],"wp:attachment":[{"href":"http:\/\/www.parafiakuligow.pl\/index.php\/wp-json\/wp\/v2\/media?parent=1604"}],"wp:term":[{"taxonomy":"category","embeddable":true,"href":"http:\/\/www.parafiakuligow.pl\/index.php\/wp-json\/wp\/v2\/categories?post=1604"},{"taxonomy":"post_tag","embeddable":true,"href":"http:\/\/www.parafiakuligow.pl\/index.php\/wp-json\/wp\/v2\/tags?post=1604"}],"curies":[{"name":"wp","href":"https:\/\/api.w.org\/{rel}","templated":true}]}}