{"id":1600,"date":"2021-02-01T08:19:50","date_gmt":"2021-02-01T07:19:50","guid":{"rendered":"http:\/\/www.parafiakuligow.pl\/?p=1600"},"modified":"2021-02-01T08:23:07","modified_gmt":"2021-02-01T07:23:07","slug":"31-styczen-2021-iv-niedziela-zwykla","status":"publish","type":"post","link":"http:\/\/www.parafiakuligow.pl\/index.php\/2021\/02\/01\/31-styczen-2021-iv-niedziela-zwykla\/","title":{"rendered":"31 stycze\u0144 2021 &#8211; IV NIEDZIELA ZWYK\u0141A"},"content":{"rendered":"<ol>\n<li>Dzi\u015b po Mszy \u015bw. o godz. 11.00 spotkanie rodzic\u00f3w i dzieci przygotowuj\u0105cych si\u0119 do I Komunii \u015bw. Zgodnie z zapowiedzi\u0105 w dniu dzisiejszym po ka\u017cdej Mszy \u015bw. zbi\u00f3rka do puszek dla poszkodowanych mieszka\u0144c\u00f3w Chorwacji w wyniku trz\u0119sienia ziemi.<\/li>\n<li>We wtorek 2 lutego \u015awi\u0119to Ofiarowania Pa\u0144skiego \/Matki Bo\u017cej Gromnicznej\/. Msza \u015bw. o godz. 18.00. Przynosimy ze sob\u0105 \u015bwiece. W tym dniu przypada tak\u017ce Dzie\u0144\u00a0 \u017bycia\u00a0 Konsekrowanego. Ofiary sk\u0142adane na tac\u0119 przeznaczamy na zakony klauzurowe.<\/li>\n<li>5 lutego przypada pierwszy pi\u0105tek miesi\u0105ca, okazja i mo\u017cliwo\u015b\u0107 spowiedzi od godz.17.30. Msza \u015bwi\u0119ta do Naj\u015bwi\u0119tszego Serca Pana Jezusa o godz. 18.00. W tym dniu w liturgii wspominamy \u015bw. Agat\u0119, dziewic\u0119 i m\u0119czennic\u0119.<\/li>\n<li>W pierwsz\u0105 sobot\u0119 miesi\u0105ca Msza \u015bw. o Niepokalanym sercu Naj\u015bwi\u0119tszej Maryi Panny o godz. 18.00. Przed Msz\u0105 \u015bw. o godz. 17.30 modlitwa r\u00f3\u017ca\u0144cowa.<\/li>\n<li>W przysz\u0142\u0105 niedziel\u0119 7 lutego \u00a0z racji I niedzieli miesi\u0105ca po Mszy \u015bw. o godz. 11.00 wystawienie Naj\u015bwi\u0119tszego Sakramentu i adoracja eucharystyczna.<\/li>\n<li>Wszystkim parafianom i go\u015bciom \u017cyczymy b\u0142ogos\u0142awionej niedzieli i dobrego tygodnia.<\/li>\n<li>Zach\u0119camy do czytania prasy katolickiej.<\/li>\n<\/ol>\n<p style=\"text-align: center;\"><strong>Intencje Mszalne <\/strong><strong>31 Stycze\u0144 \u2013 07 Luty 2021r.<\/strong><\/p>\n<p><span style=\"color: #ff0000;\"><strong>Nd.\u00a0 31. I. 2021\u00a0\u00a0\u00a0 <\/strong><\/span><strong><span style=\"color: #ff0000;\">IV\u00a0 Niedziela\u00a0 Zwyk\u0142a<\/span><br \/>\n<\/strong>g. 9.00 \u00a0Int. zam.<br \/>\ng. 11.00 + Romana Jaworskiego<br \/>\n<strong>Pn.\u00a0\u00a0 01. II<\/strong>\u00a0\u00a0\u00a0\u00a0 g. \u00a018.00 \u00a0+ Dariusza Pielak\u00a0 \/5\/<br \/>\n<strong>Wt.\u00a0 02. II\u00a0\u00a0\u00a0\u00a0\u00a0 <\/strong><strong>OFIAROWANIE\u00a0 PA\u0143SKIE<br \/>\n<\/strong>g. 18.00 + Halin\u0119 Ga\u0142eck\u0105 w 1 rocz. \u015bm.<br \/>\n<strong>\u015ar. \u00a003. II\u00a0\u00a0 <\/strong>\u00a0\u00a0\u00a0g.\u00a0 18.00 + Dariusza Pielak\u00a0 \/6\/<br \/>\n<strong>Czw. 04. II\u00a0\u00a0\u00a0\u00a0 \u00a0\u00a0<\/strong>g.\u00a0\u00a0\u00a0 7.00\u00a0 + Dariusza Pielak\u00a0 \/7\/<br \/>\n<strong>Pt.\u00a0 05. II\u00a0\u00a0\u00a0 \u00a0\u00a0\u00a0<\/strong>g.\u00a0 18.00\u00a0 + Dariusza Pielak\u00a0 \/8\/<br \/>\n<strong>Sob. 06. II\u00a0\u00a0\u00a0 <\/strong>\u00a0\u00a0<strong>\u00a0\u00a0<\/strong>g.\u00a0 18.00 \u00a0O Bo\u017ce b\u0142ogos\u0142awie\u0144stwo i \u0142aski dla dzieci i rodzic\u00f3w K\u017bR \u015bw. Jana Paw\u0142a II<br \/>\n<span style=\"color: #ff0000;\"><strong>Nd.\u00a0 07. II. 2021\u00a0\u00a0\u00a0 <\/strong><\/span><strong><span style=\"color: #ff0000;\">V\u00a0 Niedziela\u00a0 Zwyk\u0142a<\/span><br \/>\n<\/strong>g. 9.00 \u00a0+ Dariusza i W\u0142odzimierza Pielak\u00a0 \/9\/<br \/>\ng. 11.00 O Bo\u017ce b\u0142og., opiek\u0119 Matki Bo\u017cej i zdrowie dla rodziny Jaworskich<\/p>\n","protected":false},"excerpt":{"rendered":"<p>Dzi\u015b po Mszy \u015bw. o godz. 11.00 spotkanie rodzic\u00f3w i dzieci przygotowuj\u0105cych si\u0119 do I Komunii \u015bw. Zgodnie z zapowiedzi\u0105 w dniu dzisiejszym po ka\u017cdej Mszy \u015bw. zbi\u00f3rka do puszek dla poszkodowanych mieszka\u0144c\u00f3w Chorwacji w wyniku trz\u0119sienia ziemi. We wtorek 2 lutego \u015awi\u0119to Ofiarowania Pa\u0144skiego \/Matki Bo\u017cej Gromnicznej\/. Msza \u015bw. [&hellip;]<\/p>\n","protected":false},"author":2,"featured_media":0,"comment_status":"closed","ping_status":"closed","sticky":false,"template":"","format":"standard","meta":[],"categories":[2],"tags":[],"_links":{"self":[{"href":"http:\/\/www.parafiakuligow.pl\/index.php\/wp-json\/wp\/v2\/posts\/1600"}],"collection":[{"href":"http:\/\/www.parafiakuligow.pl\/index.php\/wp-json\/wp\/v2\/posts"}],"about":[{"href":"http:\/\/www.parafiakuligow.pl\/index.php\/wp-json\/wp\/v2\/types\/post"}],"author":[{"embeddable":true,"href":"http:\/\/www.parafiakuligow.pl\/index.php\/wp-json\/wp\/v2\/users\/2"}],"replies":[{"embeddable":true,"href":"http:\/\/www.parafiakuligow.pl\/index.php\/wp-json\/wp\/v2\/comments?post=1600"}],"version-history":[{"count":3,"href":"http:\/\/www.parafiakuligow.pl\/index.php\/wp-json\/wp\/v2\/posts\/1600\/revisions"}],"predecessor-version":[{"id":1603,"href":"http:\/\/www.parafiakuligow.pl\/index.php\/wp-json\/wp\/v2\/posts\/1600\/revisions\/1603"}],"wp:attachment":[{"href":"http:\/\/www.parafiakuligow.pl\/index.php\/wp-json\/wp\/v2\/media?parent=1600"}],"wp:term":[{"taxonomy":"category","embeddable":true,"href":"http:\/\/www.parafiakuligow.pl\/index.php\/wp-json\/wp\/v2\/categories?post=1600"},{"taxonomy":"post_tag","embeddable":true,"href":"http:\/\/www.parafiakuligow.pl\/index.php\/wp-json\/wp\/v2\/tags?post=1600"}],"curies":[{"name":"wp","href":"https:\/\/api.w.org\/{rel}","templated":true}]}}