{"id":1588,"date":"2021-01-03T16:54:00","date_gmt":"2021-01-03T15:54:00","guid":{"rendered":"http:\/\/www.parafiakuligow.pl\/?p=1588"},"modified":"2021-01-03T16:54:00","modified_gmt":"2021-01-03T15:54:00","slug":"03-styczen-2021-druga-niedziela-po-bozym-narodzeniu","status":"publish","type":"post","link":"http:\/\/www.parafiakuligow.pl\/index.php\/2021\/01\/03\/03-styczen-2021-druga-niedziela-po-bozym-narodzeniu\/","title":{"rendered":"03 stycze\u0144 2021 &#8211; DRUGA NIEDZIELA PO BO\u017bYM NARODZENIU"},"content":{"rendered":"<ol>\n<li>Dzisiaj z racji I niedzieli miesi\u0105ca po Mszy \u015bwi\u0119tej o godz. 11.00 wystawienie Naj\u015bwi\u0119tszego Sakramentu i adoracja eucharystyczna.<\/li>\n<li>W \u015brod\u0119 6 stycznia Uroczysto\u015b\u0107 Objawienia Pa\u0144skiego \u2013 \u015awi\u0119to Trzech Kr\u00f3li. Msze \u015bw. jak w ka\u017cd\u0105 niedziel\u0119 o godz. 9.00 i 11.00. B\u0142ogos\u0142awimy w tym dniu kred\u0119 i kadzi\u0142o. Ofiary sk\u0142adane na tac\u0119 przeznaczamy na misje.<\/li>\n<li>Wizyta duszpasterska <strong>\/kol\u0119da\/<\/strong> w tym roku z powodu trwaj\u0105cej pandemii Covid 19 b\u0119dzie mia\u0142a charakter wsp\u00f3lnej modlitwy rodzin w ko\u015bciele podczas Mszy \u015bw. rozpoczniemy <strong>po Nowym Roku od<\/strong> <strong>11 stycznia \/poniedzia\u0142ek\/<\/strong>. Ju\u017c dzi\u015b serdecznie zapraszam mieszka\u0144c\u00f3w naszej parafii na Eucharysti\u0119, podczas kt\u00f3rej modli\u0107 si\u0119 b\u0119dziemy w intencji zaproszonych parafian oraz zmar\u0142ych z ich rodzin. Mieszka\u0144cy z poszczeg\u00f3lnych ulic b\u0119d\u0105 przybywa\u0107 na Msz\u0119 \u015bw. zgodnie z tradycyjnym rozk\u0142adem kol\u0119dy, o czym poinformuj\u0119 w najbli\u017csz\u0105 niedziel\u0119. Msza \u015bw. odprawiona b\u0119dzie \u00a0o godz. 18.00. Po Mszy \u015bw. wystawienie Naj\u015bwi\u0119tszego Sakramentu i b\u0142ogos\u0142awie\u0144stwo rodzin. Dok\u0142adny rozk\u0142ad zostanie podany w przysz\u0142\u0105 niedziel\u0119.<\/li>\n<li>W przysz\u0142\u0105 niedziel\u0119 10 stycznia przypada \u015awi\u0119to Chrztu Pa\u0144skiego.<\/li>\n<li>Wszystkim parafianom i go\u015bciom \u017cyczymy du\u017co zdrowia, b\u0142ogos\u0142awionej niedzieli i dobrego tygodnia.<\/li>\n<li>Zach\u0119camy do czytania prasy katolickiej.<\/li>\n<\/ol>\n<p style=\"text-align: center;\"><strong>Intencje Mszalne <\/strong><strong>03 \u2013 10 stycze\u0144 \u00a02021r.<\/strong><\/p>\n<p><span style=\"color: #ff0000;\"><strong>Nd.\u00a0 03. I. 2021\u00a0\u00a0\u00a0 <\/strong><\/span><strong><span style=\"color: #ff0000;\">II Niedziela po Narodzeniu Pa\u0144skim<\/span><br \/>\n<\/strong>g. 9.00 \u00a0Int. zam.<br \/>\ng. 11.00 + Kazimier\u0119 Karasiewicz w 30 dzie\u0144 po \u015bm.<br \/>\n<strong>Pn.\u00a0\u00a0 04. I<\/strong>\u00a0\u00a0\u00a0\u00a0 g. \u00a018.00 \u00a0Int. wolna<br \/>\n<strong>Wt.\u00a0 05. I\u00a0\u00a0\u00a0\u00a0\u00a0 <\/strong>g. \u00a0\u00a0\u00a07.00 \u00a0Int. wolna<br \/>\n<span style=\"color: #ff0000;\"><strong>\u015ar. \u00a006. I\u00a0\u00a0 <\/strong>\u00a0\u00a0\u00a0\u00a0\u00a0\u00a0<\/span><strong><u><span style=\"color: #ff0000;\">Uroczysto\u015b\u0107 Objawienia Pa\u0144skiego<\/span><br \/>\n<\/u><\/strong>g. 9.00\u00a0 Int. zam.<br \/>\ng. 11.00\u00a0 Int. zam.<br \/>\n<strong>Czw. 07. I\u00a0\u00a0\u00a0\u00a0 <\/strong>g.\u00a0 07.00\u00a0 Int. wolna<br \/>\n<strong>Pt.\u00a0 08. I\u00a0\u00a0\u00a0 \u00a0\u00a0<\/strong>g.\u00a0 18.00\u00a0 Int. wolna<br \/>\n<strong>Sob. 09. I\u00a0\u00a0\u00a0 <\/strong>\u00a0\u00a0g.\u00a0 18.00 \u00a0Int. wolna<br \/>\n<span style=\"color: #ff0000;\"><strong>Nd.\u00a0 10. I. 2021\u00a0\u00a0\u00a0 <\/strong><\/span><strong><span style=\"color: #ff0000;\">\u015awi\u0119to Chrztu Pa\u0144skiego<\/span><br \/>\n<\/strong>g. 9.00 \u00a0+ Zdzis\u0142awa Suchenek w m-c po \u015bm.<br \/>\ng. 11.00 + Aniel\u0119 i Wac\u0142awa Ga\u0142eckich<\/p>\n","protected":false},"excerpt":{"rendered":"<p>Dzisiaj z racji I niedzieli miesi\u0105ca po Mszy \u015bwi\u0119tej o godz. 11.00 wystawienie Naj\u015bwi\u0119tszego Sakramentu i adoracja eucharystyczna. W \u015brod\u0119 6 stycznia Uroczysto\u015b\u0107 Objawienia Pa\u0144skiego \u2013 \u015awi\u0119to Trzech Kr\u00f3li. Msze \u015bw. jak w ka\u017cd\u0105 niedziel\u0119 o godz. 9.00 i 11.00. B\u0142ogos\u0142awimy w tym dniu kred\u0119 i kadzi\u0142o. Ofiary sk\u0142adane na [&hellip;]<\/p>\n","protected":false},"author":2,"featured_media":0,"comment_status":"closed","ping_status":"closed","sticky":false,"template":"","format":"standard","meta":[],"categories":[2],"tags":[],"_links":{"self":[{"href":"http:\/\/www.parafiakuligow.pl\/index.php\/wp-json\/wp\/v2\/posts\/1588"}],"collection":[{"href":"http:\/\/www.parafiakuligow.pl\/index.php\/wp-json\/wp\/v2\/posts"}],"about":[{"href":"http:\/\/www.parafiakuligow.pl\/index.php\/wp-json\/wp\/v2\/types\/post"}],"author":[{"embeddable":true,"href":"http:\/\/www.parafiakuligow.pl\/index.php\/wp-json\/wp\/v2\/users\/2"}],"replies":[{"embeddable":true,"href":"http:\/\/www.parafiakuligow.pl\/index.php\/wp-json\/wp\/v2\/comments?post=1588"}],"version-history":[{"count":1,"href":"http:\/\/www.parafiakuligow.pl\/index.php\/wp-json\/wp\/v2\/posts\/1588\/revisions"}],"predecessor-version":[{"id":1589,"href":"http:\/\/www.parafiakuligow.pl\/index.php\/wp-json\/wp\/v2\/posts\/1588\/revisions\/1589"}],"wp:attachment":[{"href":"http:\/\/www.parafiakuligow.pl\/index.php\/wp-json\/wp\/v2\/media?parent=1588"}],"wp:term":[{"taxonomy":"category","embeddable":true,"href":"http:\/\/www.parafiakuligow.pl\/index.php\/wp-json\/wp\/v2\/categories?post=1588"},{"taxonomy":"post_tag","embeddable":true,"href":"http:\/\/www.parafiakuligow.pl\/index.php\/wp-json\/wp\/v2\/tags?post=1588"}],"curies":[{"name":"wp","href":"https:\/\/api.w.org\/{rel}","templated":true}]}}