{"id":1576,"date":"2020-12-15T14:21:43","date_gmt":"2020-12-15T13:21:43","guid":{"rendered":"http:\/\/www.parafiakuligow.pl\/?p=1576"},"modified":"2020-12-15T14:23:31","modified_gmt":"2020-12-15T13:23:31","slug":"13-grudzien-2020-iii-niedziela-adwentu","status":"publish","type":"post","link":"http:\/\/www.parafiakuligow.pl\/index.php\/2020\/12\/15\/13-grudzien-2020-iii-niedziela-adwentu\/","title":{"rendered":"13 grudzie\u0144  2020 &#8211; III  Niedziela Adwentu"},"content":{"rendered":"<ol>\n<li>Serdecznie dzi\u0119kuj\u0119 za udzia\u0142 w dniu skupienia i adwentow\u0105 spowied\u017a tym, kt\u00f3rzy mogli i chcieli przyj\u0105\u0107 dan\u0105 od Boga \u0142ask\u0119. Pozosta\u0142ych zach\u0119cam i zapraszam do przyj\u0119cia sakramentu pokuty przed \u015bwi\u0119tami, aby B\u00f3g narodzi\u0142 si\u0119 we wszystkich naszych duszach. Mo\u017cliwo\u015b\u0107 spowied\u017a w tym tygodniu przed ka\u017cd\u0105 Msz\u0105 \u015bwi\u0119t\u0105.<\/li>\n<li>Na pomoc materialn\u0105 dla Ko\u015bcio\u0142a na Wschodzie zebrali\u015bmy w minion\u0105 niedziel\u0119 120 z\u0142otych. Wszystkim ofiarodawcom serdeczne B\u00f3g zap\u0142a\u0107.<\/li>\n<li>Ze wzgl\u0119du na spowied\u017a rekolekcyjn\u0105 w Radzyminie, w tym tygodniu w poniedzia\u0142ek i \u015brod\u0119 zamiast Mszy \u015bw. wieczornej b\u0119dzie Msza \u015bw. rano o godz. 7.00.<\/li>\n<li>W sobot\u0119 19 grudnia 2020 roku o\u00a0godzinie 11.00 w\u00a0Katedrze Warszawsko-Praskiej biskup nominat Jacek Grzybowski, mianowany przez Papie\u017ca Franciszka biskupem pomocniczym dla naszej diecezji, przyjmie \u015bwi\u0119cenia biskupie. Ze wzgl\u0119du na epidemi\u0119 i\u00a0obowi\u0105zuj\u0105ce zasady liczba uczestnik\u00f3w uroczysto\u015bci b\u0119dzie ograniczona. Zach\u0119camy do duchowej \u0142\u0105czno\u015bci podczas transmisji Mszy \u015awi\u0119tej na diecezjalnym kanale SalveNET oraz w\u00a0Radiu Warszawa. Ogarnijmy modlitw\u0105 ksi\u0119dza biskupa nominata Jacka, wypraszaj\u0105c dla niego potrzebne \u0142aski w\u00a0wykonywaniu pos\u0142ugi biskupiej.<\/li>\n<li>Z okazji 150 rocznicy og\u0142oszenia \u015awi\u0119tego J\u00f3zefa\u00a0 Patronem Ko\u015bcio\u0142a Powszechnego, papie\u017c Franciszek og\u0142osi\u0142 Rok Jubileuszowy \u015bw. J\u00f3zefa<br \/>\n\/ 8 grudnia 2020 \u2013 8 grudnia 2021roku \/.<\/li>\n<li>Roraty, adwentowa Msza \u015bw. ku czci Naj\u015bwi\u0119tszej Maryi Panny odprawiane s\u0105 codziennie z wyj\u0105tkiem niedziel &#8211; od poniedzia\u0142ku do soboty.<\/li>\n<li>Codziennie w naszym ko\u015bciele mo\u017cemy zaopatrzy\u0107 si\u0119 w op\u0142atki na st\u00f3\u0142 Wigilijny. W ramach wigilijnego dzie\u0142a pomocy dzieciom s\u0105 tak\u017ce \u015bwiece Caritas, kt\u00f3re mo\u017cemy nabywa\u0107 w zakrystii.<\/li>\n<li>Zwyczajem lat minionych, gdyby kto\u015b pragn\u0105\u0142 i m\u00f3g\u0142 ofiarowa\u0107 choinki na Bo\u017conarodzeniowy wystr\u00f3j ko\u015bcio\u0142a, to\u00a0 prosz\u0119 o informacj\u0119.<\/li>\n<li>Wszystkim \u017cycz\u0119 dobrego duchowego prze\u017cycia III niedzieli adwentu i spokojnego, b\u0142ogos\u0142awionego tygodnia.<\/li>\n<li>Zach\u0119camy do czytania prasy katolickiej.<\/li>\n<\/ol>\n<p style=\"text-align: center;\"><strong>Intencje Mszalne <\/strong><strong>13 \u2013 20 \u00a0Grudzie\u0144 2020r.<\/strong><\/p>\n<p><span style=\"color: #ff0000;\"><strong>Nd.\u00a0 13. XII\u00a0\u00a0\u00a0 <\/strong><\/span><strong><span style=\"color: #ff0000;\">III\u00a0 NIEDZIELA\u00a0 ADWENTU\u00a0\u00a0<\/span><br \/>\n<\/strong>g. 9.00 \u00a0+ Jadwig\u0119 \u00a0Duck\u0105 w 8 rocz. \u015bm.<br \/>\ng. 11.00 Int. zam.<br \/>\n<strong>Pn.\u00a0\u00a0 14. XII<\/strong>\u00a0\u00a0\u00a0\u00a0\u00a0\u00a0 g.\u00a0\u00a0\u00a0 7.00 \u00a0+ Zdzis\u0142awa Suchenek \u00a0\u00a0\/1\/<br \/>\n<strong>Wt.\u00a0 15 XII\u00a0\u00a0\u00a0\u00a0\u00a0\u00a0 \u00a0<\/strong>g. \u00a0\u00a0\u00a07.00 \u00a0+ Kazimier\u0119 Karasiewicz\u00a0 \/6\/<br \/>\n<strong>\u015ar.\u00a0 \u00a016. XII\u00a0\u00a0 <\/strong>\u00a0\u00a0\u00a0\u00a0g.\u00a0\u00a0\u00a0 7.00\u00a0 + Kazimier\u0119 Karasiewicz\u00a0 \/7\/<br \/>\n<strong>Czw. 17. XII <\/strong>\u00a0\u00a0\u00a0\u00a0\u00a0\u00a0g. \u00a0\u00a0\u00a07.00\u00a0 + Kazimier\u0119 Karasiewicz\u00a0 \/8\/<br \/>\n<strong>Pt.\u00a0\u00a0 \u00a018. XII\u00a0\u00a0\u00a0 \u00a0\u00a0\u00a0<\/strong>g. \u00a018.00\u00a0 + Aleksandra i Zofi\u0119 Kowalskich<br \/>\n<strong>Sob. \u00a019. XII\u00a0\u00a0\u00a0 <\/strong>\u00a0\u00a0\u00a0g.\u00a0 18.00\u00a0 + Zdzis\u0142awa Suchenek\u00a0 (2)<br \/>\n<span style=\"color: #ff0000;\"><strong>Nd.\u00a0 20. XII\u00a0\u00a0\u00a0 <\/strong><\/span><strong><span style=\"color: #ff0000;\">IV\u00a0 NIEDZIELA\u00a0 ADWENTU\u00a0 \u00a0<\/span><br \/>\n<\/strong>g. 9.00 \u00a0+ Ryszarda S\u0142o\u0144skiego w 1 rocz. \u015bm.<br \/>\ng. 11.00 + Leonarda i Feliks\u0119 Sosi\u0144skich<\/p>\n","protected":false},"excerpt":{"rendered":"<p>Serdecznie dzi\u0119kuj\u0119 za udzia\u0142 w dniu skupienia i adwentow\u0105 spowied\u017a tym, kt\u00f3rzy mogli i chcieli przyj\u0105\u0107 dan\u0105 od Boga \u0142ask\u0119. Pozosta\u0142ych zach\u0119cam i zapraszam do przyj\u0119cia sakramentu pokuty przed \u015bwi\u0119tami, aby B\u00f3g narodzi\u0142 si\u0119 we wszystkich naszych duszach. Mo\u017cliwo\u015b\u0107 spowied\u017a w tym tygodniu przed ka\u017cd\u0105 Msz\u0105 \u015bwi\u0119t\u0105. Na pomoc materialn\u0105 [&hellip;]<\/p>\n","protected":false},"author":2,"featured_media":0,"comment_status":"closed","ping_status":"closed","sticky":false,"template":"","format":"standard","meta":[],"categories":[2],"tags":[],"_links":{"self":[{"href":"http:\/\/www.parafiakuligow.pl\/index.php\/wp-json\/wp\/v2\/posts\/1576"}],"collection":[{"href":"http:\/\/www.parafiakuligow.pl\/index.php\/wp-json\/wp\/v2\/posts"}],"about":[{"href":"http:\/\/www.parafiakuligow.pl\/index.php\/wp-json\/wp\/v2\/types\/post"}],"author":[{"embeddable":true,"href":"http:\/\/www.parafiakuligow.pl\/index.php\/wp-json\/wp\/v2\/users\/2"}],"replies":[{"embeddable":true,"href":"http:\/\/www.parafiakuligow.pl\/index.php\/wp-json\/wp\/v2\/comments?post=1576"}],"version-history":[{"count":4,"href":"http:\/\/www.parafiakuligow.pl\/index.php\/wp-json\/wp\/v2\/posts\/1576\/revisions"}],"predecessor-version":[{"id":1580,"href":"http:\/\/www.parafiakuligow.pl\/index.php\/wp-json\/wp\/v2\/posts\/1576\/revisions\/1580"}],"wp:attachment":[{"href":"http:\/\/www.parafiakuligow.pl\/index.php\/wp-json\/wp\/v2\/media?parent=1576"}],"wp:term":[{"taxonomy":"category","embeddable":true,"href":"http:\/\/www.parafiakuligow.pl\/index.php\/wp-json\/wp\/v2\/categories?post=1576"},{"taxonomy":"post_tag","embeddable":true,"href":"http:\/\/www.parafiakuligow.pl\/index.php\/wp-json\/wp\/v2\/tags?post=1576"}],"curies":[{"name":"wp","href":"https:\/\/api.w.org\/{rel}","templated":true}]}}