{"id":1573,"date":"2020-12-07T17:22:26","date_gmt":"2020-12-07T16:22:26","guid":{"rendered":"http:\/\/www.parafiakuligow.pl\/?p=1573"},"modified":"2020-12-07T17:22:26","modified_gmt":"2020-12-07T16:22:26","slug":"06-grudzien-2020-ii-niedziela-adwentu","status":"publish","type":"post","link":"http:\/\/www.parafiakuligow.pl\/index.php\/2020\/12\/07\/06-grudzien-2020-ii-niedziela-adwentu\/","title":{"rendered":"06 grudzie\u0144 2020 &#8211; II Niedziela Adwentu"},"content":{"rendered":"<ol>\n<li>Dzisiaj z racji\u00a0 I niedzieli miesi\u0105ca po Mszy \u015bwi\u0119tej o godz. 11.00 wystawienie Naj\u015bwi\u0119tszego Sakramentu i adoracja eucharystyczna. Podczas Mszy \u015bw. dzieci przygotowuj\u0105ce si\u0119 do I Komunii \u015bw. otrzymaj\u0105 medaliki z wizerunkiem Matki Bo\u017cej Niepokalanej. To trzeci znak w przygotowaniu do tego wa\u017cnego wydarzenia w ich \u017cyciu. Po\u00a0 Mszy \u015bw. o godz.11.00 wystawienie Naj\u015bwi\u0119tszego sakramentu i adoracja Eucharystyczna.<\/li>\n<li>W naszej diecezji dzi\u015b zbi\u00f3rka do puszek na pomoc materialn\u0105 dla Ko\u015bcio\u0142a na Wschodzie.<\/li>\n<li>We wtorek 8 grudnia przypada Uroczysto\u015b\u0107 Niepokalanego Pocz\u0119cia NM Panny, w czwartek 10 grudnia wspominamy NMP Loreta\u0144sk\u0105 Patronk\u0119 naszej Parafii.<\/li>\n<li>Codziennie w naszym ko\u015bciele mo\u017cemy zaopatrzy\u0107 si\u0119 w op\u0142atki na st\u00f3\u0142 wigilijny pob\u0142ogos\u0142awione specjalnie dla naszej wsp\u00f3lnoty. W ramach wigilijnego dzie\u0142a pomocy dzieciom s\u0105 tak\u017ce \u015bwiece Caritas, kt\u00f3re mo\u017cemy nabywa\u0107 w zakrystii.<\/li>\n<li>Ze wzgl\u0119du na pandemi\u0119 Covid 19 i obostrzenia sanitarne, kt\u00f3re w dalszym ci\u0105gu nas obowi\u0105zuj\u0105, w tym roku zapraszamy na Dzie\u0144 skupienia i spowiedzi adwentowej w naszej parafii. Prze\u017cywa\u0107 ten dzie\u0144 b\u0119dziemy w najbli\u017csz\u0105 sobot\u0119 12 grudnia. S\u0142owo Bo\u017ce wyg\u0142osi ks. Jacek Turek, proboszcz parafii B\u0142. M\u0119czennik\u00f3w Podlaskich z T\u0142uszcza. W tym dniu b\u0119d\u0105 dwie Msze \u015bw. z nauk\u0105 rekolekcyjn\u0105 o godz. 11.00 i 18.00. Spowied\u017a adwentowa na p\u00f3\u0142 godziny przed ka\u017cd\u0105 Msz\u0105 \u015bw. Skorzystajmy z tej \u0142aski osobi\u015bcie, zach\u0119caj\u0105c do tego nasze rodziny. by nikt nie zosta\u0142 na \u015bwi\u0119ta bez spowiedzi i Komunii \u015bwi\u0119tej. W tym dniu nie b\u0119dzie Mszy \u015bw. o godz. 7.00.<\/li>\n<li>Roraty, adwentowa Msza ku czci Naj\u015bwi\u0119tszej Maryi Panny b\u0119d\u0105 odprawiane w dni powszednie z wyj\u0105tkiem niedziel; wtorki, czwartki i soboty\u00a0 o godz. 7.00; w poniedzia\u0142ki, \u015brody, pi\u0105tki o godz.18.00. Zapraszamy do wsp\u00f3lnej modlitwy z lampionami.<\/li>\n<li>Zwyczajem lat minionych, gdyby kto\u015b pragn\u0105\u0142 i m\u00f3g\u0142 ofiarowa\u0107 choinki na Bo\u017conarodzeniowy wystr\u00f3j ko\u015bcio\u0142a, to\u00a0 prosz\u0119 o informacj\u0119.<\/li>\n<li>Dzi\u0119kuj\u0119 panom: Zdzis\u0142awowi Karasiewiczowi, Mariuszowi D\u0105browskiemu i Tomaszowi Lipke za wykonanie w ubieg\u0142ym tygodniu niezb\u0119dnych prac przy budynku parafialnym. Zosta\u0142a zamontowana podbitka wi\u0119\u017aby dachowej &#8211; okapu. Dzi\u0119kuj\u0119 tak\u017ce panom: Dariuszowi P\u0119dzich i Jaros\u0142awowi So\u0142tysiak za wymian\u0119 instalacji elektrycznej i zamontowaniu nowego o\u015bwietlenia przy wizerunku Matki Bo\u017cej na zewn\u0105trz Ko\u015bcio\u0142a.<\/li>\n<li>Wszystkim \u017cycz\u0119 dobrego duchowego prze\u017cycia \u00a0II niedzieli adwentu i spokojnego, b\u0142ogos\u0142awionego tygodnia.<\/li>\n<li>Zach\u0119camy do czytania prasy katolickiej.<\/li>\n<\/ol>\n<p style=\"text-align: center;\"><strong>Intencje Mszalne <\/strong><strong>06 \u2013 13 \u00a0Grudzie\u0144 2020r.<\/strong><\/p>\n<p><span style=\"color: #ff0000;\"><strong>Nd.\u00a0 06. XII\u00a0\u00a0\u00a0 <\/strong><\/span><strong><span style=\"color: #ff0000;\">II\u00a0 NIEDZIELA\u00a0 ADWENTU\u00a0<\/span><br \/>\n<\/strong>g. 9.00 \u00a0Int. zam.<br \/>\ng. 11.00 + Stanis\u0142aw\u0119 i Romana\u00a0 Bieleckich; Aleksandr\u0119 i Stanis\u0142awa Wi\u0119ch<br \/>\n<strong>Pn.\u00a0\u00a0 07. XII<\/strong>\u00a0\u00a0\u00a0\u00a0\u00a0\u00a0\u00a0 \u00a0g.\u00a0 18.00 \u00a0+ Kazimier\u0119 Karasiewicz\u00a0 \/1\/<br \/>\n<strong>Wt.\u00a0 08. XII\u00a0\u00a0\u00a0\u00a0\u00a0\u00a0 \u00a0<\/strong>g. \u00a0\u00a0\u00a07.00 \u00a0+ Kazimier\u0119 Karasiewicz\u00a0 \/2\/<br \/>\n<strong>\u015ar.\u00a0 \u00a009. XII\u00a0\u00a0 <\/strong>\u00a0\u00a0\u00a0\u00a0\u00a0g.\u00a0 18.00\u00a0 + Kazimier\u0119 Karasiewicz\u00a0 \/3\/<br \/>\n<strong>Czw. 10. XII <\/strong>\u00a0\u00a0\u00a0\u00a0\u00a0\u00a0\u00a0g. \u00a0\u00a0\u00a07.00\u00a0 + Kazimier\u0119 Karasiewicz\u00a0 \/4\/<br \/>\n<strong>Pt.\u00a0\u00a0 \u00a011. XII\u00a0\u00a0\u00a0 \u00a0\u00a0\u00a0<\/strong>\u00a0g. \u00a018.00\u00a0 + Joann\u0119 i Ryszarda Kucharskich<br \/>\n<strong>Sob. \u00a012. XII\u00a0\u00a0\u00a0 <\/strong>\u00a0\u00a0\u00a0\u00a0<strong>ADWENTOWY DZIE\u0143 SKUPIENIA<br \/>\n<\/strong>g. 11.00\u00a0 + Kazimier\u0119 Karasiewicz\u00a0 \/5\/<br \/>\ng. 18.00\u00a0 + Bronis\u0142aw\u0119 i Piotra Kry\u015bkiewicz<br \/>\n<span style=\"color: #ff0000;\"><strong>Nd.\u00a0 13. XII\u00a0\u00a0\u00a0 <\/strong><\/span><strong><span style=\"color: #ff0000;\">III\u00a0 NIEDZIELA\u00a0 ADWENTU\u00a0 \u00a0<\/span><br \/>\n<\/strong>g. 9.00 \u00a0+ Janin\u0119 Duck\u0105 w 8 rocz. \u015bm.<br \/>\ng. 11.00 Int. zam.<\/p>\n","protected":false},"excerpt":{"rendered":"<p>Dzisiaj z racji\u00a0 I niedzieli miesi\u0105ca po Mszy \u015bwi\u0119tej o godz. 11.00 wystawienie Naj\u015bwi\u0119tszego Sakramentu i adoracja eucharystyczna. Podczas Mszy \u015bw. dzieci przygotowuj\u0105ce si\u0119 do I Komunii \u015bw. otrzymaj\u0105 medaliki z wizerunkiem Matki Bo\u017cej Niepokalanej. To trzeci znak w przygotowaniu do tego wa\u017cnego wydarzenia w ich \u017cyciu. Po\u00a0 Mszy \u015bw. [&hellip;]<\/p>\n","protected":false},"author":2,"featured_media":0,"comment_status":"closed","ping_status":"closed","sticky":false,"template":"","format":"standard","meta":[],"categories":[2],"tags":[],"_links":{"self":[{"href":"http:\/\/www.parafiakuligow.pl\/index.php\/wp-json\/wp\/v2\/posts\/1573"}],"collection":[{"href":"http:\/\/www.parafiakuligow.pl\/index.php\/wp-json\/wp\/v2\/posts"}],"about":[{"href":"http:\/\/www.parafiakuligow.pl\/index.php\/wp-json\/wp\/v2\/types\/post"}],"author":[{"embeddable":true,"href":"http:\/\/www.parafiakuligow.pl\/index.php\/wp-json\/wp\/v2\/users\/2"}],"replies":[{"embeddable":true,"href":"http:\/\/www.parafiakuligow.pl\/index.php\/wp-json\/wp\/v2\/comments?post=1573"}],"version-history":[{"count":1,"href":"http:\/\/www.parafiakuligow.pl\/index.php\/wp-json\/wp\/v2\/posts\/1573\/revisions"}],"predecessor-version":[{"id":1574,"href":"http:\/\/www.parafiakuligow.pl\/index.php\/wp-json\/wp\/v2\/posts\/1573\/revisions\/1574"}],"wp:attachment":[{"href":"http:\/\/www.parafiakuligow.pl\/index.php\/wp-json\/wp\/v2\/media?parent=1573"}],"wp:term":[{"taxonomy":"category","embeddable":true,"href":"http:\/\/www.parafiakuligow.pl\/index.php\/wp-json\/wp\/v2\/categories?post=1573"},{"taxonomy":"post_tag","embeddable":true,"href":"http:\/\/www.parafiakuligow.pl\/index.php\/wp-json\/wp\/v2\/tags?post=1573"}],"curies":[{"name":"wp","href":"https:\/\/api.w.org\/{rel}","templated":true}]}}