{"id":1569,"date":"2020-11-28T17:19:32","date_gmt":"2020-11-28T16:19:32","guid":{"rendered":"http:\/\/www.parafiakuligow.pl\/?p=1569"},"modified":"2020-11-28T17:20:15","modified_gmt":"2020-11-28T16:20:15","slug":"29-listopad-2020-i-niedziela-adwentu","status":"publish","type":"post","link":"http:\/\/www.parafiakuligow.pl\/index.php\/2020\/11\/28\/29-listopad-2020-i-niedziela-adwentu\/","title":{"rendered":"29 Listopad 2020 &#8211; I Niedziela Adwentu"},"content":{"rendered":"<ol>\n<li>Dzisiejsza niedziela rozpoczyna liturgiczny okres Adwentu i nowy rok duszpasterski pod has\u0142em \u201e Eucharystia daje \u017cycie \u201d. Dla chrze\u015bcijanina to czas radosnego i pobo\u017cnego oczekiwania na przyj\u015bcie Jezusa Chrystusa.<\/li>\n<li>Roraty, adwentowa Msza ku czci Naj\u015bwi\u0119tszej Maryi Panny b\u0119d\u0105 odprawiane w dni powszednie z wyj\u0105tkiem niedziel; wtorki, czwartki i soboty o godz. 7.00; w poniedzia\u0142ki, \u015brody, pi\u0105tki o godz.18.00. Tematem tegorocznych rorat jest Eucharystia &#8211; \u201eCud nad Cudami\u201d. Zapraszamy \u00a0do wsp\u00f3lnej modlitwy w spos\u00f3b szczeg\u00f3lny \u00a0dzieci z lampionami, m\u0142odzie\u017c i doros\u0142ych.<\/li>\n<li>W poniedzia\u0142ek\u00a0 30 listopada przypada liturgiczne \u015bwi\u0119to \u015bw. Andrzeja Aposto\u0142a.<\/li>\n<li>W tym tygodniu przypada\u00a0 I pi\u0105tek i sobota miesi\u0105ca. Spowied\u017a w pi\u0105tek od godz. 17.30.<\/li>\n<li>Przysz\u0142a\u00a0 niedziela to I niedziela miesi\u0105ca. W tym dniu podczas Mszy \u015bw. dzieci przygotowuj\u0105ce si\u0119 do I Komunii \u015bw. otrzymaj\u0105 medaliki z wizerunkiem Matki Bo\u017cej Niepokalanej. To trzeci znak w przygotowaniu do tego wa\u017cnego wydarzenia w ich \u017cyciu. Po\u00a0 Mszy \u015bw. o godz.11.00 wystawienie Naj\u015bwi\u0119tszego sakramentu i adoracja Eucharystyczna.<\/li>\n<li>Przysz\u0142a niedziela jest r\u00f3wnie\u017c dniem \u00a0modlitw i pomocy Ko\u015bcio\u0142owi na Wschodzie. Po ka\u017cdej Mszy \u015bw. zbi\u00f3rka do puszek na pomoc materialn\u0105 dla Ko\u015bcio\u0142a na Wschodzie.<\/li>\n<li>Od dzisiaj mo\u017cemy zaopatrzy\u0107 si\u0119 w op\u0142atki na st\u00f3\u0142 wigilijny pob\u0142ogos\u0142awione dla naszej wsp\u00f3lnoty \/sk\u0142adamy za nie dobrowoln\u0105 ofiar\u0119 \/, oraz naby\u0107 \u015bwiece Caritas z kt\u00f3rych doch\u00f3d przeznaczony jest na Wigilijne Dzie\u0142o pomocy Dzieciom.<\/li>\n<li>Zwyczajem lat minionych, gdyby kto\u015b pragn\u0105\u0142 i m\u00f3g\u0142 ofiarowa\u0107 choinki na Bo\u017conarodzeniowy wystr\u00f3j ko\u015bcio\u0142a, to\u00a0 prosz\u0119 o informacj\u0119.<\/li>\n<li>Ze wzgl\u0119du na pandemi\u0119 Covid 19 i obostrzenia sanitarne, kt\u00f3re w dalszym ci\u0105gu nas obowi\u0105zuj\u0105, w tym roku nie przewidujemy tradycyjnych rekolekcji adwentowych. Prze\u017cywa\u0107 natomiast b\u0119dziemy adwentowy dzie\u0144 skupienia, kt\u00f3ry przypadnie w sobot\u0119 12 grudnia. S\u0142owo Bo\u017ce wyg\u0142osi ks. Jacek Turek, proboszcz parafii B\u0142. M\u0119czennik\u00f3w Podlaskich z T\u0142uszcza. Msze \u015bw. o godz. 11.00 i 18.00. W tym dniu przewidujemy spowied\u017a adwentow\u0105.<\/li>\n<li>Dzi\u0119kuj\u0119 wszystkim osobom i rodzinom, kt\u00f3rzy wyra\u017cali trosk\u0119 o czysto\u015b\u0107 i wystr\u00f3j naszej \u015bwi\u0105tyni i wok\u00f3\u0142 niej, wspomagaj\u0105c finansowo.<\/li>\n<li>Wszystkim \u017cycz\u0119 dobrego duchowego prze\u017cycia \u00a0I niedzieli adwentu i spokojnego, b\u0142ogos\u0142awionego tygodnia.<\/li>\n<li>Zach\u0119camy do czytania prasy katolickiej<\/li>\n<\/ol>\n<p><strong>Intencje <\/strong><strong>Mszalne <\/strong><strong>29 Listopad \u2013 06 Grudzie\u0144 2020r.<\/strong><\/p>\n<p><span style=\"color: #ff0000;\"><strong>Nd.\u00a0 29. XI\u00a0\u00a0\u00a0 <\/strong><\/span><strong><span style=\"color: #ff0000;\">I\u00a0 NIEDZIELA\u00a0 ADWENTU<\/span><br \/>\n<\/strong>g. 9.00\u00a0\u00a0 Dzi\u0119k. \u2013 b\u0142ag. o \u0142ask\u0119 zdrowia, opiek\u0119 Matki Bo\u017cej dla\u00a0Cecylii Milewskiej<br \/>\ng. 11.00 + Henryk\u0119 Wo\u017aniak<br \/>\n<strong>Pn.\u00a0\u00a0 30. XI<\/strong>\u00a0\u00a0\u00a0\u00a0\u00a0\u00a0\u00a0 \u00a0g.\u00a0 18.00 \u00a0Int. wolna<br \/>\n<strong>Wt.\u00a0 01. XII\u00a0\u00a0\u00a0\u00a0\u00a0\u00a0 \u00a0<\/strong>g. \u00a0\u00a0\u00a07.00 \u00a0Int. wolna<br \/>\n<strong>\u015ar.\u00a0 \u00a002. XII\u00a0\u00a0 <\/strong>\u00a0\u00a0\u00a0\u00a0\u00a0g.\u00a0 18.00\u00a0 Int. wolna<br \/>\n<strong>Czw. 03. XII <\/strong>\u00a0\u00a0\u00a0\u00a0\u00a0\u00a0\u00a0g. \u00a0\u00a0\u00a07.00\u00a0 Int. wolna<br \/>\n<strong>Pt.\u00a0\u00a0 \u00a004. XII\u00a0\u00a0\u00a0 \u00a0\u00a0\u00a0<\/strong>\u00a0g. \u00a018.00\u00a0 + Barbar\u0119 Mianowsk\u0105<br \/>\n<strong>Sob. \u00a005. XII\u00a0\u00a0\u00a0 <\/strong>\u00a0\u00a0\u00a0\u00a0\u00a0g.\u00a0\u00a0\u00a0 7.00\u00a0 W int dzieci i rodzic\u00f3w ko\u0142a\u00a0 \u017bR \u015bw. Jana Paw\u0142a II.<br \/>\n<span style=\"color: #ff0000;\"><strong>Nd.\u00a0 06. XII \u00a0\u00a0 <\/strong><\/span><strong><span style=\"color: #ff0000;\">II\u00a0 NIEDZIELA\u00a0 ADWENTU\u00a0<\/span><br \/>\n<\/strong>g. 9.00 \u00a0Int. zam.<br \/>\ng. 11.00 + Stanis\u0142aw\u0119 i Romana \u00a0Bieleckich; Aleksandr\u0119 i Stanis\u0142awa Wi\u0119ch<\/p>\n","protected":false},"excerpt":{"rendered":"<p>Dzisiejsza niedziela rozpoczyna liturgiczny okres Adwentu i nowy rok duszpasterski pod has\u0142em \u201e Eucharystia daje \u017cycie \u201d. Dla chrze\u015bcijanina to czas radosnego i pobo\u017cnego oczekiwania na przyj\u015bcie Jezusa Chrystusa. Roraty, adwentowa Msza ku czci Naj\u015bwi\u0119tszej Maryi Panny b\u0119d\u0105 odprawiane w dni powszednie z wyj\u0105tkiem niedziel; wtorki, czwartki i soboty o [&hellip;]<\/p>\n","protected":false},"author":2,"featured_media":0,"comment_status":"closed","ping_status":"closed","sticky":false,"template":"","format":"standard","meta":[],"categories":[2],"tags":[],"_links":{"self":[{"href":"http:\/\/www.parafiakuligow.pl\/index.php\/wp-json\/wp\/v2\/posts\/1569"}],"collection":[{"href":"http:\/\/www.parafiakuligow.pl\/index.php\/wp-json\/wp\/v2\/posts"}],"about":[{"href":"http:\/\/www.parafiakuligow.pl\/index.php\/wp-json\/wp\/v2\/types\/post"}],"author":[{"embeddable":true,"href":"http:\/\/www.parafiakuligow.pl\/index.php\/wp-json\/wp\/v2\/users\/2"}],"replies":[{"embeddable":true,"href":"http:\/\/www.parafiakuligow.pl\/index.php\/wp-json\/wp\/v2\/comments?post=1569"}],"version-history":[{"count":2,"href":"http:\/\/www.parafiakuligow.pl\/index.php\/wp-json\/wp\/v2\/posts\/1569\/revisions"}],"predecessor-version":[{"id":1571,"href":"http:\/\/www.parafiakuligow.pl\/index.php\/wp-json\/wp\/v2\/posts\/1569\/revisions\/1571"}],"wp:attachment":[{"href":"http:\/\/www.parafiakuligow.pl\/index.php\/wp-json\/wp\/v2\/media?parent=1569"}],"wp:term":[{"taxonomy":"category","embeddable":true,"href":"http:\/\/www.parafiakuligow.pl\/index.php\/wp-json\/wp\/v2\/categories?post=1569"},{"taxonomy":"post_tag","embeddable":true,"href":"http:\/\/www.parafiakuligow.pl\/index.php\/wp-json\/wp\/v2\/tags?post=1569"}],"curies":[{"name":"wp","href":"https:\/\/api.w.org\/{rel}","templated":true}]}}