{"id":1550,"date":"2020-11-01T10:30:22","date_gmt":"2020-11-01T09:30:22","guid":{"rendered":"http:\/\/www.parafiakuligow.pl\/?p=1550"},"modified":"2020-11-01T10:31:47","modified_gmt":"2020-11-01T09:31:47","slug":"01-listopad-2020-uroczystosc-wszystkich-swietych","status":"publish","type":"post","link":"http:\/\/www.parafiakuligow.pl\/index.php\/2020\/11\/01\/01-listopad-2020-uroczystosc-wszystkich-swietych\/","title":{"rendered":"01 Listopad 2020 &#8211; UROCZYSTO\u015a\u0106 WSZYSTKICH \u015aWI\u0118TYCH"},"content":{"rendered":"<ol>\n<li>W dzisiejsz\u0105 niedziel\u0119 <strong>1 listopada <\/strong>Ko\u015bci\u00f3\u0142 obchodzi<strong> Uroczysto\u015b\u0107 Wszystkich <\/strong><strong>\u015awi\u0119tych<\/strong>. Jest to zarazem pierwsza niedziela miesi\u0105ca. To dzie\u0144 naszej refleksji nad \u017cyciem i modlitw\u0105 za zmar\u0142ych. Msze \u015bw. w\/g porz\u0105dku niedzielnego, o godz. 9.00 i 11.00. Po ka\u017cdej Mszy \u015bwi\u0119tej \u00a0ogarniemy modlitw\u0105 wypominkow\u0105 wszystkich, kt\u00f3rych polecamy Bo\u017cemu Mi\u0142osierdziu, z odczytaniem imion i nazwisk naszych najbli\u017cszych <strong>(wypominki jednorazowe). <\/strong>Przypominamy, \u017ce ze wzgl\u0119du na obostrzenia sanitarne wynikaj\u0105ce z epidemii \/covid 19 \/, <strong>od 31 pa\u017adziernika do 2 listopada cmentarze na terenie naszego kraju b\u0119d\u0105 <\/strong><strong>zamkni\u0119te<\/strong>.<\/li>\n<li>W poniedzia\u0142ek <strong>2 listopada Wspomnienie Wszystkich Wiernych Zmar\u0142ych<\/strong>. Msza \u015bw. w intencji zmar\u0142ych polecanych w wypominkach o godz. 18.00. Nabo\u017ce\u0144stwo z modlitw\u0105 obejmuj\u0105c\u0105 imiona i nazwiska naszych bliskich <strong>o godz. 17.30<\/strong>.<\/li>\n<li>Informujemy, \u017ce w ci\u0105gu miesi\u0105ca listopada \u00a0\u00a0mo\u017cna zyska\u0107 i ofiarowa\u0107 za dusze w czy\u015b\u0107cu cierpi\u0105ce odpust zupe\u0142ny. Warunkiem do tego jest stan \u0142aski u\u015bwi\u0119caj\u0105cej, przyj\u0119cie komunii \u015bwi\u0119tej, pobo\u017cne nawiedzenie cmentarza i modlitwa ofiarowana za zmar\u0142ych w tym Ojcze nasz i wierze w Boga.<\/li>\n<li>W dalszym ci\u0105gu przyjmujemy \u00a0na wypominki na kolejny rok. Wypominki roczne\u00a0 obejmuj\u0105 modlitw\u0119 za zmar\u0142ych w <strong>ka\u017cd\u0105 niedziel\u0119 o godz. 10.30<\/strong>, oraz Msze \u015bw. odprawiane przez ca\u0142y rok, w ka\u017cd\u0105 <strong>pierwsz\u0105 \u015brod\u0119 miesi\u0105ca<\/strong>. Ogarniaj\u0105c modlitw\u0105 zmar\u0142ych, sk\u0142adamy dobrowolne ofiary wpisuj\u0105c imiona i nazwiska zmar\u0142ych. Mo\u017cemy wykorzysta\u0107 kartki wy\u0142o\u017cone przy wyj\u015bciu z ko\u015bcio\u0142a.<\/li>\n<li>W przysz\u0142\u0105 niedziel\u0119 8 listopada podczas Mszy \u015bw. o godz. 11.00 dzieci przygotowuj\u0105ce si\u0119 do I Komunii \u015bw. otrzymaj\u0105 modlitewniki. To kolejny znak w przygotowaniu do tego wa\u017cnego wydarzenia w ich \u017cyciu. Po Mszy \u015bw. spotkanie\u00a0 z\u00a0 rodzicami.<\/li>\n<li>Wszystkim parafianom, dzia\u0142kowiczom i go\u015bciom\u00a0 \u017cycz\u0119 zdrowia, dobrego duchowego prze\u017cycia tych szczeg\u00f3lnych dni\u00a0 i\u00a0 spokojnego, b\u0142ogos\u0142awionego tygodnia.<\/li>\n<li>Zach\u0119camy do czytania prasy katolickiej.<\/li>\n<\/ol>\n<p style=\"text-align: center;\"><strong>Intencje <\/strong><strong>Mszalne 01-<\/strong><strong>08 Listopad 2020r <\/strong><\/p>\n<p><span style=\"color: #ff0000;\"><strong>Nd.\u00a0 01. XI\u00a0\u00a0\u00a0 UROCZYSTO\u015a\u0106\u00a0 WSZYSTKICH\u00a0\u00a0 \u015aWI\u0118TYCH<br \/>\n<\/strong><\/span>g. 9.00\u00a0\u00a0 Int. wolna.<br \/>\ng. 11.00 + Sylwestra Czes\u0142awa Grzeszkiewicz\u00a0 \/2\/<br \/>\n<strong>Pn.\u00a0\u00a0 02. XI<\/strong><br \/>\ng.\u00a0 17.30 \u00a0Nabo\u017ce\u0144stwo za zmar\u0142ych<br \/>\ng. 18.00\u00a0 W int. zmar\u0142ych polecanych w wypominkach<br \/>\n<strong>Wt.\u00a0 03. XI\u00a0\u00a0\u00a0\u00a0\u00a0\u00a0 \u00a0<\/strong>g. \u00a0\u00a0\u00a07.00 \u00a0+ Sylwestra Czes\u0142awa Grzeszkiewicz\u00a0 \/3\/<br \/>\n<strong>\u015ar.\u00a0 \u00a004. XI\u00a0\u00a0 <\/strong>\u00a0\u00a0\u00a0\u00a0\u00a0g.\u00a0 18.00\u00a0 + Barbar\u0119 Teres\u0119 Mianowsk\u0105\u00a0 \/3\/<br \/>\n<strong>Czw. 05. XI <\/strong>\u00a0\u00a0\u00a0\u00a0\u00a0\u00a0\u00a0g. \u00a0\u00a0\u00a07.00\u00a0 \u00a0Int. wolna<br \/>\n<strong>Pt.\u00a0\u00a0 \u00a006. XI\u00a0\u00a0\u00a0 \u00a0\u00a0\u00a0<\/strong>\u00a0g. \u00a018.00\u00a0 + Barbar\u0119 Teres\u0119 Mianowsk\u0105\u00a0 \/4\/<br \/>\n<strong>Sob. \u00a007. XI\u00a0\u00a0\u00a0 <\/strong>\u00a0\u00a0\u00a0\u00a0\u00a0g.\u00a0 18.00\u00a0 O Bo\u017ce b\u0142og i \u0142aski, opiek\u0119 Matki Bo\u017cej dla dzieci i\u00a0ich rodzin K\u017bR \u015bw. Jana Paw\u0142a II<strong><br \/>\n<\/strong><span style=\"color: #ff0000;\"><strong>Nd.\u00a0 08. XI\u00a0\u00a0\u00a0 \u00a032\u00a0 Niedziela Zwyk\u0142a<br \/>\n<\/strong><\/span>g. 9.00\u00a0\u00a0 + Jadwig\u0119 i Eugeniusza So\u0142owiej<br \/>\ng. 11.00 \u00a0+ Paw\u0142a \u017bochowskiego<\/p>\n","protected":false},"excerpt":{"rendered":"<p>W dzisiejsz\u0105 niedziel\u0119 1 listopada Ko\u015bci\u00f3\u0142 obchodzi Uroczysto\u015b\u0107 Wszystkich \u015awi\u0119tych. Jest to zarazem pierwsza niedziela miesi\u0105ca. To dzie\u0144 naszej refleksji nad \u017cyciem i modlitw\u0105 za zmar\u0142ych. Msze \u015bw. w\/g porz\u0105dku niedzielnego, o godz. 9.00 i 11.00. Po ka\u017cdej Mszy \u015bwi\u0119tej \u00a0ogarniemy modlitw\u0105 wypominkow\u0105 wszystkich, kt\u00f3rych polecamy Bo\u017cemu Mi\u0142osierdziu, z odczytaniem [&hellip;]<\/p>\n","protected":false},"author":2,"featured_media":0,"comment_status":"closed","ping_status":"closed","sticky":false,"template":"","format":"standard","meta":[],"categories":[2],"tags":[],"_links":{"self":[{"href":"http:\/\/www.parafiakuligow.pl\/index.php\/wp-json\/wp\/v2\/posts\/1550"}],"collection":[{"href":"http:\/\/www.parafiakuligow.pl\/index.php\/wp-json\/wp\/v2\/posts"}],"about":[{"href":"http:\/\/www.parafiakuligow.pl\/index.php\/wp-json\/wp\/v2\/types\/post"}],"author":[{"embeddable":true,"href":"http:\/\/www.parafiakuligow.pl\/index.php\/wp-json\/wp\/v2\/users\/2"}],"replies":[{"embeddable":true,"href":"http:\/\/www.parafiakuligow.pl\/index.php\/wp-json\/wp\/v2\/comments?post=1550"}],"version-history":[{"count":2,"href":"http:\/\/www.parafiakuligow.pl\/index.php\/wp-json\/wp\/v2\/posts\/1550\/revisions"}],"predecessor-version":[{"id":1552,"href":"http:\/\/www.parafiakuligow.pl\/index.php\/wp-json\/wp\/v2\/posts\/1550\/revisions\/1552"}],"wp:attachment":[{"href":"http:\/\/www.parafiakuligow.pl\/index.php\/wp-json\/wp\/v2\/media?parent=1550"}],"wp:term":[{"taxonomy":"category","embeddable":true,"href":"http:\/\/www.parafiakuligow.pl\/index.php\/wp-json\/wp\/v2\/categories?post=1550"},{"taxonomy":"post_tag","embeddable":true,"href":"http:\/\/www.parafiakuligow.pl\/index.php\/wp-json\/wp\/v2\/tags?post=1550"}],"curies":[{"name":"wp","href":"https:\/\/api.w.org\/{rel}","templated":true}]}}