{"id":1544,"date":"2020-10-18T15:29:53","date_gmt":"2020-10-18T13:29:53","guid":{"rendered":"http:\/\/www.parafiakuligow.pl\/?p=1544"},"modified":"2020-10-18T15:29:53","modified_gmt":"2020-10-18T13:29:53","slug":"18-pazdziernik-2020-29-niedziela-zwykla","status":"publish","type":"post","link":"http:\/\/www.parafiakuligow.pl\/index.php\/2020\/10\/18\/18-pazdziernik-2020-29-niedziela-zwykla\/","title":{"rendered":"18 pa\u017adziernik 2020 &#8211; 29 Niedziela Zwyk\u0142a"},"content":{"rendered":"<ol>\n<li>Dzisiaj obchodzimy \u015awiatowy Dzie\u0144 Misyjny rozpoczynaj\u0105cy Tydzie\u0144 misyjny. Ka\u017cdy z nas na mocy sakramentu Chrztu i Bierzmowania wezwany jest do dawania \u015bwiadectwa staj\u0105c si\u0119 siewc\u0105 Bo\u017cego S\u0142owa. Pami\u0119tajmy w naszych modlitwach o Misjonarzach. Ofiary sk\u0142adane dzi\u015b na tac\u0119 b\u0119d\u0105 przeznaczone na misje.<\/li>\n<li>Dzisiaj tak\u017ce w polskich ko\u015bcio\u0142ach tradycyjnie liczymy wiernych.<\/li>\n<li>Spotkanie dla Rodzic\u00f3w i dzieci przygotowuj\u0105cych si\u0119 do I Komunii \u015bwi\u0119tej dzi\u015b po Mszy \u015bw. o godz. 11.00.<\/li>\n<li>W czwartek 22 pa\u017adziernika wspomnienie \u015bw. Jana Paw\u0142a II, papie\u017ca.<\/li>\n<li>Zapraszam do wsp\u00f3lnej modlitwy R\u00f3\u017ca\u0144cowej dzieci, m\u0142odzie\u017c oraz doros\u0142ych. R\u00f3\u017caniec codziennie w poniedzia\u0142ek, \u015brod\u0119, pi\u0105tek i sobot\u0119 przed Msz\u0105 \u015bw. o godz. 17.30; we\u00a0 wtorek\u00a0 i czwartek po Mszy \u015bw. o godz. 7.00 . W niedziel\u0119 po Mszy \u015bw. o godz. 11.00.<\/li>\n<li>Przyjmujemy ju\u017c na wypominki na kolejny rok. Wypominki roczne obejmuj\u0105 modlitw\u0119 za zmar\u0142ych w ka\u017cd\u0105 niedziel\u0119 o godz. 10.30, oraz Msze \u015bw. odprawiane przez ca\u0142y rok, w ka\u017cd\u0105 pierwsz\u0105 \u015brod\u0119 miesi\u0105ca. Wypominki jednorazowe s\u0105 modlitw\u0105 odmawian\u0105\u00a0 w <strong>Uroczysto\u015b\u0107 Wszystkich \u015awi\u0119tych <\/strong><strong>1 listopada<\/strong> w czasie procesji na cmentarzu w <strong>Za\u0142ubicach<\/strong> i we <strong>Wspomnienie<\/strong><strong> Wszystkich Wiernych Zmar\u0142ych <\/strong>(Dzie\u0144 Zaduszny) <strong>2 listopada, <\/strong>podczas Mszy\u015bw<strong>. <\/strong>w <strong>Kuligowie<\/strong>. Ogarniaj\u0105c modlitw\u0105 zmar\u0142ych sk\u0142adamy dobrowolne ofiary wpisuj\u0105c imiona i nazwiska zmar\u0142ych. Mo\u017cemy wykorzysta\u0107 kartki wy\u0142o\u017cone przy wyj\u015bciu z ko\u015bcio\u0142a. W Uroczysto\u015b\u0107 Wszystkich \u015awi\u0119tych 1 listopada, Msza \u015bw. w naszej parafii o godz. <strong>9.00<\/strong>. W tym dniu nie b\u0119dzie Mszy \u015bw. o godz.11.00.<br \/>\n<strong>Procesja na cmentarzu w Za\u0142ubicach o godz. 11.00<\/strong>, a po niej <strong>Msza \u015bwi\u0119ta <\/strong><strong>o godz. 12.00.<\/strong><\/li>\n<li>Pocz\u0105wszy od dnia 17 pa\u017adziernika br. wesz\u0142y w \u017cycie nowe zmiany w ograniczeniach w Polsce, zwi\u0105zane z epidemi\u0105 koronawirusa (Covid\u201319). Dotyczy to r\u00f3wnie\u017c miejsc kultu religijnego. Wed\u0142ug nich liczba os\u00f3b uczestnicz\u0105cych we Mszy \u015bw. lub innym obrz\u0119dzie religijnym b\u0119dzie zale\u017cna od powierzchni \u015bwi\u0105tyni. W ko\u015bciele na jedn\u0105 osob\u0119 musi przypada\u0107 co najmniej 4 m<sup>2<\/sup> powierzchni. Maj\u0105c na uwadze powierzchnie przeznaczon\u0105 do kultu religijnego naszej \u015bwi\u0105tyni w Kuligowie (170,52m<sup>2<\/sup>), maksymalnie mo\u017ce uczestniczy\u0107\u00a0<strong><u>42 osoby<\/u><\/strong><u>.<\/u><\/li>\n<li>Wszystkim parafianom, dzia\u0142kowiczom i go\u015bciom \u017cycz\u0119\u00a0 dobrego Duchowego prze\u017cycia niedzieli\u00a0 i\u00a0 b\u0142ogos\u0142awionego tygodnia.<\/li>\n<li>Zach\u0119camy do czytania prasy katolickiej.<\/li>\n<\/ol>\n<p style=\"text-align: center;\"><strong>Intencje <\/strong><strong>Mszalne <\/strong><strong>\u00a018 \u2013 25\u00a0 pa\u017adziernik \u00a02020r.<\/strong><strong>\u00a0<\/strong><\/p>\n<p><span style=\"color: #ff0000;\"><strong>Nd.\u00a0 18. X\u00a0\u00a0\u00a0\u00a0\u00a0 29\u00a0 Niedziela Zwyk\u0142a<br \/>\n<\/strong><\/span>g. 9.00\u00a0\u00a0 Int. zam.<br \/>\ng. 11.00 Int. zam.<br \/>\n<strong>Pn.\u00a0\u00a0 19. X<\/strong><br \/>\ng.\u00a0 17.30\u00a0 R\u00f3\u017caniec<br \/>\ng. 18.00\u00a0 + Barbar\u0119 Teres\u0119 Mianowsk\u0105\u00a0 \/1\/<br \/>\n<strong>Wt.\u00a0 20. X\u00a0\u00a0\u00a0\u00a0\u00a0\u00a0 \u00a0\u00a0\u00a0<\/strong>g. \u00a0\u00a0\u00a07.00 \u00a0Int. wolna<br \/>\n<strong>\u015ar.\u00a0 \u00a021. X\u00a0\u00a0 <\/strong><br \/>\ng\u00a0\u00a0 17.30\u00a0 R\u00f3\u017caniec<br \/>\ng. 18.00\u00a0 Dzi\u0119kcz. O Bo\u017ce b\u0142og. i \u0142aski, opiek\u0119 Matki Bo\u017cej dla cz\u0142onki\u0144 \u017bywego R\u00f3\u017ca\u0144ca i ich rodzin<br \/>\n<strong>Czw. 22. X <\/strong>\u00a0\u00a0\u00a0\u00a0\u00a0\u00a0\u00a0\u00a0g. \u00a0\u00a0\u00a07.00\u00a0 \u00a0Int. wolna<br \/>\n<strong>Pt.\u00a0\u00a0 \u00a023. X\u00a0\u00a0\u00a0 \u00a0\u00a0\u00a0<\/strong><br \/>\ng.<strong>\u00a0 <\/strong>17.30\u00a0\u00a0 R\u00f3\u017caniec<br \/>\ng. 18.00\u00a0 + Wac\u0142aw\u0119 Mianowsk\u0105 w 1 rocz. \u015bm.<br \/>\n<strong>Sob. \u00a024. X\u00a0\u00a0\u00a0 <\/strong><br \/>\ng.\u00a0 17.30\u00a0 R\u00f3\u017caniec<br \/>\ng. 18.00\u00a0 + Helen\u0119 Mioduchowsk\u0105<br \/>\n<span style=\"color: #ff0000;\"><strong>Nd.\u00a0 25. X\u00a0\u00a0\u00a0\u00a0\u00a0 30\u00a0 Niedziela Zwyk\u0142a<br \/>\n<\/strong><\/span>g. 9.00\u00a0\u00a0 Int. zam.<br \/>\ng. 11.00\u00a0\u00a0 Int. zam.<br \/>\ng. 12.30 \u00a0Int. zam.<\/p>\n","protected":false},"excerpt":{"rendered":"<p>Dzisiaj obchodzimy \u015awiatowy Dzie\u0144 Misyjny rozpoczynaj\u0105cy Tydzie\u0144 misyjny. Ka\u017cdy z nas na mocy sakramentu Chrztu i Bierzmowania wezwany jest do dawania \u015bwiadectwa staj\u0105c si\u0119 siewc\u0105 Bo\u017cego S\u0142owa. Pami\u0119tajmy w naszych modlitwach o Misjonarzach. Ofiary sk\u0142adane dzi\u015b na tac\u0119 b\u0119d\u0105 przeznaczone na misje. Dzisiaj tak\u017ce w polskich ko\u015bcio\u0142ach tradycyjnie liczymy wiernych. [&hellip;]<\/p>\n","protected":false},"author":2,"featured_media":0,"comment_status":"closed","ping_status":"closed","sticky":false,"template":"","format":"standard","meta":[],"categories":[2],"tags":[],"_links":{"self":[{"href":"http:\/\/www.parafiakuligow.pl\/index.php\/wp-json\/wp\/v2\/posts\/1544"}],"collection":[{"href":"http:\/\/www.parafiakuligow.pl\/index.php\/wp-json\/wp\/v2\/posts"}],"about":[{"href":"http:\/\/www.parafiakuligow.pl\/index.php\/wp-json\/wp\/v2\/types\/post"}],"author":[{"embeddable":true,"href":"http:\/\/www.parafiakuligow.pl\/index.php\/wp-json\/wp\/v2\/users\/2"}],"replies":[{"embeddable":true,"href":"http:\/\/www.parafiakuligow.pl\/index.php\/wp-json\/wp\/v2\/comments?post=1544"}],"version-history":[{"count":1,"href":"http:\/\/www.parafiakuligow.pl\/index.php\/wp-json\/wp\/v2\/posts\/1544\/revisions"}],"predecessor-version":[{"id":1545,"href":"http:\/\/www.parafiakuligow.pl\/index.php\/wp-json\/wp\/v2\/posts\/1544\/revisions\/1545"}],"wp:attachment":[{"href":"http:\/\/www.parafiakuligow.pl\/index.php\/wp-json\/wp\/v2\/media?parent=1544"}],"wp:term":[{"taxonomy":"category","embeddable":true,"href":"http:\/\/www.parafiakuligow.pl\/index.php\/wp-json\/wp\/v2\/categories?post=1544"},{"taxonomy":"post_tag","embeddable":true,"href":"http:\/\/www.parafiakuligow.pl\/index.php\/wp-json\/wp\/v2\/tags?post=1544"}],"curies":[{"name":"wp","href":"https:\/\/api.w.org\/{rel}","templated":true}]}}