{"id":1526,"date":"2020-09-27T11:29:34","date_gmt":"2020-09-27T09:29:34","guid":{"rendered":"http:\/\/www.parafiakuligow.pl\/?p=1526"},"modified":"2020-10-04T20:09:30","modified_gmt":"2020-10-04T18:09:30","slug":"1526","status":"publish","type":"post","link":"http:\/\/www.parafiakuligow.pl\/index.php\/2020\/09\/27\/1526\/","title":{"rendered":"27 wrzesie\u0144 2020 &#8211; 26 Niedziela Zwyk\u0142a"},"content":{"rendered":"<ol>\n<li>Do Sakramentu Ma\u0142\u017ce\u0144stwa przygotowuj\u0105 si\u0119 nast\u0119puj\u0105ce osoby:<br \/>\nPiotr Sergiusz Kuligowski, kawaler z parafii MB Loreta\u0144skiej &#8211; Kulig\u00f3w<br \/>\nMarta Kuci\u0144ska, panna z parafii Niepokalanego Pocz\u0119cia NM Panny \u2013 G\u00f3ra Kalwaria<br \/>\n<strong><br \/>\nZapowied\u017a I<\/strong>.<br \/>\nKto by wiedzia\u0142 o przeszkodach zachodz\u0105cych mi\u0119dzy tymi osobami proszony jest o poinformowanie w kancelarii parafialnej. Polecamy tych narzeczonych modlitwie wiernych.<\/li>\n<li>W dzisiejsz\u0105 niedziel\u0119 obchodzimy \u015awiatowy dzie\u0144 Migranta i Uchod\u017acy. Podczas Mszy \u015bw. o godz. 11.00 dzieci przygotowuj\u0105ce si\u0119 do I Komunii \u015bw. otrzymaj\u0105 r\u00f3\u017ca\u0144ce. To pierwszy znak w przygotowaniu do tego wa\u017cnego wydarzenia w ich \u017cyciu. Po Mszy \u015bw. spotkanie rodzic\u00f3w i dzieci przygotowuj\u0105cych si\u0119 do\u00a0 I Komunii \u015bwi\u0119tej.<\/li>\n<li>2 pa\u017adziernika przypada pierwszy pi\u0105tek miesi\u0105ca, okazja i mo\u017cliwo\u015b\u0107 spowiedzi od godz.17.00. Msza \u015bwi\u0119ta do Naj\u015bwi\u0119tszego Serca Pana Jezusa o godz. 18.00. W tym dniu w liturgii wspominamy \u015awi\u0119tych Anio\u0142\u00f3w Str\u00f3\u017c\u00f3w.<\/li>\n<li>W pierwsz\u0105 sobot\u0119 miesi\u0105ca 3 pa\u017adziernika liturgiczne \u015bwi\u0119to \u015aw. Archanio\u0142\u00f3w Micha\u0142a, Gabriela i Rafa\u0142a.<\/li>\n<li>Pocz\u0105wszy od czwartku rozpoczynamy modlitw\u0119 r\u00f3\u017ca\u0144cow\u0105.<br \/>\nR\u00f3\u017caniec w tygodniu;<br \/>\nw\u00a0 poniedzia\u0142ek, \u015brod\u0119, pi\u0105tek i sobot\u0119 przed Msz\u0105 o godz.17.30;<br \/>\nwe wtorek i czwartek po Mszy \u015bw. o godz.7.00;<br \/>\nw niedziel\u0119 po Mszy \u015bw. o godz.11.00.<br \/>\nWsp\u00f3lne pobo\u017cne odm\u00f3wienie r\u00f3\u017ca\u0144ca po\u0142\u0105czone z rozwa\u017caniem tajemnic przy spe\u0142nieniu zwyk\u0142ych warunk\u00f3w umo\u017cliwia zyskanie \u0142aski odpustu zupe\u0142nego. W szczeg\u00f3lny spos\u00f3b zapraszamy dzieci i m\u0142odzie\u017c. Po ka\u017cdym nabo\u017ce\u0144stwie b\u0119d\u0105 rozdawane dzieciom naklejki z tajemnicami, kt\u00f3re nale\u017cy wklei\u0107 do zeszytu.<\/li>\n<li>Przypominamy, \u017ce od pa\u017adziernika tak, jak w latach poprzednich zmieni si\u0119 organizacja S\u0142u\u017cby Bo\u017cej w naszej parafii.<br \/>\nW niedziel\u0119 pozostan\u0105 dwie Msze \u015bw.\u00a0 o godz. 9.00 \u00a0i \u00a011.00.<br \/>\nW dni powszednie:<strong> poniedzia\u0142ki, \u015brody, pi\u0105tki i soboty<\/strong> Msza \u015bw. wieczorna b\u0119dzie odprawiana o godzin\u0119 wcze\u015bniej tzn. nie o 19.00, ale <strong>o godz. 18.00<\/strong>. We wtorki i czwartki Msza \u015bw. b\u0119dzie odprawiana o godz.7.00.<\/li>\n<li>W przysz\u0142\u0105 niedziel\u0119 4 pa\u017adziernika z racji I niedzieli miesi\u0105ca po Mszy \u015bw. o godz. 11.00 wystawienie Naj\u015bwi\u0119tszego Sakramentu i modlitwa r\u00f3\u017ca\u0144cowa. W tym dniu\u00a0 ofiary na tac\u0119 przeznaczamy na dom siostry Faustyny Kowalskiej w Ostr\u00f3wku.<\/li>\n<li>Wszystkim parafianom, dzia\u0142kowiczom i go\u015bciom \u017cycz\u0119 dobrego duchowego prze\u017cycia niedzieli\u00a0 i\u00a0 b\u0142ogos\u0142awionego tygodnia.<\/li>\n<li>Zach\u0119camy do czytania prasy katolickiej.<\/li>\n<\/ol>\n<p style=\"text-align: center;\"><strong>Intencje <\/strong><strong>Mszalne<\/strong><strong>\u00a027 wrzesie\u0144 \u2013 04 pa\u017adziernik \u00a02020r.<\/strong><\/p>\n<p><span style=\"color: #ff0000;\"><strong>Nd.\u00a0 27. IX\u00a0\u00a0\u00a0\u00a0\u00a0 26\u00a0 Niedziela Zwyk\u0142a<br \/>\n<\/strong><\/span>g. 9.00\u00a0\u00a0 + Ann\u0119, Zygmunta i Jadwig\u0119 Liszewskich<br \/>\ng. 11.00 Int. zam.<br \/>\ng. 12.00 + Zygmunta K.\u00a0 gr.13<br \/>\n<strong>Pn.\u00a0\u00a0 28. IX<\/strong>\u00a0\u00a0\u00a0\u00a0 \u00a0\u00a0\u00a0g.\u00a0 19.00\u00a0 + Zygmunta K. \u00a0 gr.14<br \/>\n<strong>Wt.\u00a0 29. IX\u00a0\u00a0\u00a0\u00a0\u00a0\u00a0\u00a0 <\/strong>g. \u00a0\u00a0\u00a07.00 \u00a0+ Zygmunta K. \u00a0 gr.15<br \/>\n<strong>\u015ar.\u00a0 \u00a030. IX\u00a0\u00a0 <\/strong><br \/>\ng\u00a0\u00a0 18.30\u00a0 Int. zam.<br \/>\ng. 19.00\u00a0 + Zygmunta K. \u00a0 gr.16<br \/>\n<strong>Czw. 01. X <\/strong>\u00a0\u00a0\u00a0\u00a0\u00a0\u00a0\u00a0\u00a0g. \u00a0\u00a0\u00a07.00\u00a0 \u00a0+ Zygmunta K. \u00a0 gr.17<br \/>\n<strong>Pt.\u00a0\u00a0 \u00a002. X\u00a0\u00a0\u00a0 \u00a0\u00a0\u00a0<\/strong><br \/>\ng.<strong>\u00a0 <\/strong>17.30\u00a0\u00a0 R\u00f3\u017caniec<br \/>\ng. 18.00\u00a0 + Zygmunta K.\u00a0 gr.18<br \/>\n<strong>Sob. \u00a003. X\u00a0\u00a0\u00a0 <\/strong><br \/>\ng.\u00a0 17.00\u00a0 + Zygmunta K.\u00a0 gr. 19<br \/>\ng. 17.30\u00a0 R\u00f3\u017caniec<br \/>\ng. 18.00\u00a0 W int. Rodzic\u00f3w i Dzieci\u00a0 K\u017bR \u015bw. Jana Paw\u0142a II<br \/>\n<span style=\"color: #ff0000;\"><strong>Nd.\u00a0 04. X\u00a0\u00a0\u00a0\u00a0\u00a0 27\u00a0 Niedziela Zwyk\u0142a<br \/>\n<\/strong><\/span>g. 9.00\u00a0\u00a0 Int. zam.<br \/>\ng. 11.00\u00a0\u00a0 Dzi\u0119k. O Bo\u017ce b\u0142og., opiek\u0119 Matki Bo\u017cej dla Ma\u0142gorzaty w dniu jej urodzin<br \/>\ng. 12.00 + Zygmunta K.\u00a0 gr.20<\/p>\n","protected":false},"excerpt":{"rendered":"<p>Do Sakramentu Ma\u0142\u017ce\u0144stwa przygotowuj\u0105 si\u0119 nast\u0119puj\u0105ce osoby: Piotr Sergiusz Kuligowski, kawaler z parafii MB Loreta\u0144skiej &#8211; Kulig\u00f3w Marta Kuci\u0144ska, panna z parafii Niepokalanego Pocz\u0119cia NM Panny \u2013 G\u00f3ra Kalwaria Zapowied\u017a I. Kto by wiedzia\u0142 o przeszkodach zachodz\u0105cych mi\u0119dzy tymi osobami proszony jest o poinformowanie w kancelarii parafialnej. Polecamy tych narzeczonych [&hellip;]<\/p>\n","protected":false},"author":2,"featured_media":0,"comment_status":"closed","ping_status":"closed","sticky":false,"template":"","format":"standard","meta":[],"categories":[2],"tags":[],"_links":{"self":[{"href":"http:\/\/www.parafiakuligow.pl\/index.php\/wp-json\/wp\/v2\/posts\/1526"}],"collection":[{"href":"http:\/\/www.parafiakuligow.pl\/index.php\/wp-json\/wp\/v2\/posts"}],"about":[{"href":"http:\/\/www.parafiakuligow.pl\/index.php\/wp-json\/wp\/v2\/types\/post"}],"author":[{"embeddable":true,"href":"http:\/\/www.parafiakuligow.pl\/index.php\/wp-json\/wp\/v2\/users\/2"}],"replies":[{"embeddable":true,"href":"http:\/\/www.parafiakuligow.pl\/index.php\/wp-json\/wp\/v2\/comments?post=1526"}],"version-history":[{"count":7,"href":"http:\/\/www.parafiakuligow.pl\/index.php\/wp-json\/wp\/v2\/posts\/1526\/revisions"}],"predecessor-version":[{"id":1537,"href":"http:\/\/www.parafiakuligow.pl\/index.php\/wp-json\/wp\/v2\/posts\/1526\/revisions\/1537"}],"wp:attachment":[{"href":"http:\/\/www.parafiakuligow.pl\/index.php\/wp-json\/wp\/v2\/media?parent=1526"}],"wp:term":[{"taxonomy":"category","embeddable":true,"href":"http:\/\/www.parafiakuligow.pl\/index.php\/wp-json\/wp\/v2\/categories?post=1526"},{"taxonomy":"post_tag","embeddable":true,"href":"http:\/\/www.parafiakuligow.pl\/index.php\/wp-json\/wp\/v2\/tags?post=1526"}],"curies":[{"name":"wp","href":"https:\/\/api.w.org\/{rel}","templated":true}]}}