{"id":1519,"date":"2020-09-14T18:44:57","date_gmt":"2020-09-14T16:44:57","guid":{"rendered":"http:\/\/www.parafiakuligow.pl\/?p=1519"},"modified":"2020-09-20T11:33:46","modified_gmt":"2020-09-20T09:33:46","slug":"13-wrzesien-2020-24-niedziela-zwykla","status":"publish","type":"post","link":"http:\/\/www.parafiakuligow.pl\/index.php\/2020\/09\/14\/13-wrzesien-2020-24-niedziela-zwykla\/","title":{"rendered":"13 wrzesie\u0144 2020 &#8211; 24  Niedziela  Zwyk\u0142a"},"content":{"rendered":"<ol>\n<li>Dzisiaj po Mszy \u015bw. o godz. 11.00 spotkanie dla Rodzic\u00f3w i dzieci przygotowuj\u0105cych si\u0119 do \u00a0I Komunii \u015bwi\u0119tej.<\/li>\n<li>W poniedzia\u0142ek 14 wrze\u015bnia przypada \u015bwi\u0119to Podwy\u017cszenia Krzy\u017ca \u015awi\u0119tego. Msza \u015bw. o godz. 19.00. W parafii D\u0105br\u00f3wka odpust parafialny.<\/li>\n<li>W dzisiejsz\u0105 niedziel\u0119 ofiary sk\u0142adane na tace w ca\u0142ej naszej diecezji przeznaczone s\u0105 na Wy\u017csze Seminarium Duchowne. B\u00f3g zap\u0142a\u0107 wszystkim ofiarodawcom.<\/li>\n<li>W pi\u0105tek 18 wrze\u015bnia przypada liturgiczne \u015bwi\u0119to \u015bw. Stanis\u0142awa Kostki, zakonnika, patrona Polski.<\/li>\n<li>Wszystkim naszym parafianom i go\u015bciom \u017cyczymy dobrego wypoczynku, udanej niedzieli i b\u0142ogos\u0142awionego tygodnia.<\/li>\n<li>Zach\u0119camy do czytania prasy katolickiej.<\/li>\n<\/ol>\n<p style=\"text-align: center;\"><strong>Intencje <\/strong><strong>Mszalne <\/strong><strong>\u00a013 &#8211; 20 wrzesie\u0144 \u00a02020r.<\/strong><\/p>\n<p><span style=\"color: #ff0000;\"><strong>Nd.\u00a0 13. IX\u00a0\u00a0\u00a0\u00a0\u00a0 24\u00a0 Niedziela Zwyk\u0142a<br \/>\n<\/strong><\/span>g. 9.00\u00a0\u00a0 Int. zam.<br \/>\ng. 11.00 \u00a0Int. zam.<br \/>\n<strong>Pn.\u00a0 14. IX<\/strong>\u00a0\u00a0\u00a0\u00a0 \u00a0\u00a0\u00a0g.\u00a0 19.00\u00a0 Int. wolna<br \/>\n<strong>Wt.\u00a0 15. IX\u00a0\u00a0\u00a0\u00a0\u00a0\u00a0\u00a0 <\/strong>g. \u00a0\u00a0\u00a07.00 \u00a0+ Zygmunta K.\u00a0 gr.1<br \/>\n<strong>\u015ar.\u00a0 \u00a016. IX\u00a0\u00a0 <\/strong>\u00a0\u00a0\u00a0\u00a0\u00a0g.\u00a0 19.00\u00a0 + Zygmunta K.\u00a0 gr.2<br \/>\n<strong>Czw. 17. IX <\/strong>\u00a0\u00a0\u00a0\u00a0\u00a0\u00a0\u00a0g. \u00a0\u00a0\u00a07.00\u00a0 + Zygmunta K.\u00a0 gr.3<br \/>\n<strong>Pt.\u00a0\u00a0 \u00a018. IX\u00a0\u00a0\u00a0 \u00a0\u00a0\u00a0\u00a0<\/strong>g. \u00a019.00\u00a0 + Zygmunta K.\u00a0 gr.4<br \/>\n<strong>Sob. \u00a019. IX\u00a0\u00a0\u00a0 <\/strong><br \/>\ng. \u00a018.30\u00a0 + Zygmunta K.\u00a0 gr.5<br \/>\ng. 19.00\u00a0 Int. zam.<br \/>\n<strong><span style=\"color: #ff0000;\">Nd.\u00a0 20. IX\u00a0\u00a0\u00a0\u00a0\u00a0 25\u00a0 Niedziela Zwyk\u0142a<\/span><br \/>\n<\/strong>g. 9.00\u00a0\u00a0 Int. zam.<br \/>\ng. 11.00\u00a0\u00a0 + Aniel\u0119 i Wac\u0142awa Ga\u0142eckich<br \/>\ng. 12.00 + Zygmunta K.\u00a0 gr.6<\/p>\n<p>&nbsp;<\/p>\n","protected":false},"excerpt":{"rendered":"<p>Dzisiaj po Mszy \u015bw. o godz. 11.00 spotkanie dla Rodzic\u00f3w i dzieci przygotowuj\u0105cych si\u0119 do \u00a0I Komunii \u015bwi\u0119tej. W poniedzia\u0142ek 14 wrze\u015bnia przypada \u015bwi\u0119to Podwy\u017cszenia Krzy\u017ca \u015awi\u0119tego. Msza \u015bw. o godz. 19.00. W parafii D\u0105br\u00f3wka odpust parafialny. W dzisiejsz\u0105 niedziel\u0119 ofiary sk\u0142adane na tace w ca\u0142ej naszej diecezji przeznaczone s\u0105 [&hellip;]<\/p>\n","protected":false},"author":2,"featured_media":0,"comment_status":"closed","ping_status":"closed","sticky":false,"template":"","format":"standard","meta":[],"categories":[2],"tags":[],"_links":{"self":[{"href":"http:\/\/www.parafiakuligow.pl\/index.php\/wp-json\/wp\/v2\/posts\/1519"}],"collection":[{"href":"http:\/\/www.parafiakuligow.pl\/index.php\/wp-json\/wp\/v2\/posts"}],"about":[{"href":"http:\/\/www.parafiakuligow.pl\/index.php\/wp-json\/wp\/v2\/types\/post"}],"author":[{"embeddable":true,"href":"http:\/\/www.parafiakuligow.pl\/index.php\/wp-json\/wp\/v2\/users\/2"}],"replies":[{"embeddable":true,"href":"http:\/\/www.parafiakuligow.pl\/index.php\/wp-json\/wp\/v2\/comments?post=1519"}],"version-history":[{"count":3,"href":"http:\/\/www.parafiakuligow.pl\/index.php\/wp-json\/wp\/v2\/posts\/1519\/revisions"}],"predecessor-version":[{"id":1523,"href":"http:\/\/www.parafiakuligow.pl\/index.php\/wp-json\/wp\/v2\/posts\/1519\/revisions\/1523"}],"wp:attachment":[{"href":"http:\/\/www.parafiakuligow.pl\/index.php\/wp-json\/wp\/v2\/media?parent=1519"}],"wp:term":[{"taxonomy":"category","embeddable":true,"href":"http:\/\/www.parafiakuligow.pl\/index.php\/wp-json\/wp\/v2\/categories?post=1519"},{"taxonomy":"post_tag","embeddable":true,"href":"http:\/\/www.parafiakuligow.pl\/index.php\/wp-json\/wp\/v2\/tags?post=1519"}],"curies":[{"name":"wp","href":"https:\/\/api.w.org\/{rel}","templated":true}]}}