{"id":1517,"date":"2020-09-08T13:16:35","date_gmt":"2020-09-08T11:16:35","guid":{"rendered":"http:\/\/www.parafiakuligow.pl\/?p=1517"},"modified":"2020-09-08T13:16:35","modified_gmt":"2020-09-08T11:16:35","slug":"06-wrzesien-2020-23-niedziela-zwykla","status":"publish","type":"post","link":"http:\/\/www.parafiakuligow.pl\/index.php\/2020\/09\/08\/06-wrzesien-2020-23-niedziela-zwykla\/","title":{"rendered":"06 wrzesie\u0144 2020 &#8211; 23  Niedziela  Zwyk\u0142a"},"content":{"rendered":"<ol>\n<li>Dzi\u015b z racji I niedzieli miesi\u0105ca po Mszy \u015bwi\u0119tej o godz. 11.00 wystawienie Naj\u015bwi\u0119tszego Sakramentu i adoracja eucharystyczna. Po adoracji spotkanie S\u0142u\u017cby Liturgicznej O\u0142tarza. Zapraszam wszystkich ch\u0119tnych ch\u0142opc\u00f3w i m\u0142odzie\u0144c\u00f3w. Blisko\u015b\u0107 o\u0142tarza, a tym samym Jezusa to nie tylko wyr\u00f3\u017cnienie, ale te\u017c szansa pe\u0142niejszego duchowego rozwoju.<\/li>\n<li>Po\u015bwi\u0119cenie przybor\u00f3w szkolnych w zwi\u0105zku z nowym rokiem dzisiaj podczas Mszy \u015bw. o godz.11.00. Zapraszamy w spos\u00f3b szczeg\u00f3lny dzieci z klas\u00a0 0\u00a0 i\u00a0 I.<\/li>\n<li>Tydzie\u0144 temu dla poszkodowanych mieszka\u0144c\u00f3w Bejrutu zebrali\u015bmy 600 z\u0142. Serdeczne B\u00f3g zap\u0142a\u0107.<\/li>\n<li>Pocz\u0105wszy od dnia dzisiejszego nie b\u0119dzie ju\u017c dodatkowej Mszy \u015bw. w niedziel\u0119 o godz. 13.00 tylko o godz. 9.00 i 11.00.<\/li>\n<li>W przysz\u0142\u0105 niedziel\u0119 15 wrze\u015bnia po Mszy \u015bw. o godz. 11.00 spotkanie organizacyjne dla Rodzic\u00f3w i dzieci przygotowuj\u0105cych si\u0119 do I Komunii \u015bwi\u0119tej.<\/li>\n<li>Dzisiaj po ka\u017cdej Mszy \u015bw. zbi\u00f3rka do puszek na Katolicki O\u015brodek Adopcyjny, a za tydzie\u0144 taca na Wy\u017csze Seminarium Duchowne.<\/li>\n<li>Pocz\u0105wszy od dnia dzisiejszego mo\u017cemy zamawia\u0107 intencje mszalne na rok 2021.<\/li>\n<li>Wszystkim naszym parafianom i go\u015bciom odpoczywaj\u0105cym w Kuligowie \u017cycz\u0119 mi\u0142ej niedzieli oraz dobrego i b\u0142ogos\u0142awionego tygodnia.<\/li>\n<li>Zach\u0119camy do czytania prasy katolickiej.<\/li>\n<\/ol>\n<p><strong>Intencje <\/strong><strong>Mszalne <\/strong><strong>\u00a006 &#8211; 13 wrzesie\u0144 \u00a02020r.<\/strong><\/p>\n<p><span style=\"color: #ff0000;\"><strong>Nd.\u00a0 06. IX\u00a0\u00a0\u00a0\u00a0\u00a0 23\u00a0 Niedziela Zwyk\u0142a<br \/>\n<\/strong><\/span>g. 9.00\u00a0\u00a0 Int. zam.<br \/>\ng. 11.00 + Hieronima Ga\u0142eckiego w 1 rocz. \u015bm.<br \/>\n<strong>Pn.\u00a0 07. IX<\/strong>\u00a0\u00a0\u00a0\u00a0 \u00a0\u00a0\u00a0g.\u00a0 19.00\u00a0 Int. wolna<br \/>\n<strong>Wt.\u00a0 08. IX\u00a0\u00a0\u00a0\u00a0\u00a0\u00a0\u00a0 <\/strong>g. \u00a0\u00a0\u00a07.00 \u00a0Int. wolna<br \/>\n<strong>\u015ar.\u00a0 \u00a009. IX\u00a0\u00a0 <\/strong>\u00a0\u00a0\u00a0\u00a0\u00a0g.\u00a0 19.00\u00a0 O Bo\u017ce b\u0142og. i \u0142aski, opiek\u0119 Matki Bo\u017cej dla Oriany i Patryka<br \/>\n<strong>Czw. 10. IX <\/strong>\u00a0\u00a0\u00a0\u00a0\u00a0\u00a0\u00a0g. \u00a0\u00a0\u00a07.00\u00a0 Int. wolna<br \/>\n<strong>Pt.\u00a0\u00a0 \u00a011. IX<br \/>\n<\/strong>g. <strong>\u00a0<\/strong>18.30\u00a0 + Jerzego, Leopolda W\u00f3jcik<br \/>\ng. 19.00\u00a0 + Mari\u0119 i Henryka Szulc<br \/>\n<strong>Sob. \u00a012. IX\u00a0\u00a0\u00a0 <\/strong><br \/>\ng. \u00a018.30\u00a0 + Bernadyna Mianowskiego w 2 rocz. \u015bm. Bernarda i Janin\u0119: Jerzego Aniszewskiego<br \/>\ng. 19.00\u00a0 Int. zam.<br \/>\n<span style=\"color: #ff0000;\"><strong>Nd.\u00a0 13. IX\u00a0\u00a0\u00a0\u00a0\u00a0 24\u00a0 Niedziela Zwyk\u0142a<br \/>\n<\/strong><\/span>g. 9.00\u00a0\u00a0 Int. zam.<br \/>\ng. 11.00\u00a0 Int. zam.<\/p>\n","protected":false},"excerpt":{"rendered":"<p>Dzi\u015b z racji I niedzieli miesi\u0105ca po Mszy \u015bwi\u0119tej o godz. 11.00 wystawienie Naj\u015bwi\u0119tszego Sakramentu i adoracja eucharystyczna. Po adoracji spotkanie S\u0142u\u017cby Liturgicznej O\u0142tarza. Zapraszam wszystkich ch\u0119tnych ch\u0142opc\u00f3w i m\u0142odzie\u0144c\u00f3w. Blisko\u015b\u0107 o\u0142tarza, a tym samym Jezusa to nie tylko wyr\u00f3\u017cnienie, ale te\u017c szansa pe\u0142niejszego duchowego rozwoju. Po\u015bwi\u0119cenie przybor\u00f3w szkolnych w [&hellip;]<\/p>\n","protected":false},"author":2,"featured_media":0,"comment_status":"closed","ping_status":"closed","sticky":false,"template":"","format":"standard","meta":[],"categories":[2],"tags":[],"_links":{"self":[{"href":"http:\/\/www.parafiakuligow.pl\/index.php\/wp-json\/wp\/v2\/posts\/1517"}],"collection":[{"href":"http:\/\/www.parafiakuligow.pl\/index.php\/wp-json\/wp\/v2\/posts"}],"about":[{"href":"http:\/\/www.parafiakuligow.pl\/index.php\/wp-json\/wp\/v2\/types\/post"}],"author":[{"embeddable":true,"href":"http:\/\/www.parafiakuligow.pl\/index.php\/wp-json\/wp\/v2\/users\/2"}],"replies":[{"embeddable":true,"href":"http:\/\/www.parafiakuligow.pl\/index.php\/wp-json\/wp\/v2\/comments?post=1517"}],"version-history":[{"count":1,"href":"http:\/\/www.parafiakuligow.pl\/index.php\/wp-json\/wp\/v2\/posts\/1517\/revisions"}],"predecessor-version":[{"id":1518,"href":"http:\/\/www.parafiakuligow.pl\/index.php\/wp-json\/wp\/v2\/posts\/1517\/revisions\/1518"}],"wp:attachment":[{"href":"http:\/\/www.parafiakuligow.pl\/index.php\/wp-json\/wp\/v2\/media?parent=1517"}],"wp:term":[{"taxonomy":"category","embeddable":true,"href":"http:\/\/www.parafiakuligow.pl\/index.php\/wp-json\/wp\/v2\/categories?post=1517"},{"taxonomy":"post_tag","embeddable":true,"href":"http:\/\/www.parafiakuligow.pl\/index.php\/wp-json\/wp\/v2\/tags?post=1517"}],"curies":[{"name":"wp","href":"https:\/\/api.w.org\/{rel}","templated":true}]}}