{"id":1506,"date":"2020-08-22T09:37:26","date_gmt":"2020-08-22T07:37:26","guid":{"rendered":"http:\/\/www.parafiakuligow.pl\/?p=1506"},"modified":"2020-08-22T09:37:26","modified_gmt":"2020-08-22T07:37:26","slug":"16-sierpien-2020-niedziela-zwykla","status":"publish","type":"post","link":"http:\/\/www.parafiakuligow.pl\/index.php\/2020\/08\/22\/16-sierpien-2020-niedziela-zwykla\/","title":{"rendered":"16 Sierpie\u0144 2020 &#8211; Niedziela Zwyk\u0142a"},"content":{"rendered":"<ol>\n<li>W sobot\u0119 22 sierpnia o godz. 9.00 spowied\u017a kandydat\u00f3w i rodzin przed przyj\u0119ciem sakramentu Bierzmowania.<\/li>\n<li>W przysz\u0142\u0105 niedziel\u0119 <strong>23 sierpnia<\/strong> b\u0119dziemy prze\u017cywa\u0107 Uroczysto\u015b\u0107 Odpustu\u00a0 w naszej \u00a0parafii. Sum\u0119 odpustow\u0105 \u00a0<strong>o godz. 12.30 <\/strong>odprawi i kazanie wyg\u0142osi ks. Bp Romuald Kami\u0144ski, ordynariusz naszej diecezji. Podczas Mszy \u015bw. m\u0142odzie\u017c naszej parafii przyjmie \u00a0Sakrament Bierzmowania.<br \/>\nPo Mszy \u015bw. Litania do Matki Bo\u017cej Loreta\u0144skiej i procesja eucharystyczna.<br \/>\nNa zako\u0144czenie\u00a0 przed b\u0142ogos\u0142awie\u0144stwem za\u015bpiewamy hymn \u201e Ciebie Boga wys\u0142awiamy\u2026\u201d . Do wsp\u00f3lnej modlitwy i orszaku procesyjnego zapraszam ministrant\u00f3w, dzieci, m\u0142odzie\u017c, doros\u0142ych, \u00a0parafian i go\u015bci. Msze \u015bw. o godz. 10.00 i 12.30.\u00a0 W tym dniu nie b\u0119dzie Mszy \u015bw. o godz. 9.00\u00a0 i 13.00.<\/li>\n<li>Doroczna, dzi\u0119kczynna procesja do Krzy\u017cy w Kuligowie po\u0142\u0105czona z obchodami 100 rocznicy Bitwy Warszawskiej organizowana przez nasz\u0105 Gmin\u0119 D\u0105br\u00f3wka odb\u0119dzie si\u0119 w sobot\u0119 29 wrze\u015bnia. Pocz\u0105tek procesji przy krzy\u017cu (ul. Wojska Polskiego 111) o godz. 15.00. Po zako\u0144czeniu procesji o godz.17.30 uroczysta Msza \u015bw. w Ko\u015bciele. Tradycyjnie zatroszczmy si\u0119 o odnowienie i dekoracj\u0119 naszych krzy\u017cy. Wyrazimy w ten spos\u00f3b nasze \u015bwiadectwo wiary. Nie b\u0119dzie Mszy \u015bw. o godz. 19.00.<\/li>\n<li>Wszystkim naszym parafianom i go\u015bciom odpoczywaj\u0105cym w Kuligowie \u017cycz\u0119 mi\u0142ej niedzieli oraz dobrego i b\u0142ogos\u0142awionego tygodnia.<\/li>\n<li>Zach\u0119camy do czytania prasy katolickiej.<\/li>\n<\/ol>\n<p>&nbsp;<\/p>\n<p style=\"text-align: center;\"><strong>Intencje <\/strong><strong>Mszalne <\/strong><strong>\u00a016 \u2013 23 \u00a0Sierpie\u0144 \u00a02020r.<\/strong><\/p>\n<p><span style=\"color: #ff0000;\"><strong>Nd.\u00a0 16. VIII\u00a0\u00a0\u00a0\u00a0\u00a0 20\u00a0 Niedziela Zwyk\u0142a<br \/>\n<\/strong><\/span>g. 9.00\u00a0\u00a0 Int. zam.<br \/>\ng. 11.00 + Czes\u0142aw\u0119 Mianowsk\u0105<br \/>\ng. 13.00 Int. zam.<br \/>\n<strong>Pn.\u00a0 17. VIII<\/strong>\u00a0\u00a0\u00a0\u00a0\u00a0\u00a0 \u00a0g.\u00a0 19.00\u00a0 + Alicj\u0119 Matusiewicz w 10 r. \u015bm.<br \/>\n<strong>Wt.\u00a0 18. VIII\u00a0\u00a0\u00a0\u00a0\u00a0\u00a0\u00a0 <\/strong>g. \u00a0\u00a0\u00a07.00 \u00a0Int. wolna<br \/>\n<strong>\u015ar.\u00a0 \u00a019. VIII\u00a0\u00a0 <\/strong>\u00a0\u00a0\u00a0\u00a0\u00a0g.\u00a0 19.00\u00a0 + Henryka Petro\u0144ca w 6 rocz. \u015bm.; dziadk\u00f3w Ros\u00f3w \u00a0i \u00a0\u0106wili\u0144skich<br \/>\n<strong>Czw. 20. VIII <\/strong>\u00a0\u00a0\u00a0\u00a0\u00a0\u00a0\u00a0g. \u00a0\u00a0\u00a07.00\u00a0 Int. wolna<br \/>\n<strong>Pt.\u00a0\u00a0 \u00a021. VIII\u00a0\u00a0\u00a0 \u00a0\u00a0\u00a0\u00a0<\/strong>g. \u00a019.00\u00a0 Int. zam.<br \/>\n<strong>Sob. \u00a022. VIII\u00a0\u00a0\u00a0 <\/strong>\u00a0\u00a0\u00a0\u00a0g. \u00a019.00 \u00a0+ El\u017cbiet\u0119\u00a0 w 10r. \u015bm. i\u00a0 Stanis\u0142awa Gajdek; rodzic\u00f3w: Ann\u0119 i Piotra Gajdek: Janin\u0119 i J\u00f3zefa Pow\u0142oka<br \/>\n<strong><span style=\"color: #ff0000;\">Nd.\u00a0 23. VIII\u00a0\u00a0\u00a0\u00a0\u00a0 21\u00a0 Niedziela Zwyk\u0142a <\/span><\/strong><strong>ODPUST\u00a0 PARAFIALNY<br \/>\n<\/strong>g. 10.00 + Franciszka i Mariann\u0119 D\u0105browskich; El\u017cbiet\u0119 Gajewsk\u0105<br \/>\ng. 12.30 <strong>W int. Parafian<\/strong><\/p>\n","protected":false},"excerpt":{"rendered":"<p>W sobot\u0119 22 sierpnia o godz. 9.00 spowied\u017a kandydat\u00f3w i rodzin przed przyj\u0119ciem sakramentu Bierzmowania. W przysz\u0142\u0105 niedziel\u0119 23 sierpnia b\u0119dziemy prze\u017cywa\u0107 Uroczysto\u015b\u0107 Odpustu\u00a0 w naszej \u00a0parafii. Sum\u0119 odpustow\u0105 \u00a0o godz. 12.30 odprawi i kazanie wyg\u0142osi ks. Bp Romuald Kami\u0144ski, ordynariusz naszej diecezji. Podczas Mszy \u015bw. m\u0142odzie\u017c naszej parafii przyjmie [&hellip;]<\/p>\n","protected":false},"author":2,"featured_media":0,"comment_status":"closed","ping_status":"closed","sticky":false,"template":"","format":"standard","meta":[],"categories":[2],"tags":[],"_links":{"self":[{"href":"http:\/\/www.parafiakuligow.pl\/index.php\/wp-json\/wp\/v2\/posts\/1506"}],"collection":[{"href":"http:\/\/www.parafiakuligow.pl\/index.php\/wp-json\/wp\/v2\/posts"}],"about":[{"href":"http:\/\/www.parafiakuligow.pl\/index.php\/wp-json\/wp\/v2\/types\/post"}],"author":[{"embeddable":true,"href":"http:\/\/www.parafiakuligow.pl\/index.php\/wp-json\/wp\/v2\/users\/2"}],"replies":[{"embeddable":true,"href":"http:\/\/www.parafiakuligow.pl\/index.php\/wp-json\/wp\/v2\/comments?post=1506"}],"version-history":[{"count":1,"href":"http:\/\/www.parafiakuligow.pl\/index.php\/wp-json\/wp\/v2\/posts\/1506\/revisions"}],"predecessor-version":[{"id":1507,"href":"http:\/\/www.parafiakuligow.pl\/index.php\/wp-json\/wp\/v2\/posts\/1506\/revisions\/1507"}],"wp:attachment":[{"href":"http:\/\/www.parafiakuligow.pl\/index.php\/wp-json\/wp\/v2\/media?parent=1506"}],"wp:term":[{"taxonomy":"category","embeddable":true,"href":"http:\/\/www.parafiakuligow.pl\/index.php\/wp-json\/wp\/v2\/categories?post=1506"},{"taxonomy":"post_tag","embeddable":true,"href":"http:\/\/www.parafiakuligow.pl\/index.php\/wp-json\/wp\/v2\/tags?post=1506"}],"curies":[{"name":"wp","href":"https:\/\/api.w.org\/{rel}","templated":true}]}}