{"id":1497,"date":"2020-07-19T11:54:35","date_gmt":"2020-07-19T09:54:35","guid":{"rendered":"http:\/\/www.parafiakuligow.pl\/?p=1497"},"modified":"2020-07-19T11:55:05","modified_gmt":"2020-07-19T09:55:05","slug":"26-lipiec-2020-17-niedziela-zwykla","status":"publish","type":"post","link":"http:\/\/www.parafiakuligow.pl\/index.php\/2020\/07\/19\/26-lipiec-2020-17-niedziela-zwykla\/","title":{"rendered":"26 Lipiec 2020 &#8211; 17 Niedziela Zwyk\u0142a"},"content":{"rendered":"<ol>\n<li>W dniu dzisiejszym po ka\u017cdej Mszy \u015bw. b\u0142ogos\u0142awie\u0144stwo kierowc\u00f3w i po\u015bwi\u0119cenie pojazd\u00f3w z racji\u00a0 \u015bw. Krzysztofa patrona podr\u00f3\u017cuj\u0105cych. Dzi\u0119kuj\u0105c Panu Bogu za Jego opiek\u0119 mo\u017cemy wesprze\u0107 polskich misjonarzy ofiar\u0105 na zakup transportu.<\/li>\n<li>Przypominamy, \u017ce Msza \u015bw. w \u015brody o godz. 19.00 po\u0142\u0105czona jest z nowenn\u0105 do Matki Bo\u017cej Nieustaj\u0105cej Pomocy. Serdecznie zapraszamy.<\/li>\n<li>W sobot\u0119 1 sierpnia przypada 76 rocznica wybuchu Powstania Warszawskiego. W naszych modlitwach pami\u0119tajmy o ofiarach powstania, o naszej Ojczy\u017anie i bohaterach narodowych. Msza \u015bw. <strong>o godz. 19.00<\/strong>. R\u00f3\u017caniec o godz. 18.30.<\/li>\n<li>Zbli\u017ca si\u0119 Uroczysto\u015b\u0107 Odpustu w naszej parafii. B\u0119dziemy j\u0105 prze\u017cywa\u0107 w niedziel\u0119 <strong>23 sierpnia<\/strong>.<br \/>\nUroczysto\u015b\u0107 t\u0119 u\u015bwietni obecno\u015b\u0107 ks. Bpa Romualda Kami\u0144skiego, kt\u00f3ry podczas Sumy odpustowej <strong>o godz. 12.30<\/strong> udzieli naszej m\u0142odzie\u017cy Sakramentu Bierzmowania. Ju\u017c dzisiaj wszystkich parafian i go\u015bci serdecznie zapraszam.<\/li>\n<li>Wszystkim naszym parafianom i go\u015bciom odpoczywaj\u0105cym w Kuligowie \u017cycz\u0119 mi\u0142ej niedzieli oraz dobrego i b\u0142ogos\u0142awionego tygodnia.<\/li>\n<li>Zach\u0119camy do czytania prasy katolickiej.<\/li>\n<\/ol>\n<p style=\"text-align: center;\"><strong>Intencje <\/strong><strong>Mszalne <\/strong><strong>\u00a026 Lipiec \u2013 02 Sierpie\u0144 \u00a02020r.<\/strong><\/p>\n<p style=\"text-align: left;\"><span style=\"color: #ff0000;\"><strong>Nd.\u00a0 26. VII\u00a0\u00a0\u00a0\u00a0\u00a0 17\u00a0 Niedziela Zwyk\u0142a<br \/>\n<\/strong><\/span>g. 9.00\u00a0\u00a0 Int. zam.<br \/>\ng. 11.00 + Ann\u0119, Zygmunta i Jadwig\u0119 Liszewskich<br \/>\ng. 13.00 + J\u00f3zefa (m) Pawelec w 30 rocz. \u015bm. Dariusza Pawelec<br \/>\n<strong>Pn.\u00a0\u00a0 27. VII<\/strong>\u00a0\u00a0\u00a0\u00a0\u00a0\u00a0 g.\u00a0 19.00\u00a0 + Janin\u0119 i Kazimierza Ma\u0144k; J\u00f3zef\u0119 i Aleksandra; Tadeusza Wi\u0119ch<br \/>\n<strong>Wt.\u00a0 28. VII\u00a0\u00a0\u00a0\u00a0\u00a0\u00a0\u00a0 <\/strong>g. \u00a0\u00a07.00 \u00a0O Bo\u017ce b\u0142og. i \u0142aski, opiek\u0119 Matki Bo\u017cej dla Martycw dniu imienin<br \/>\n<strong>\u015ar.\u00a0\u00a0 29. VII\u00a0\u00a0 <\/strong>\u00a0\u00a0\u00a0\u00a0g.\u00a0 19.00\u00a0 Int. wolna<br \/>\n<strong>Czw. 30. VII <\/strong>\u00a0\u00a0\u00a0\u00a0\u00a0\u00a0g. \u00a0\u00a0\u00a07.00\u00a0 Int. wolna<br \/>\n<strong>Pt.\u00a0\u00a0 31. VII\u00a0\u00a0\u00a0 \u00a0\u00a0\u00a0\u00a0<\/strong>g. \u00a019.00\u00a0 + Zdzis\u0142awa Karasiewicza w 3 rocz. \u015bm.<br \/>\n<strong>Sob. 01. VIII\u00a0\u00a0\u00a0\u00a0\u00a0\u00a0 <\/strong>g.\u00a0 19.00\u00a0 W int. 76 rocznicy Powstania Warszawskiego 1944r.<br \/>\n<span style=\"color: #ff0000;\"><strong>Nd.\u00a0 02. VIII\u00a0\u00a0\u00a0\u00a0\u00a0 18\u00a0 Niedziela Zwyk\u0142a<br \/>\n<\/strong><\/span>g. 9.00\u00a0\u00a0 + Jana Getka w 13 rocz. \u015bm.<br \/>\ng. 11.00 + Henryk\u0119 Wo\u017aniak<br \/>\ng. 13.00 \u00a0\u00a0+ Wiktora w 1 rocz. \u015bm. i Janin\u0119 w 11 rocz. \u015bm<\/p>\n","protected":false},"excerpt":{"rendered":"<p>W dniu dzisiejszym po ka\u017cdej Mszy \u015bw. b\u0142ogos\u0142awie\u0144stwo kierowc\u00f3w i po\u015bwi\u0119cenie pojazd\u00f3w z racji\u00a0 \u015bw. Krzysztofa patrona podr\u00f3\u017cuj\u0105cych. Dzi\u0119kuj\u0105c Panu Bogu za Jego opiek\u0119 mo\u017cemy wesprze\u0107 polskich misjonarzy ofiar\u0105 na zakup transportu. Przypominamy, \u017ce Msza \u015bw. w \u015brody o godz. 19.00 po\u0142\u0105czona jest z nowenn\u0105 do Matki Bo\u017cej Nieustaj\u0105cej Pomocy. [&hellip;]<\/p>\n","protected":false},"author":2,"featured_media":0,"comment_status":"closed","ping_status":"closed","sticky":false,"template":"","format":"standard","meta":[],"categories":[2],"tags":[],"_links":{"self":[{"href":"http:\/\/www.parafiakuligow.pl\/index.php\/wp-json\/wp\/v2\/posts\/1497"}],"collection":[{"href":"http:\/\/www.parafiakuligow.pl\/index.php\/wp-json\/wp\/v2\/posts"}],"about":[{"href":"http:\/\/www.parafiakuligow.pl\/index.php\/wp-json\/wp\/v2\/types\/post"}],"author":[{"embeddable":true,"href":"http:\/\/www.parafiakuligow.pl\/index.php\/wp-json\/wp\/v2\/users\/2"}],"replies":[{"embeddable":true,"href":"http:\/\/www.parafiakuligow.pl\/index.php\/wp-json\/wp\/v2\/comments?post=1497"}],"version-history":[{"count":2,"href":"http:\/\/www.parafiakuligow.pl\/index.php\/wp-json\/wp\/v2\/posts\/1497\/revisions"}],"predecessor-version":[{"id":1499,"href":"http:\/\/www.parafiakuligow.pl\/index.php\/wp-json\/wp\/v2\/posts\/1497\/revisions\/1499"}],"wp:attachment":[{"href":"http:\/\/www.parafiakuligow.pl\/index.php\/wp-json\/wp\/v2\/media?parent=1497"}],"wp:term":[{"taxonomy":"category","embeddable":true,"href":"http:\/\/www.parafiakuligow.pl\/index.php\/wp-json\/wp\/v2\/categories?post=1497"},{"taxonomy":"post_tag","embeddable":true,"href":"http:\/\/www.parafiakuligow.pl\/index.php\/wp-json\/wp\/v2\/tags?post=1497"}],"curies":[{"name":"wp","href":"https:\/\/api.w.org\/{rel}","templated":true}]}}