{"id":1493,"date":"2020-07-19T11:49:09","date_gmt":"2020-07-19T09:49:09","guid":{"rendered":"http:\/\/www.parafiakuligow.pl\/?p=1493"},"modified":"2020-07-19T11:49:09","modified_gmt":"2020-07-19T09:49:09","slug":"19-lipiec-2020-16-niedziela-zwykla","status":"publish","type":"post","link":"http:\/\/www.parafiakuligow.pl\/index.php\/2020\/07\/19\/19-lipiec-2020-16-niedziela-zwykla\/","title":{"rendered":"19 Lipiec 2020 &#8211; 16 Niedziela Zwyk\u0142a"},"content":{"rendered":"<ol>\n<li>W \u015brod\u0119 22 lipca przypada liturgiczne \u015bwi\u0119to \u015bw. Marii Magdaleny; w czwartek 23 lipca \u015bw. Brygidy, zakonnicy, patronki Europy, a w sobot\u0119 25 lipca \u015bwi\u0119to \u015bw. Jakuba, Aposto\u0142a.<\/li>\n<li>W przysz\u0142\u0105 niedziel\u0119 26 lipca po ka\u017cdej Mszy \u015bw. b\u0142ogos\u0142awie\u0144stwo kierowc\u00f3w i po\u015bwi\u0119cenie pojazd\u00f3w z racji\u00a0 \u015bw. Krzysztofa patrona podr\u00f3\u017cuj\u0105cych. Dzi\u0119kuj\u0105c Panu Bogu za Jego opiek\u0119 mo\u017cemy wesprze\u0107 polskich misjonarzy ofiar\u0105 na zakup transportu.<\/li>\n<li>Solenizantkom i solenizantom tego tygodnia \u017cyczymy du\u017co zdrowia, Bo\u017cego B\u0142ogos\u0142awie\u0144stwa i opieki \u015bw. patron\u00f3w, a naszym parafianom, dzia\u0142kowiczom i go\u015bciom dobrego wypoczynku, udanej niedzieli i b\u0142ogos\u0142awionego tygodnia.<\/li>\n<li>Zach\u0119camy do czytania prasy katolickiej.<\/li>\n<\/ol>\n<p style=\"text-align: center;\"><strong>Intecje <\/strong><strong>Mszalne <\/strong><strong>\u00a019\u00a0 \u2013 26 Lipiec \u00a02020r.<\/strong><\/p>\n<p><span style=\"color: #ff0000;\"><strong>Nd.\u00a0 19. VII\u00a0\u00a0\u00a0\u00a0\u00a0 16\u00a0 Niedziela Zwyk\u0142a<br \/>\n<\/strong><\/span>g. 9.00\u00a0\u00a0 Int. zam.<br \/>\ng. 11.00 Int. zam.<br \/>\ng. 13.00 Int. zam.<br \/>\n<strong>Pn.\u00a0\u00a0 20. VII<\/strong>\u00a0\u00a0\u00a0\u00a0\u00a0\u00a0 g.\u00a0 19.00\u00a0 Int. wolna<br \/>\n<strong>Wt.\u00a0 21. VII\u00a0\u00a0\u00a0\u00a0\u00a0\u00a0\u00a0 <\/strong>g. \u00a0\u00a0\u00a07.00 \u00a0Int. wolna<br \/>\n<strong>\u015ar.\u00a0\u00a0 22. VII\u00a0\u00a0 <\/strong>\u00a0\u00a0\u00a0\u00a0g.\u00a0 19.00\u00a0 Int. wolna<br \/>\n<strong>Czw. 23. VII <\/strong>\u00a0\u00a0\u00a0\u00a0\u00a0\u00a0g. \u00a0\u00a0\u00a07.00\u00a0 Int. wolna<br \/>\n<strong>Pt.\u00a0\u00a0 24. VII\u00a0\u00a0\u00a0\u00a0\u00a0\u00a0 <\/strong>g.\u00a0\u00a0 19.00\u00a0 + Leontyn\u0119\u00a0 Puchalsk\u0105<br \/>\n<strong>Sob. 25. VII\u00a0\u00a0\u00a0\u00a0\u00a0\u00a0 <\/strong>g.\u00a0 \u00a019.00\u00a0 Int. wolna<br \/>\n<strong><span style=\"color: #ff0000;\">Nd.\u00a0 26. VII\u00a0\u00a0\u00a0\u00a0\u00a0 17\u00a0 Niedziela Zwyk\u0142a<\/span><br \/>\n<\/strong>g. 9.00\u00a0\u00a0 Int. zam.<br \/>\ng. 11.00 + Ann\u0119, Zygmunta i Jadwig\u0119 Liszewskich<br \/>\ng. 13.00 + J\u00f3zefa (m) Pawelec w 30 rocz. \u015bm. Dariusza Pawelec<\/p>\n","protected":false},"excerpt":{"rendered":"<p>W \u015brod\u0119 22 lipca przypada liturgiczne \u015bwi\u0119to \u015bw. Marii Magdaleny; w czwartek 23 lipca \u015bw. Brygidy, zakonnicy, patronki Europy, a w sobot\u0119 25 lipca \u015bwi\u0119to \u015bw. Jakuba, Aposto\u0142a. W przysz\u0142\u0105 niedziel\u0119 26 lipca po ka\u017cdej Mszy \u015bw. b\u0142ogos\u0142awie\u0144stwo kierowc\u00f3w i po\u015bwi\u0119cenie pojazd\u00f3w z racji\u00a0 \u015bw. Krzysztofa patrona podr\u00f3\u017cuj\u0105cych. Dzi\u0119kuj\u0105c Panu [&hellip;]<\/p>\n","protected":false},"author":2,"featured_media":0,"comment_status":"closed","ping_status":"closed","sticky":false,"template":"","format":"standard","meta":[],"categories":[2],"tags":[],"_links":{"self":[{"href":"http:\/\/www.parafiakuligow.pl\/index.php\/wp-json\/wp\/v2\/posts\/1493"}],"collection":[{"href":"http:\/\/www.parafiakuligow.pl\/index.php\/wp-json\/wp\/v2\/posts"}],"about":[{"href":"http:\/\/www.parafiakuligow.pl\/index.php\/wp-json\/wp\/v2\/types\/post"}],"author":[{"embeddable":true,"href":"http:\/\/www.parafiakuligow.pl\/index.php\/wp-json\/wp\/v2\/users\/2"}],"replies":[{"embeddable":true,"href":"http:\/\/www.parafiakuligow.pl\/index.php\/wp-json\/wp\/v2\/comments?post=1493"}],"version-history":[{"count":1,"href":"http:\/\/www.parafiakuligow.pl\/index.php\/wp-json\/wp\/v2\/posts\/1493\/revisions"}],"predecessor-version":[{"id":1496,"href":"http:\/\/www.parafiakuligow.pl\/index.php\/wp-json\/wp\/v2\/posts\/1493\/revisions\/1496"}],"wp:attachment":[{"href":"http:\/\/www.parafiakuligow.pl\/index.php\/wp-json\/wp\/v2\/media?parent=1493"}],"wp:term":[{"taxonomy":"category","embeddable":true,"href":"http:\/\/www.parafiakuligow.pl\/index.php\/wp-json\/wp\/v2\/categories?post=1493"},{"taxonomy":"post_tag","embeddable":true,"href":"http:\/\/www.parafiakuligow.pl\/index.php\/wp-json\/wp\/v2\/tags?post=1493"}],"curies":[{"name":"wp","href":"https:\/\/api.w.org\/{rel}","templated":true}]}}