{"id":1486,"date":"2020-07-06T18:48:51","date_gmt":"2020-07-06T16:48:51","guid":{"rendered":"http:\/\/www.parafiakuligow.pl\/?p=1486"},"modified":"2020-07-06T19:45:22","modified_gmt":"2020-07-06T17:45:22","slug":"05-lipiec-2020-14-niedziela-zwykla","status":"publish","type":"post","link":"http:\/\/www.parafiakuligow.pl\/index.php\/2020\/07\/06\/05-lipiec-2020-14-niedziela-zwykla\/","title":{"rendered":"05 Lipiec 2020 &#8211; 14 Niedziela Zwyk\u0142a"},"content":{"rendered":"<ol>\n<li>Dzi\u015b z racji I niedzieli miesi\u0105ca po Mszy \u015bwi\u0119tej o godz. 11.00 wystawienie Naj\u015bwi\u0119tszego Sakramentu i adoracja eucharystyczna. Po Mszy \u015bw. o godz. 13.00 spotkanie kandydat\u00f3w przygotowuj\u0105cych si\u0119 do przyj\u0119cia sakramentu Bierzmowania.<\/li>\n<li>W sobot\u0119 11 lipca przypada liturgiczne \u015bwi\u0119to \u015bw. Benedykta, patrona Europy.<\/li>\n<li>Msza \u015bw. w intencji uczestnik\u00f3w nabo\u017ce\u0144stw czerwcowych w poniedzia\u0142ek 13 lipca o godz. 19.00.<\/li>\n<li>Dzie\u0142o modlitwy Diecezji Warszawsko \u2013 Praskiej w naszej parafii b\u0119dzie w pi\u0105tek 17 lipca. Ka\u017cda parafia w naszej Diecezji prze\u017cywa dzie\u0144 modlitwy w intencji diecezji. Rozpocznie si\u0119 Godzinkami do NM Panny o godz. 7.45. Przez uczestnictwo we Mszy \u015bw., modlitw\u0119, wsp\u00f3ln\u0105 i indywidualn\u0105 adoracj\u0119 przed Naj\u015bwi\u0119tszym Sakramentem, b\u0119dziemy prosi\u0107 o Bo\u017ce b\u0142ogos\u0142awie\u0144stwo dla wszelkich przedsi\u0119wzi\u0119\u0107 odejmowanych w naszej diecezji. B\u0119dziemy poleca\u0107 Bogu i prosi\u0107 o or\u0119downictwo Matki Bo\u017cej dla rodzin \u00a0naszej parafii: o umocnienie wiary, mi\u0142o\u015b\u0107 i pok\u00f3j. Do wsp\u00f3lnej modlitwy zapraszamy parafian, w szczeg\u00f3lno\u015bci dzieci, m\u0142odzie\u017c, wszystkie zespo\u0142y modlitewne, dzia\u0142kowicz\u00f3w i go\u015bci. Szczeg\u00f3\u0142y programu zostan\u0105\u00a0 przekazane w przysz\u0142\u0105 niedziel\u0119.<\/li>\n<li>Po\u015bwi\u0119cenie pojazd\u00f3w i b\u0142ogos\u0142awie\u0144stwo kierowc\u00f3w z racji \u015bw. Krzysztofa patrona podr\u00f3\u017cuj\u0105cych, odb\u0119dzie si\u0119 w naszej parafii w niedziel\u0119 26 lipca po ka\u017cdej Mszy \u015bw.<\/li>\n<li>Przypominamy, \u017ce zwyczajem lat ubieg\u0142ych w okresie od 1 maja do\u00a0 30 wrze\u015bnia wieczorna\u00a0 Msza \u015bw. w dni powszednie ( poniedzia\u0142ek, \u015broda, pi\u0105tek i sobota) odprawiana\u00a0 jest o godzinie 19.00.<br \/>\nOd pierwszej niedzieli czerwca i w okresie wakacyjnym (do ko\u0144ca sierpnia) odprawiana jest w naszym ko\u015bciele dodatkowa trzecia Msza \u015bw. <strong>o godz. 13.00<\/strong>.<\/li>\n<li>Wszystkim naszym parafianom i go\u015bciom odpoczywaj\u0105cym w Kuligowie \u017cycz\u0119 mi\u0142ej niedzieli oraz dobrego i b\u0142ogos\u0142awionego tygodnia.<\/li>\n<li>Zach\u0119camy do czytania prasy katolickiej.<\/li>\n<\/ol>\n<p><strong>Intencje <\/strong><strong>Mszalne <\/strong><strong>\u00a005\u00a0 \u2013 12 Lipiec \u00a02020r.<\/strong><\/p>\n<p><strong><span style=\"color: #ff0000;\">Nd.\u00a0\u00a0 05. VII\u00a0\u00a0\u00a0\u00a0\u00a0 14\u00a0 Niedziela Zwyk\u0142a<\/span><br \/>\n<\/strong>g. 9.00\u00a0\u00a0 + Ew\u0119 Diakowsk\u0105; J\u00f3zefa Jusi\u0144skiego i Leszka Klimkiewicza<br \/>\ng. 11.00 Int. zam.<br \/>\ng. 13.00 Int. zam.<br \/>\n<strong>Pn.\u00a0\u00a0 06. VII<\/strong>\u00a0\u00a0\u00a0\u00a0\u00a0\u00a0 g.\u00a0 19.00\u00a0 + Stanis\u0142aw\u0119 i Mariana Chaci\u0144skich<br \/>\n<strong>Wt.\u00a0 07. VII\u00a0\u00a0\u00a0\u00a0\u00a0\u00a0\u00a0 <\/strong>g. \u00a0\u00a0\u00a07.00 \u00a0Int. wolna<br \/>\n<strong>\u015ar.\u00a0\u00a0 08. VII\u00a0\u00a0 <\/strong>\u00a0\u00a0\u00a0\u00a0g.\u00a0 19.00\u00a0 O Bo\u017ce b\u0142og. i \u0142aski, opiek\u0119 Matki Bo\u017cej dla Beaty i Micha\u0142a w 10 rocz. \u015blubu oraz ich dzieci<br \/>\n<strong>Czw. 09. VII <\/strong>\u00a0\u00a0\u00a0\u00a0\u00a0g. \u00a0\u00a0\u00a07.00\u00a0 Za dusze w czy\u015b\u0107cu cierpi\u0105ce<br \/>\n<strong>Pt.\u00a0\u00a0 10. VII\u00a0\u00a0\u00a0\u00a0\u00a0\u00a0 <\/strong>g. \u00a019.00\u00a0 + Krzysztofa i Halin\u0119 Augustyniak<br \/>\n<strong>Sob. 11. VII\u00a0\u00a0\u00a0\u00a0\u00a0\u00a0 <\/strong>g.\u00a0 19.00\u00a0 + Jana Sta\u015bkiewicza w 4 rocz. \u015bm.<br \/>\n<span style=\"color: #ff0000;\"><strong>Nd.\u00a0 12. VII\u00a0\u00a0\u00a0\u00a0\u00a0 15\u00a0 Niedziela Zwyk\u0142a<br \/>\n<\/strong><\/span>g. 9.00\u00a0\u00a0 + Zdzis\u0142awa Czarneckiego<br \/>\ng. 11.00 Int. zam.<br \/>\ng. 13.00 + Iren\u0119 Trosi\u0144sk\u0105 w1 rocz. \u015bm. i Jerzego Trosi\u0144skiego Ann\u0119 i Piotra B\u0105bik<\/p>\n","protected":false},"excerpt":{"rendered":"<p>Dzi\u015b z racji I niedzieli miesi\u0105ca po Mszy \u015bwi\u0119tej o godz. 11.00 wystawienie Naj\u015bwi\u0119tszego Sakramentu i adoracja eucharystyczna. Po Mszy \u015bw. o godz. 13.00 spotkanie kandydat\u00f3w przygotowuj\u0105cych si\u0119 do przyj\u0119cia sakramentu Bierzmowania. W sobot\u0119 11 lipca przypada liturgiczne \u015bwi\u0119to \u015bw. Benedykta, patrona Europy. Msza \u015bw. w intencji uczestnik\u00f3w nabo\u017ce\u0144stw czerwcowych [&hellip;]<\/p>\n","protected":false},"author":2,"featured_media":0,"comment_status":"closed","ping_status":"closed","sticky":false,"template":"","format":"standard","meta":[],"categories":[2],"tags":[],"_links":{"self":[{"href":"http:\/\/www.parafiakuligow.pl\/index.php\/wp-json\/wp\/v2\/posts\/1486"}],"collection":[{"href":"http:\/\/www.parafiakuligow.pl\/index.php\/wp-json\/wp\/v2\/posts"}],"about":[{"href":"http:\/\/www.parafiakuligow.pl\/index.php\/wp-json\/wp\/v2\/types\/post"}],"author":[{"embeddable":true,"href":"http:\/\/www.parafiakuligow.pl\/index.php\/wp-json\/wp\/v2\/users\/2"}],"replies":[{"embeddable":true,"href":"http:\/\/www.parafiakuligow.pl\/index.php\/wp-json\/wp\/v2\/comments?post=1486"}],"version-history":[{"count":3,"href":"http:\/\/www.parafiakuligow.pl\/index.php\/wp-json\/wp\/v2\/posts\/1486\/revisions"}],"predecessor-version":[{"id":1489,"href":"http:\/\/www.parafiakuligow.pl\/index.php\/wp-json\/wp\/v2\/posts\/1486\/revisions\/1489"}],"wp:attachment":[{"href":"http:\/\/www.parafiakuligow.pl\/index.php\/wp-json\/wp\/v2\/media?parent=1486"}],"wp:term":[{"taxonomy":"category","embeddable":true,"href":"http:\/\/www.parafiakuligow.pl\/index.php\/wp-json\/wp\/v2\/categories?post=1486"},{"taxonomy":"post_tag","embeddable":true,"href":"http:\/\/www.parafiakuligow.pl\/index.php\/wp-json\/wp\/v2\/tags?post=1486"}],"curies":[{"name":"wp","href":"https:\/\/api.w.org\/{rel}","templated":true}]}}