{"id":1481,"date":"2020-06-22T00:11:32","date_gmt":"2020-06-21T22:11:32","guid":{"rendered":"http:\/\/www.parafiakuligow.pl\/?p=1481"},"modified":"2020-06-22T00:11:32","modified_gmt":"2020-06-21T22:11:32","slug":"21-czerwiec-2020-12-niedziela-zwykla","status":"publish","type":"post","link":"http:\/\/www.parafiakuligow.pl\/index.php\/2020\/06\/22\/21-czerwiec-2020-12-niedziela-zwykla\/","title":{"rendered":"21 Czerwiec 2020 &#8211; 12  Niedziela  Zwyk\u0142a"},"content":{"rendered":"<ol>\n<li>W ko\u015bcio\u0142ach\u00a0 naszej diecezji dzisiaj po Mszach \u015bw. zbi\u00f3rka do puszek na stypendia naukowe dla ksi\u0119\u017cy studiuj\u0105cych za granic\u0105.<\/li>\n<li>Dzi\u015b po Mszy \u015bw. o godz. 13.00, spotkanie kandydat\u00f3w do sakramentu Bierzmowania.<\/li>\n<li>We wtorek 23 czerwca \u00a0obchodzimy Dzie\u0144 Ojca. Wszystkim Ojcom sk\u0142adamy serdeczne \u017cyczenia: \u017cyczymy im zdrowia, opieki Matki Bo\u017cej i wsparcia od najbli\u017cszych.<\/li>\n<li>Msza \u015bw. dzi\u0119kczynna na zako\u0144czenie roku szkolnego w \u015brod\u0119 24 czerwca o godz. 19.00. Spowied\u017a dla dzieci i m\u0142odzie\u017cy od godz. 18.00. Zach\u0119cam wszystkich do rozpocz\u0119cia wakacji w stanie \u0142aski u\u015bwi\u0119caj\u0105cej. R\u00f3wnie\u017c w tym dniu\u00a0 obchodzimy uroczysto\u015b\u0107 Narodzenia \u015bw. Jana Chrzciciela.<\/li>\n<li>Z racji zako\u0144czenia roku szkolnego wszystkim dzieciom, m\u0142odzie\u017cy, nauczycielom i rodzicom sk\u0142adamy serdeczne gratulacje i \u017cyczymy dobrego odpoczynku, mi\u0142ych wakacji i udanych urlop\u00f3w.<\/li>\n<li>\u00a0Wszystkim naszym parafianom i osobom przebywaj\u0105cym w naszej parafii \u017cyczymy spokojnej niedzieli oraz dobrego i b\u0142ogos\u0142awionego tygodnia.<\/li>\n<li>\u00a0Zach\u0119camy do czytania prasy katolickiej.<\/li>\n<\/ol>\n<p><strong>Intencje <\/strong><strong>Mszalne <\/strong><strong>\u00a021\u00a0 \u2013 28 czerwiec \u00a02020r.<\/strong><\/p>\n<p><span style=\"color: #ff0000;\"><strong>Nd.\u00a0 \u00a021. VI\u00a0\u00a0\u00a0\u00a0\u00a0 <\/strong>12\u00a0 Niedziela Zwyk\u0142a<br \/>\n<\/span>g. 9.00\u00a0\u00a0 Int. zam.<br \/>\ng. 11.00 + Teres\u0119 Krysik<br \/>\ng. 13.00 Int. zam.<br \/>\n<strong>Pn.\u00a0\u00a0 22. VI<\/strong>\u00a0\u00a0\u00a0\u00a0\u00a0\u00a0 g.\u00a0 19.00\u00a0 + Grzegorza Sok\u00f3lskiego\u00a0 \/7\/<br \/>\n<strong>Wt.\u00a0\u00a0 23 VI\u00a0\u00a0\u00a0\u00a0\u00a0\u00a0\u00a0\u00a0 \u00a0<\/strong>g.\u00a0\u00a0\u00a0 7.00\u00a0 +\u00a0 Tadeusza Jusi\u0144skiego\u00a0\u00a0 \/1\/<br \/>\n<strong>\u015ar.\u00a0\u00a0\u00a0 24. VI\u00a0\u00a0 <\/strong>\u00a0\u00a0\u00a0\u00a0\u00a0<strong>\u00a0<\/strong>g.\u00a0 19.00\u00a0 + \u00a0Mariann\u0119 i Lecha Bruszewskich<br \/>\n<strong>Czw. 25. VI <\/strong>\u00a0\u00a0\u00a0\u00a0\u00a0\u00a0g. \u00a0\u00a07.00\u00a0 + \u00a0Tadeusza Jusi\u0144skiego\u00a0\u00a0 \/2\/<br \/>\n<strong>Pt.\u00a0\u00a0\u00a0\u00a0 26. VI\u00a0\u00a0\u00a0\u00a0\u00a0\u00a0 <\/strong>g. 19.00\u00a0 Int. zam.<br \/>\n<strong>Sob.\u00a0 27. VI<br \/>\n<\/strong>g.<strong> \u00a0<\/strong>18.00\u00a0 Int. zam.<br \/>\ng. 19.00\u00a0 + Jadwig\u0119 i Jana Szczepa\u0144skich<br \/>\n<span style=\"color: #ff0000;\"><strong>Nd.\u00a0\u00a0 28. VI\u00a0\u00a0\u00a0\u00a0\u00a0 <\/strong>13\u00a0 Niedziela Zwyk\u0142a<br \/>\n<\/span><span style=\"color: #000000;\">g. 9.00\u00a0\u00a0 + Jana Getka<br \/>\n<\/span><span style=\"color: #000000;\">g. 11.00 + Janin\u0119 i Ireneusza Rudzkich z racji imienin<br \/>\n<\/span><span style=\"color: #000000;\">g. 13.00 + Henryka i\u00a0 Leokadi\u0119 Ole\u015bkiewicz<\/span><\/p>\n","protected":false},"excerpt":{"rendered":"<p>W ko\u015bcio\u0142ach\u00a0 naszej diecezji dzisiaj po Mszach \u015bw. zbi\u00f3rka do puszek na stypendia naukowe dla ksi\u0119\u017cy studiuj\u0105cych za granic\u0105. Dzi\u015b po Mszy \u015bw. o godz. 13.00, spotkanie kandydat\u00f3w do sakramentu Bierzmowania. We wtorek 23 czerwca \u00a0obchodzimy Dzie\u0144 Ojca. Wszystkim Ojcom sk\u0142adamy serdeczne \u017cyczenia: \u017cyczymy im zdrowia, opieki Matki Bo\u017cej i [&hellip;]<\/p>\n","protected":false},"author":2,"featured_media":0,"comment_status":"closed","ping_status":"closed","sticky":false,"template":"","format":"standard","meta":[],"categories":[2],"tags":[],"_links":{"self":[{"href":"http:\/\/www.parafiakuligow.pl\/index.php\/wp-json\/wp\/v2\/posts\/1481"}],"collection":[{"href":"http:\/\/www.parafiakuligow.pl\/index.php\/wp-json\/wp\/v2\/posts"}],"about":[{"href":"http:\/\/www.parafiakuligow.pl\/index.php\/wp-json\/wp\/v2\/types\/post"}],"author":[{"embeddable":true,"href":"http:\/\/www.parafiakuligow.pl\/index.php\/wp-json\/wp\/v2\/users\/2"}],"replies":[{"embeddable":true,"href":"http:\/\/www.parafiakuligow.pl\/index.php\/wp-json\/wp\/v2\/comments?post=1481"}],"version-history":[{"count":1,"href":"http:\/\/www.parafiakuligow.pl\/index.php\/wp-json\/wp\/v2\/posts\/1481\/revisions"}],"predecessor-version":[{"id":1482,"href":"http:\/\/www.parafiakuligow.pl\/index.php\/wp-json\/wp\/v2\/posts\/1481\/revisions\/1482"}],"wp:attachment":[{"href":"http:\/\/www.parafiakuligow.pl\/index.php\/wp-json\/wp\/v2\/media?parent=1481"}],"wp:term":[{"taxonomy":"category","embeddable":true,"href":"http:\/\/www.parafiakuligow.pl\/index.php\/wp-json\/wp\/v2\/categories?post=1481"},{"taxonomy":"post_tag","embeddable":true,"href":"http:\/\/www.parafiakuligow.pl\/index.php\/wp-json\/wp\/v2\/tags?post=1481"}],"curies":[{"name":"wp","href":"https:\/\/api.w.org\/{rel}","templated":true}]}}