{"id":1476,"date":"2020-06-08T09:40:44","date_gmt":"2020-06-08T07:40:44","guid":{"rendered":"http:\/\/www.parafiakuligow.pl\/?p=1476"},"modified":"2020-06-08T09:40:44","modified_gmt":"2020-06-08T07:40:44","slug":"07-czerwiec-2020-uroczystosc-najswietszej-trojcy","status":"publish","type":"post","link":"http:\/\/www.parafiakuligow.pl\/index.php\/2020\/06\/08\/07-czerwiec-2020-uroczystosc-najswietszej-trojcy\/","title":{"rendered":"07 Czerwiec 2020 &#8211; Uroczysto\u015b\u0107 Naj\u015bwi\u0119tszej Tr\u00f3jcy"},"content":{"rendered":"<ol>\n<li>Dzi\u015b w Uroczysto\u015b\u0107 Naj\u015bwi\u0119tszej Tr\u00f3jcy, przypada pierwsza niedziela czerwca. To jednocze\u015bnie \u015awi\u0119to Dzi\u0119kczynienia Bo\u017cej Opatrzno\u015bci. Po Mszy \u015bw. o godz. 11.00 wystawienie Naj\u015bwi\u0119tszego sakramentu i\u00a0 litania do NSP Jezusa.<\/li>\n<li>Spotkanie kandydat\u00f3w do sakramentu Bierzmowania dzi\u015b po Mszy \u015bw. o godz. 13.00.<\/li>\n<li>Bior\u0105c pod uwag\u0119 aktualn\u0105 sytuacj\u0119 epidemiologiczn\u0105 i obowi\u0105zuj\u0105ce przepisy sanitarne, w najbli\u017cszy czwartek 11 czerwca ulega zmianie program Uroczysto\u015bci \u00a0 Naj\u015bwi\u0119tszego Cia\u0142a i Krwi Chrystusa w naszej parafii. Msze \u015bw. w tym dniu o godz. 9.00 i 11.00. Po Mszy \u015bw. o godz. 11.00 wystawienie i adoracja Naj\u015bwi\u0119tszego Sakramentu, po czym wyruszy procesja Eucharystyczna do o\u0142tarza przy Krzy\u017cu Misyjnym. Uroczysto\u015b\u0107 zako\u0144czy wsp\u00f3lny \u015bpiew hymnu \u201eCiebie Boga wys\u0142awiamy\u201d i\u00a0 b\u0142ogos\u0142awie\u0144stwo Naj\u015bwi\u0119tszym Sakramentem. Przypominamy, \u017ce w dalszym ci\u0105gu w Ko\u015bcio\u0142ach i innych miejscach kultu obowi\u0105zuje nakaz \u00a0noszenia maseczek, oraz zachowanie \u00a0dystansu spo\u0142ecznego mi\u0119dzy osobami (2 metry). Na zewn\u0105trz liczba uczestnik\u00f3w zgromadze\u0144 to 150 os\u00f3b z zachowaniem bezpiecznej odleg\u0142o\u015bci mi\u0119dzy osobami.<\/li>\n<li>Przez okres urlop\u00f3w i wakacji tj. od czerwca do ko\u0144ca sierpnia b\u0119dzie sprawowana dodatkowa Msza \u015bw. o godz. 13.00.<\/li>\n<li>Zapraszamy na nabo\u017ce\u0144stwa czerwcowe z litani\u0105 do Serca Pana Jezusa. Odprawiamy je codziennie. W tygodniu: we <strong>wtorki<\/strong> i <strong>czwartki<\/strong> \u00a0<strong>po Mszy \u015bw.<\/strong><strong> porannej o godz.\u00a0 7.00<\/strong>, w pozosta\u0142e dni <strong>przed Msz\u0105 \u015bw.<\/strong> wieczorn\u0105 <strong>o godz. 18.30<\/strong>, w niedziele <strong>po Mszy \u015bw. o godz. 11.00<\/strong>.<\/li>\n<li>W sobot\u0119 13 czerwca wspomnienie \u015bw. Antoniego\u00a0 z Padwy, prezbitera i doktora Ko\u015bcio\u0142a.<\/li>\n<li>Paniom z Ko\u0142a \u017bywego R\u00f3\u017ca\u0144ca p\/w Matki Bo\u017cej Bolesnej dzi\u0119kuje za ofiar\u0119 w kwocie tysi\u0105ca z\u0142. na zakup nowej monstrancji dla naszej parafii. Serdeczne B\u00f3g zap\u0142a\u0107.<\/li>\n<li>Wszystkim naszym parafianom i osobom przebywaj\u0105cym w naszej parafii \u017cyczymy spokojnej niedzieli oraz dobrego i b\u0142ogos\u0142awionego tygodnia.<\/li>\n<li>Zach\u0119camy do czytania prasy katolickiej.<\/li>\n<\/ol>\n<p><strong>Intencje <\/strong><strong>Mszalne <\/strong><strong>\u00a007\u00a0 \u2013 14 czerwiec \u00a02020r.<\/strong><\/p>\n<p><span style=\"color: #800000;\"><span style=\"color: #ff0000;\"><strong>Nd.\u00a0\u00a0 07. VI\u00a0\u00a0\u00a0\u00a0\u00a0 <\/strong><\/span><\/span><strong><span style=\"color: #ff0000;\">UROCZYSTO\u015a\u0106\u00a0\u00a0 NAJ\u015aWI\u0118TSZEJ\u00a0\u00a0 TR\u00d3JCY<\/span><br \/>\n<\/strong>g. 9.00\u00a0\u00a0 Int. Zam.<br \/>\ng. 11.00 + Salome\u0119 i Boles\u0142awa Mianowskich<br \/>\ng. 13.00 + Klotyld\u0119 Mianowsk\u0105 i Adama Getka.<br \/>\n<strong>Pn.\u00a0\u00a0\u00a0 08. VI<\/strong>\u00a0\u00a0\u00a0\u00a0\u00a0\u00a0 \u00a0\u00a0g.\u00a0 19.00\u00a0 + Grzegorza Sok\u00f3lskiego \/1\/<br \/>\n<strong>Wt.\u00a0\u00a0 09. VI\u00a0\u00a0\u00a0\u00a0\u00a0\u00a0\u00a0 \u00a0<\/strong>g.\u00a0\u00a0\u00a0 7.00\u00a0 + Grzegorza Sok\u00f3lskiego \/2\/<br \/>\n<strong>\u015ar.\u00a0\u00a0\u00a0 10. VI\u00a0\u00a0 <\/strong>\u00a0\u00a0\u00a0\u00a0\u00a0<strong>\u00a0<\/strong>g.\u00a0 19.00\u00a0 + Iren\u0119 i Jana Daszewskich<br \/>\n<strong>Czw. 11. VI <\/strong>\u00a0<strong>UROCZYSTO\u015a\u0106 NAJ\u015aWI\u0118TSZEGO CIA\u0141A I KWI PA\u0143SKIEJ<br \/>\n<\/strong>g. 9.00\u00a0 + Matyld\u0119 i Romana Rasi\u0144skich<br \/>\ng. 11.00\u00a0 + Grzegorza Sok\u00f3lskiego \/3\/<br \/>\n<strong>Pt.\u00a0\u00a0\u00a0\u00a0 12. VI\u00a0\u00a0\u00a0\u00a0\u00a0\u00a0\u00a0 <\/strong>g.\u00a0 19.00\u00a0 + Stanis\u0142awa Wojkowskiego<br \/>\n<strong>Sob.\u00a0 13. VI\u00a0\u00a0\u00a0\u00a0\u00a0\u00a0\u00a0 <\/strong>g.\u00a0 19.00\u00a0 Int.\u00a0 zam.<br \/>\n<span style=\"color: #ff0000;\"><strong>Nd.\u00a0\u00a0 14. VI\u00a0\u00a0\u00a0\u00a0\u00a0 <\/strong>11\u00a0 Niedziela Zwyk\u0142a<\/span><br \/>\ng. 9.00\u00a0\u00a0 Int. zam.<br \/>\ng. 11.00 + J\u00f3zefa, J\u00f3zef\u0119, Edwarda i Andrzeja Kafarskich<br \/>\ng. 13.00 + Kazimierza \u017bochowskiego<\/p>\n","protected":false},"excerpt":{"rendered":"<p>Dzi\u015b w Uroczysto\u015b\u0107 Naj\u015bwi\u0119tszej Tr\u00f3jcy, przypada pierwsza niedziela czerwca. To jednocze\u015bnie \u015awi\u0119to Dzi\u0119kczynienia Bo\u017cej Opatrzno\u015bci. Po Mszy \u015bw. o godz. 11.00 wystawienie Naj\u015bwi\u0119tszego sakramentu i\u00a0 litania do NSP Jezusa. Spotkanie kandydat\u00f3w do sakramentu Bierzmowania dzi\u015b po Mszy \u015bw. o godz. 13.00. Bior\u0105c pod uwag\u0119 aktualn\u0105 sytuacj\u0119 epidemiologiczn\u0105 i obowi\u0105zuj\u0105ce przepisy [&hellip;]<\/p>\n","protected":false},"author":2,"featured_media":0,"comment_status":"closed","ping_status":"closed","sticky":false,"template":"","format":"standard","meta":[],"categories":[2],"tags":[],"_links":{"self":[{"href":"http:\/\/www.parafiakuligow.pl\/index.php\/wp-json\/wp\/v2\/posts\/1476"}],"collection":[{"href":"http:\/\/www.parafiakuligow.pl\/index.php\/wp-json\/wp\/v2\/posts"}],"about":[{"href":"http:\/\/www.parafiakuligow.pl\/index.php\/wp-json\/wp\/v2\/types\/post"}],"author":[{"embeddable":true,"href":"http:\/\/www.parafiakuligow.pl\/index.php\/wp-json\/wp\/v2\/users\/2"}],"replies":[{"embeddable":true,"href":"http:\/\/www.parafiakuligow.pl\/index.php\/wp-json\/wp\/v2\/comments?post=1476"}],"version-history":[{"count":1,"href":"http:\/\/www.parafiakuligow.pl\/index.php\/wp-json\/wp\/v2\/posts\/1476\/revisions"}],"predecessor-version":[{"id":1477,"href":"http:\/\/www.parafiakuligow.pl\/index.php\/wp-json\/wp\/v2\/posts\/1476\/revisions\/1477"}],"wp:attachment":[{"href":"http:\/\/www.parafiakuligow.pl\/index.php\/wp-json\/wp\/v2\/media?parent=1476"}],"wp:term":[{"taxonomy":"category","embeddable":true,"href":"http:\/\/www.parafiakuligow.pl\/index.php\/wp-json\/wp\/v2\/categories?post=1476"},{"taxonomy":"post_tag","embeddable":true,"href":"http:\/\/www.parafiakuligow.pl\/index.php\/wp-json\/wp\/v2\/tags?post=1476"}],"curies":[{"name":"wp","href":"https:\/\/api.w.org\/{rel}","templated":true}]}}