{"id":1468,"date":"2020-05-21T01:58:59","date_gmt":"2020-05-20T23:58:59","guid":{"rendered":"http:\/\/www.parafiakuligow.pl\/?p=1468"},"modified":"2020-05-21T01:58:59","modified_gmt":"2020-05-20T23:58:59","slug":"17-maj-2020-vi-niedziela-wielkanocy","status":"publish","type":"post","link":"http:\/\/www.parafiakuligow.pl\/index.php\/2020\/05\/21\/17-maj-2020-vi-niedziela-wielkanocy\/","title":{"rendered":"17 Maj 2020 &#8211; VI NIEDZIELA  WIELKANOCY"},"content":{"rendered":"<ol>\n<li>Dzisiaj po Mszy \u015bw. o godz. 11.00 zapraszam na spotkanie Rodzic\u00f3w m\u0142odzie\u017cy przygotowuj\u0105cej si\u0119 do przyj\u0119cia SakramentuBierzmowania.<\/li>\n<li>W poniedzia\u0142ek 18 maja b\u0119dziemy prze\u017cywa\u0107 100 \u2013lecie urodzin\u00a0 \u015bw. Jana Paw\u0142a II, wielkiego obro\u0144c\u0119 \u017cycia , rodziny, zatroskanego o pok\u00f3j na ca\u0142ym \u015bwiecie. W swoich modlitwach przez Jego wstawiennictwo pro\u015bmy Boga o \u0142aski w intencjach\u00a0 naszych rodzin, parafii i Ojczyzny.<\/li>\n<li>W pi\u0105tek 22 maja rozpoczyna si\u0119 nowenna do Ducha\u00a0 \u015awi\u0119tego\u00a0 przed Uroczysto\u015bci\u0105\u00a0 Zes\u0142ania\u00a0 Ducha\u00a0 \u015awi\u0119tego. W tym dniu spotkanie formacyjne kandydat\u00f3w do sakramentu Bierzmowania. Msza \u015bw. o <strong>godz. 19.00<\/strong>.<\/li>\n<li>W przysz\u0142\u0105 niedziel\u0119 24 \u00a0maja po Mszy \u015bw. o godz. 11.00 zapraszam na kr\u00f3tkie spotkanie Rad\u0119Duszpastersk\u0105.<\/li>\n<li>Ze wzgl\u0119du na z\u0142agodzenie restrykcji zwi\u0105zanych z pandemi\u0105 koronawirusa (Covid\u201319), od dnia dzisiejszego tj. 17 maja br. wchodz\u0105 w \u017cycie nowe przepisy w Polsce. Dotycz\u0105 one r\u00f3wnie\u017c miejsc kultu religijnego. Wed\u0142ug nich liczba os\u00f3b uczestnicz\u0105cych we Mszy \u015bw. lub innym obrz\u0119dzie religijnym jest zale\u017cna od powierzchni \u015bwi\u0105tyni. Obecnie w ko\u015bciele na jedn\u0105 osob\u0119 musi przypada\u0107co najmniej 10 m<sup>2<\/sup> powierzchni. Maj\u0105c na uwadze powierzchnie przeznaczon\u0105 do kultu religijnego naszej \u015bwi\u0105tyni w Kuligowie (170,52m<sup>2<\/sup>), maksymalniemo\u017ce uczestniczy\u0107 <strong>17 os\u00f3b<\/strong>.<\/li>\n<li>Wszystkim naszym parafianom i osobom przebywaj\u0105cym w naszej parafii \u017cyczymy spokojnej niedzieli oraz dobrego i b\u0142ogos\u0142awionego tygodnia.<\/li>\n<li>Zach\u0119camy do czytania prasy katolickiej.<\/li>\n<\/ol>\n<p><strong>Intencje <\/strong><strong>Mszalne <\/strong><strong>17 \u2013 24 maj 2020 r.<\/strong><\/p>\n<p><span style=\"color: #ff0000;\"><strong>Nd.\u00a0 17. V\u00a0\u00a0\u00a0\u00a0\u00a0\u00a0 VI \u00a0Niedziela Wielkanocy<br \/>\n<\/strong><\/span>g. 9.00 + Mari\u0119 i Edwarda Dobek\u00a0 \/17\/<br \/>\ng. 11.00 Int. zam.<br \/>\n<strong>Pn.\u00a0 18. V <\/strong>g. 19.00\u00a0 + Mari\u0119 i Edwarda Dobek\u00a0 \/18\/<br \/>\n<strong>Wt.\u00a0\u00a0 19. V <\/strong>g. 7.00+ Mari\u0119 i Edwarda Dobek\u00a0 \/19\/<br \/>\n<strong>\u015ar.\u00a0\u00a0\u00a0 20. V<\/strong>g.\u00a0 19.00+ Mari\u0119 i Edwarda Dobek\u00a0 \/20\/<br \/>\n<strong>Czw. 21. V <\/strong>\u00a0g. 7.00\u00a0 + Mari\u0119 i Edwarda Dobek\u00a0 \/21\/<br \/>\n<strong>Pt.\u00a0 \u00a0\u00a0\u00a022. V <\/strong>g.\u00a0 19.00\u00a0 + Mari\u0119 i Edwarda Dobek\u00a0 \/22\/<br \/>\n<strong>Sob.\u00a0 23. V<br \/>\n<\/strong>g. 17.30\u00a0 + Tadeusza Kry\u015bkiewicza<br \/>\ng. 18.00 + Zygmunta, Ann\u0119 i\u00a0 Jadwig\u0119 Liszewskich<br \/>\ng. 19.00 + Mari\u0119 i Edwarda Dobek\u00a0 \/23\/<br \/>\n<span style=\"color: #ff0000;\"><strong>Nd.\u00a0 24.V\u00a0\u00a0\u00a0\u00a0\u00a0 <\/strong><strong>UROCZYSTO\u015a\u0106\u00a0 WNIEBOWST\u0104PIENIA\u00a0 PA\u0143SKIEGO<br \/>\n<\/strong><\/span>g. 9.00 + Mari\u0119 i Edwarda Dobek\u00a0 \/24\/<br \/>\ng. 11.00 Int. zam.<\/p>\n","protected":false},"excerpt":{"rendered":"<p>Dzisiaj po Mszy \u015bw. o godz. 11.00 zapraszam na spotkanie Rodzic\u00f3w m\u0142odzie\u017cy przygotowuj\u0105cej si\u0119 do przyj\u0119cia SakramentuBierzmowania. W poniedzia\u0142ek 18 maja b\u0119dziemy prze\u017cywa\u0107 100 \u2013lecie urodzin\u00a0 \u015bw. Jana Paw\u0142a II, wielkiego obro\u0144c\u0119 \u017cycia , rodziny, zatroskanego o pok\u00f3j na ca\u0142ym \u015bwiecie. W swoich modlitwach przez Jego wstawiennictwo pro\u015bmy Boga o [&hellip;]<\/p>\n","protected":false},"author":2,"featured_media":0,"comment_status":"closed","ping_status":"closed","sticky":false,"template":"","format":"standard","meta":[],"categories":[2],"tags":[],"_links":{"self":[{"href":"http:\/\/www.parafiakuligow.pl\/index.php\/wp-json\/wp\/v2\/posts\/1468"}],"collection":[{"href":"http:\/\/www.parafiakuligow.pl\/index.php\/wp-json\/wp\/v2\/posts"}],"about":[{"href":"http:\/\/www.parafiakuligow.pl\/index.php\/wp-json\/wp\/v2\/types\/post"}],"author":[{"embeddable":true,"href":"http:\/\/www.parafiakuligow.pl\/index.php\/wp-json\/wp\/v2\/users\/2"}],"replies":[{"embeddable":true,"href":"http:\/\/www.parafiakuligow.pl\/index.php\/wp-json\/wp\/v2\/comments?post=1468"}],"version-history":[{"count":1,"href":"http:\/\/www.parafiakuligow.pl\/index.php\/wp-json\/wp\/v2\/posts\/1468\/revisions"}],"predecessor-version":[{"id":1469,"href":"http:\/\/www.parafiakuligow.pl\/index.php\/wp-json\/wp\/v2\/posts\/1468\/revisions\/1469"}],"wp:attachment":[{"href":"http:\/\/www.parafiakuligow.pl\/index.php\/wp-json\/wp\/v2\/media?parent=1468"}],"wp:term":[{"taxonomy":"category","embeddable":true,"href":"http:\/\/www.parafiakuligow.pl\/index.php\/wp-json\/wp\/v2\/categories?post=1468"},{"taxonomy":"post_tag","embeddable":true,"href":"http:\/\/www.parafiakuligow.pl\/index.php\/wp-json\/wp\/v2\/tags?post=1468"}],"curies":[{"name":"wp","href":"https:\/\/api.w.org\/{rel}","templated":true}]}}