{"id":1466,"date":"2020-05-14T10:19:32","date_gmt":"2020-05-14T08:19:32","guid":{"rendered":"http:\/\/www.parafiakuligow.pl\/?p=1466"},"modified":"2020-05-14T10:19:32","modified_gmt":"2020-05-14T08:19:32","slug":"10-maj-2020-v-niedziela-wielkanocy","status":"publish","type":"post","link":"http:\/\/www.parafiakuligow.pl\/index.php\/2020\/05\/14\/10-maj-2020-v-niedziela-wielkanocy\/","title":{"rendered":"10 Maj 2020 &#8211; V NIEDZIELA WIELKANOCY"},"content":{"rendered":"<ol>\n<li>W dniu dzisiejszym ofiary sk\u0142adane na tac\u0119 przeznaczamy na Wy\u017csze Seminarium Duchowne naszej Diecezji.<\/li>\n<li>W czwartek 14 maja obchodzimy \u015bwi\u0119to \u015bw. Macieja Aposto\u0142a; w sobot\u0119 16 maja uroczysto\u015b\u0107\u00a0 \u015bw. Andrzeja Boboli, prezbitera\u00a0 i\u00a0 m\u0119czennika, patrona Polski i\u00a0 metropolii warszawskiej.<\/li>\n<li>W przysz\u0142\u0105 niedziel\u0119 17 \u00a0maja po Mszy \u015bw. o godz. 11.00 zapraszam na spotkanie Rodzic\u00f3w m\u0142odzie\u017cy przygotowuj\u0105cej si\u0119 do przyj\u0119cia sakramentu Bierzmowania.<\/li>\n<li>Wszystkim naszym parafianom i osobom przebywaj\u0105cym w naszej parafii \u017cyczymy spokojnej niedzieli oraz dobrego i b\u0142ogos\u0142awionego tygodnia.<\/li>\n<li>Zach\u0119camy do czytania prasy katolickiej.<\/li>\n<\/ol>\n<p><strong>Intencje <\/strong><strong>Mszalne <\/strong><strong>\u00a010 \u2013 17 maj \u00a02020r.<\/strong><\/p>\n<p><strong>Nd.\u00a0 10. V\u00a0\u00a0\u00a0\u00a0\u00a0\u00a0 V \u00a0Niedziela Wielkanocy<br \/>\n<\/strong>g. 9.00\u00a0\u00a0 + Stanis\u0142aw\u0119 Krysik<br \/>\ng. 11.00 + Mari\u0119 i Edwarda Dobek\u00a0 \/10\/<br \/>\n<strong>Pn.\u00a0 \u00a0\u00a011. V<\/strong>\u00a0\u00a0 \u00a0\u00a0\u00a0\u00a0\u00a0\u00a0g. \u00a019.00\u00a0 + Mari\u0119 i Edwarda Dobek\u00a0 \/11\/<br \/>\n<strong>Wt.\u00a0\u00a0 12. V\u00a0\u00a0\u00a0 \u00a0\u00a0\u00a0\u00a0\u00a0<\/strong>g. \u00a0\u00a0\u00a07.00\u00a0 + Mari\u0119 i Edwarda Dobek\u00a0 \/12\/<br \/>\n<strong>\u015ar.\u00a0\u00a0\u00a0 13. V\u00a0\u00a0 <\/strong>\u00a0\u00a0\u00a0\u00a0\u00a0<strong>\u00a0<\/strong>g.\u00a0 19.00\u00a0 + Mari\u0119 i Edwarda Dobek\u00a0 \/13\/<br \/>\n<strong>Czw. 14. V <\/strong>\u00a0\u00a0\u00a0\u00a0<strong>\u00a0\u00a0\u00a0<\/strong>\u00a0g.\u00a0\u00a0\u00a0 7.00\u00a0 + Mari\u0119 i Edwarda Dobek\u00a0 \/14\/<br \/>\n<strong>Pt.\u00a0 \u00a0\u00a015. V\u00a0\u00a0\u00a0\u00a0\u00a0 \u00a0\u00a0<\/strong>g.\u00a0 19.00\u00a0 + Mari\u0119 i Edwarda Dobek\u00a0 \/15\/<br \/>\n<strong>Sob.\u00a0 16. V<br \/>\n<\/strong>g.\u00a0 18.30\u00a0 Int. zam.<br \/>\ng. 19.00\u00a0 + Mari\u0119 i Edwarda Dobek\u00a0 \/16\/<br \/>\n<strong>Nd.\u00a0 17. V\u00a0\u00a0\u00a0\u00a0\u00a0 \u00a0VI \u00a0Niedziela Wielkanocy<br \/>\n<\/strong>g. 9.00\u00a0\u00a0 + Mari\u0119 i Edwarda Dobek\u00a0 \/17\/<br \/>\ng. 11.00 Int. zam.<\/p>\n","protected":false},"excerpt":{"rendered":"<p>W dniu dzisiejszym ofiary sk\u0142adane na tac\u0119 przeznaczamy na Wy\u017csze Seminarium Duchowne naszej Diecezji. W czwartek 14 maja obchodzimy \u015bwi\u0119to \u015bw. Macieja Aposto\u0142a; w sobot\u0119 16 maja uroczysto\u015b\u0107\u00a0 \u015bw. Andrzeja Boboli, prezbitera\u00a0 i\u00a0 m\u0119czennika, patrona Polski i\u00a0 metropolii warszawskiej. W przysz\u0142\u0105 niedziel\u0119 17 \u00a0maja po Mszy \u015bw. o godz. 11.00 [&hellip;]<\/p>\n","protected":false},"author":2,"featured_media":0,"comment_status":"closed","ping_status":"closed","sticky":false,"template":"","format":"standard","meta":[],"categories":[2],"tags":[],"_links":{"self":[{"href":"http:\/\/www.parafiakuligow.pl\/index.php\/wp-json\/wp\/v2\/posts\/1466"}],"collection":[{"href":"http:\/\/www.parafiakuligow.pl\/index.php\/wp-json\/wp\/v2\/posts"}],"about":[{"href":"http:\/\/www.parafiakuligow.pl\/index.php\/wp-json\/wp\/v2\/types\/post"}],"author":[{"embeddable":true,"href":"http:\/\/www.parafiakuligow.pl\/index.php\/wp-json\/wp\/v2\/users\/2"}],"replies":[{"embeddable":true,"href":"http:\/\/www.parafiakuligow.pl\/index.php\/wp-json\/wp\/v2\/comments?post=1466"}],"version-history":[{"count":1,"href":"http:\/\/www.parafiakuligow.pl\/index.php\/wp-json\/wp\/v2\/posts\/1466\/revisions"}],"predecessor-version":[{"id":1467,"href":"http:\/\/www.parafiakuligow.pl\/index.php\/wp-json\/wp\/v2\/posts\/1466\/revisions\/1467"}],"wp:attachment":[{"href":"http:\/\/www.parafiakuligow.pl\/index.php\/wp-json\/wp\/v2\/media?parent=1466"}],"wp:term":[{"taxonomy":"category","embeddable":true,"href":"http:\/\/www.parafiakuligow.pl\/index.php\/wp-json\/wp\/v2\/categories?post=1466"},{"taxonomy":"post_tag","embeddable":true,"href":"http:\/\/www.parafiakuligow.pl\/index.php\/wp-json\/wp\/v2\/tags?post=1466"}],"curies":[{"name":"wp","href":"https:\/\/api.w.org\/{rel}","templated":true}]}}