{"id":1460,"date":"2020-04-26T12:05:10","date_gmt":"2020-04-26T10:05:10","guid":{"rendered":"http:\/\/www.parafiakuligow.pl\/?p=1460"},"modified":"2020-04-26T12:05:10","modified_gmt":"2020-04-26T10:05:10","slug":"26-kwiecien-2020-iii-niedziela-wielkanocy","status":"publish","type":"post","link":"http:\/\/www.parafiakuligow.pl\/index.php\/2020\/04\/26\/26-kwiecien-2020-iii-niedziela-wielkanocy\/","title":{"rendered":"26 Kwiecie\u0144 2020 &#8211; III  NIEDZIELA  WIELKANOCY"},"content":{"rendered":"<ol>\n<li>Dzisiejsza niedziela, to niedziela biblijna. W Ko\u015bciele katolickim w Polsce to 12 Tydzie\u0144 Biblijny, kt\u00f3ry b\u0119dzie trwa\u0142 do soboty 2 maja. Rozwa\u017caj\u0105c S\u0142owo Bo\u017ce jednoczymy si\u0119 i umacniamy nasz\u0105 wi\u0119\u017a z Bogiem.<\/li>\n<li>W \u015brod\u0119 29 kwietnia obchodzimy \u015bwi\u0119to \u015bw. Katarzyny Siene\u0144skiej, dziewicy i doktora Ko\u015bcio\u0142a, patronki Europy.<\/li>\n<li>Od m-ca maja \/ od najbli\u017cszego\u00a0 pi\u0105tku \/ do ko\u0144ca wrze\u015bnia tak jak w latach minionych wieczorna Msza \u015bw. b\u0119dzie sprawowana o godzin\u0119 p\u00f3\u017aniej ni\u017c do tej pory, czyli nie o 18.00, ale o godz. 19.00. W niedziel\u0119 i \u015bwi\u0119ta porz\u0105dek bez zmian. <strong>Wyj\u0105tkowo 1 maja Msza \u015bw. o godz. 18.00.<\/strong><\/li>\n<li>W tym tygodniu rozpoczynamy miesi\u0105c maj, po\u015bwi\u0119cony w spos\u00f3b szczeg\u00f3lny ku czci Matki Bo\u017cej. Litani\u0119 Loreta\u0144sk\u0105 b\u0119dziemy odmawia\u0107 w dni powszednie na zako\u0144czenie Mszy \u015bw. W niedziel\u0119 i \u015bwi\u0119ta na zako\u0144czenie Mszy \u015bw. o godz.11.00. Serdecznie zapraszamy do wsp\u00f3lnej modlitwy z <strong>zachowaniem obowi\u0105zuj\u0105cych przepis\u00f3w sanitarnych.<\/strong>\u00a0 Ze wzgl\u0119du na \u015bwi\u0105teczny charakter\u00a0 dnia 1 maja, kt\u00f3ry w tym roku przypada w pi\u0105tek, ks. Bp naszej Diecezji\u00a0 udziela dyspensy od postu.<\/li>\n<li>Za zgod\u0105 Stolicy Apostolskiej, uroczysto\u015b\u0107 NM Panny Kr\u00f3lowej Polski g\u0142\u00f3wnej patronki naszej Ojczyzny obchodzimy w tym roku w sobot\u0119 2 maja. Msze \u015bw. w\/g porz\u0105dku niedzielnego o godz. 9.00\u00a0 i 11.00.<\/li>\n<li>Wszystkim naszym parafianom i osobom przebywaj\u0105cym w naszej parafii \u017cyczymy spokojnej niedzieli oraz dobrego i b\u0142ogos\u0142awionego tygodnia.<\/li>\n<li>Zach\u0119camy do czytania prasy katolickiej.<\/li>\n<\/ol>\n<p><strong>Intencje <\/strong><strong>Mszalne\u00a0 <\/strong><strong>26 kwiecie\u0144 \u2013 03 maj 2020r.<\/strong><\/p>\n<p><strong><span style=\"color: #ff0000;\">Nd.\u00a0 26. IV\u00a0\u00a0\u00a0\u00a0\u00a0\u00a0 III \u00a0Niedziela Wielkanocy<\/span><br \/>\n<\/strong>g. 9.00\u00a0\u00a0 W int. Bogu wiadomej<br \/>\ng. 11.00 Int. zam.<br \/>\n<strong>Pn.\u00a0 \u00a0\u00a027. IV<\/strong>\u00a0\u00a0 \u00a0\u00a0\u00a0\u00a0\u00a0g. \u00a018.00\u00a0 + Jana i Stanis\u0142awa Abramczyk<br \/>\n<strong>Wt.\u00a0\u00a0 28. IV\u00a0\u00a0\u00a0 \u00a0\u00a0\u00a0\u00a0<\/strong>g. \u00a0\u00a0\u00a07.00\u00a0 Int. wolna<br \/>\n<strong>\u015ar.\u00a0\u00a0\u00a0 29. IV\u00a0\u00a0 <\/strong>\u00a0\u00a0\u00a0\u00a0\u00a0<strong>\u00a0<\/strong>g.\u00a0 18.00\u00a0 + Lucyn\u0119, Rom\u0119, J\u00f3zefa i Boles\u0142awa Siedleckich; Wies\u0142awa Kulika<br \/>\n<strong>Czw. 30. IV <\/strong>\u00a0\u00a0\u00a0\u00a0<strong>\u00a0\u00a0\u00a0<\/strong>\u00a0g.\u00a0\u00a0\u00a0 7.00\u00a0 Int. wolna<br \/>\n<strong>Pt.\u00a0 \u00a0\u00a0\u00a001.\u00a0 V<br \/>\n<\/strong>g. \u00a0\u00a017.30\u00a0 + Mari\u0119 i Edwarda Dobek\u00a0 \/1\/<br \/>\ng. 18.00 \u00a0+ Stanis\u0142awa i El\u017cbiet\u0119 Gajdek; zm. rodzic\u00f3w Ann\u0119 i Piotra Gajdek; Janin\u0119 i J\u00f3zefa Pow\u0142oka<br \/>\n<strong>Sob.\u00a0 02.\u00a0 V\u00a0\u00a0\u00a0\u00a0\u00a0\u00a0\u00a0\u00a0 Naj\u015bwi\u0119tszej Maryi Panny, Kr\u00f3lowej Polski<br \/>\n<\/strong>g. 9.00\u00a0 + Int. zam.<br \/>\ng. 11.00\u00a0 + Mari\u0119 i Edwarda Dobek\u00a0 \/2\/<br \/>\n<strong><span style=\"color: #ff0000;\">Nd.\u00a0 03. V\u00a0\u00a0\u00a0\u00a0\u00a0 \u00a0IV \u00a0Niedziela Wielkanocy<\/span><br \/>\n<\/strong>g. 9.00\u00a0\u00a0 + Mari\u0119 i Edwarda Dobek\u00a0 \/3\/<br \/>\ng. 11.00 Int. zam.<\/p>\n","protected":false},"excerpt":{"rendered":"<p>Dzisiejsza niedziela, to niedziela biblijna. W Ko\u015bciele katolickim w Polsce to 12 Tydzie\u0144 Biblijny, kt\u00f3ry b\u0119dzie trwa\u0142 do soboty 2 maja. Rozwa\u017caj\u0105c S\u0142owo Bo\u017ce jednoczymy si\u0119 i umacniamy nasz\u0105 wi\u0119\u017a z Bogiem. W \u015brod\u0119 29 kwietnia obchodzimy \u015bwi\u0119to \u015bw. Katarzyny Siene\u0144skiej, dziewicy i doktora Ko\u015bcio\u0142a, patronki Europy. Od m-ca maja [&hellip;]<\/p>\n","protected":false},"author":2,"featured_media":0,"comment_status":"closed","ping_status":"closed","sticky":false,"template":"","format":"standard","meta":[],"categories":[2],"tags":[],"_links":{"self":[{"href":"http:\/\/www.parafiakuligow.pl\/index.php\/wp-json\/wp\/v2\/posts\/1460"}],"collection":[{"href":"http:\/\/www.parafiakuligow.pl\/index.php\/wp-json\/wp\/v2\/posts"}],"about":[{"href":"http:\/\/www.parafiakuligow.pl\/index.php\/wp-json\/wp\/v2\/types\/post"}],"author":[{"embeddable":true,"href":"http:\/\/www.parafiakuligow.pl\/index.php\/wp-json\/wp\/v2\/users\/2"}],"replies":[{"embeddable":true,"href":"http:\/\/www.parafiakuligow.pl\/index.php\/wp-json\/wp\/v2\/comments?post=1460"}],"version-history":[{"count":1,"href":"http:\/\/www.parafiakuligow.pl\/index.php\/wp-json\/wp\/v2\/posts\/1460\/revisions"}],"predecessor-version":[{"id":1461,"href":"http:\/\/www.parafiakuligow.pl\/index.php\/wp-json\/wp\/v2\/posts\/1460\/revisions\/1461"}],"wp:attachment":[{"href":"http:\/\/www.parafiakuligow.pl\/index.php\/wp-json\/wp\/v2\/media?parent=1460"}],"wp:term":[{"taxonomy":"category","embeddable":true,"href":"http:\/\/www.parafiakuligow.pl\/index.php\/wp-json\/wp\/v2\/categories?post=1460"},{"taxonomy":"post_tag","embeddable":true,"href":"http:\/\/www.parafiakuligow.pl\/index.php\/wp-json\/wp\/v2\/tags?post=1460"}],"curies":[{"name":"wp","href":"https:\/\/api.w.org\/{rel}","templated":true}]}}