{"id":1450,"date":"2020-04-12T13:36:18","date_gmt":"2020-04-12T11:36:18","guid":{"rendered":"http:\/\/www.parafiakuligow.pl\/?p=1450"},"modified":"2020-04-12T13:37:29","modified_gmt":"2020-04-12T11:37:29","slug":"12-kwiecien-2020-niedziela-zmartwychwstania-panskiego","status":"publish","type":"post","link":"http:\/\/www.parafiakuligow.pl\/index.php\/2020\/04\/12\/12-kwiecien-2020-niedziela-zmartwychwstania-panskiego\/","title":{"rendered":"12 Kwiecie\u0144 2020 &#8211; NIEDZIELA ZMARTWYCHWSTANIA PA\u0143SKIEGO"},"content":{"rendered":"<ol>\n<li>Jutro II dzie\u0144 \u015awi\u0105t Wielkanocnych i czwarty dzie\u0144 Nowenny do Mi\u0142osierdzia Bo\u017cego. Msze \u015bw. w\/g porz\u0105dku niedzielnego o godz. 9.00 i 11.00. Taca na Katolicki Uniwersytet lubelski.<\/li>\n<li>W najbli\u017cszy pi\u0105tek 17 kwietnia z racji Oktawy Wielkanocy mo\u017cna spo\u017cywa\u0107 pokarmy mi\u0119sne.<\/li>\n<li>Za tydzie\u0144 19 kwietnia \u015awi\u0119to Mi\u0142osierdzia Bo\u017cego. Taca na dzie\u0142a charytatywne\u00a0 Caritas\u00a0 w\u00a0 naszej diecezji.<\/li>\n<li>Pragn\u0119 serdecznie podzi\u0119kowa\u0107 wszystkim, kt\u00f3rzy po\u015bwi\u0119cili sw\u00f3j czas, prac\u0119 i \u015brodki,\u00a0 by\u00a0 pom\u00f3c ca\u0142ej naszej wsp\u00f3lnocie w prze\u017cywaniu Wielkiego Tygodnia\u00a0 i\u00a0 \u015awi\u0105t Wielkanocnych. W spos\u00f3b szczeg\u00f3lny dzi\u0119kuj\u0119 paniom:<br \/>\nMiros\u0142awie Karasiewicz i jej c\u00f3rce Danucie, Gra\u017cynie Sta\u0144czak i panu Leszkowi Karasiewicz. Pa\u0144stwu Gra\u017cynie i Tadeuszowi Sta\u0144czak dzi\u0119kuj\u0119 za ufundowanie do naszej \u015bwi\u0105tyni \u015bwiec o\u0142tarzowych i obrus na okres wielkanocny. Dzi\u0119kuj\u0119 wszystkim, kt\u00f3rzy z\u0142o\u017cyli i zbierali ofiary na kwiaty do O\u0142tarza Przechowania (Ciemnicy) i Grobu Pa\u0144skiego. Dzi\u0119kuj\u0119 asy\u015bcie ko\u015bcielnej, ministrantom w przygotowaniu liturgii i tym, kt\u00f3rzy z \u017cyczliwo\u015bci\u0105 nas wspomagali. Serdeczne B\u00f3g zap\u0142a\u0107.<br \/>\nPanom: Micha\u0142owi Ptak i Przemys\u0142awowi Pietrucha dzi\u0119kuj\u0119 za wykonane na terenie przyko\u015bcielnym prace ogrodowe.<\/li>\n<li>W tych trudnych dla nas wszystkich chwilach, kiedy wzmagamy si\u0119 z pandemi\u0105 koronawirusa, \u017cycz\u0119 wszystkim\u00a0 naszym parafianom i go\u015bciom przede wszystkim zdrowych, b\u0142ogos\u0142awionych i duchowo owocnych \u015awi\u0105t Wielkanocnych. Niech Dobry B\u00f3g strze\u017ce i dobrem otacza; mi\u0142o\u015b\u0107 niech wype\u0142nia nasze serca; nadzieja niech pozwoli z ufno\u015bci\u0105 patrze\u0107 w przysz\u0142o\u015b\u0107 i przyniesie si\u0142\u0119 w chwilach niepokoju i smutku; wiara umacnia, kiedy rzeczywisto\u015b\u0107 przera\u017ca a \u015awiat\u0142o\u015b\u0107 p\u0142yn\u0105ca ze Zmartwychwstania niech utwierdza nasz\u0105 wiar\u0119 w zwyci\u0119stwo dobra nad z\u0142em, \u017cycia nad \u015bmierci\u0105, mi\u0142o\u015bci nad nienawi\u015bci\u0105. Tego \u017cyczmy sobie i swoim bliskim, aby\u015bmy mogli wsp\u00f3lnie przetrwa\u0107. Szcz\u0119\u015b\u0107 Bo\u017ce.<\/li>\n<\/ol>\n<p><strong>\u00a0\u00a0Intencje Mszalne 12 \u2013 19 kwiecie\u0144 2020r.<\/strong><\/p>\n<p><span style=\"color: #ff0000;\"><strong>Nd.\u00a0 12. IV\u00a0\u00a0\u00a0\u00a0\u00a0 <\/strong><\/span><strong><u><span style=\"color: #ff0000;\">Niedziela Zmartwychwstania Pa\u0144skiego<\/span><br \/>\n<\/u><\/strong>g. 6.00\u00a0\u00a0 <strong>REZUREKCJA<\/strong> \u2013 W int.\u00a0 Parafian<br \/>\ng. 11.00 Int. zam.<br \/>\n<span style=\"color: #ff0000;\"><strong>Pn.\u00a0 \u00a0\u00a0\u00a013. IV<\/strong>\u00a0\u00a0 \u00a0<strong><u>II Dzie\u0144 \u015awi\u0105t Wielkanocnych<br \/>\n<\/u><\/strong><\/span><strong><u>Poniedzia\u0142ek w oktawie Wielkanocy<br \/>\n<\/u><\/strong>g. 9.00\u00a0 + Piotra Grabskiego w 5 rocz. \u015bm.<br \/>\ng. 11.00 Int. zam.<br \/>\n<strong>Wt.\u00a0\u00a0 \u00a014. IV\u00a0\u00a0\u00a0 \u00a0\u00a0\u00a0\u00a0\u00a0<\/strong>g. \u00a0\u00a0\u00a07.00\u00a0 + Jerzego Aniszewskiego (13)<br \/>\n<strong>\u015ar.\u00a0\u00a0\u00a0 \u00a015. IV\u00a0\u00a0 <\/strong>\u00a0\u00a0\u00a0\u00a0\u00a0<strong>\u00a0<\/strong>g.\u00a0 18.00\u00a0 + Jerzego Aniszewskiego (14)<br \/>\n<strong>Czw. 16. IV <\/strong>\u00a0\u00a0\u00a0\u00a0<strong>\u00a0\u00a0\u00a0<\/strong>\u00a0g.\u00a0\u00a0\u00a0 7.00\u00a0 Int. wolna<br \/>\n<strong>Pt.\u00a0\u00a0\u00a0 17. IV\u00a0\u00a0\u00a0\u00a0\u00a0 \u00a0\u00a0\u00a0\u00a0<\/strong>g. 18.00\u00a0 + Jana Mariann\u0119 \u017bochowskich, Henryka \u017bochowskiego; zm. z rodz. \u017bochowskich,\u00a0 Zieli\u0144skich, Lisiewicz\u00f3w i Borejk\u00f3w<br \/>\n<strong>Sob.\u00a0 18. IV\u00a0\u00a0\u00a0\u00a0\u00a0\u00a0\u00a0\u00a0 <\/strong>g. 18.00\u00a0 Int. zam.<br \/>\n<span style=\"color: #ff0000;\"><strong>Nd.\u00a0 19. IV\u00a0\u00a0\u00a0\u00a0\u00a0 \u00a0<\/strong><strong>II Niedziela Wielkanocy<br \/>\n<\/strong><\/span><strong><u>Niedziela Mi\u0142osierdzia Bo\u017cego<br \/>\n<\/u><\/strong>g. 9.00\u00a0\u00a0 + Piotra Zieli\u0144skiego i Stefana Blok<br \/>\ng. 11.00 + Leokadi\u0119 i Jana Baranowskich; dziadk\u00f3w Baranowskich i Jusi\u0144skich<\/p>\n","protected":false},"excerpt":{"rendered":"<p>Jutro II dzie\u0144 \u015awi\u0105t Wielkanocnych i czwarty dzie\u0144 Nowenny do Mi\u0142osierdzia Bo\u017cego. Msze \u015bw. w\/g porz\u0105dku niedzielnego o godz. 9.00 i 11.00. Taca na Katolicki Uniwersytet lubelski. W najbli\u017cszy pi\u0105tek 17 kwietnia z racji Oktawy Wielkanocy mo\u017cna spo\u017cywa\u0107 pokarmy mi\u0119sne. Za tydzie\u0144 19 kwietnia \u015awi\u0119to Mi\u0142osierdzia Bo\u017cego. Taca na dzie\u0142a [&hellip;]<\/p>\n","protected":false},"author":2,"featured_media":0,"comment_status":"closed","ping_status":"closed","sticky":false,"template":"","format":"standard","meta":[],"categories":[2],"tags":[],"_links":{"self":[{"href":"http:\/\/www.parafiakuligow.pl\/index.php\/wp-json\/wp\/v2\/posts\/1450"}],"collection":[{"href":"http:\/\/www.parafiakuligow.pl\/index.php\/wp-json\/wp\/v2\/posts"}],"about":[{"href":"http:\/\/www.parafiakuligow.pl\/index.php\/wp-json\/wp\/v2\/types\/post"}],"author":[{"embeddable":true,"href":"http:\/\/www.parafiakuligow.pl\/index.php\/wp-json\/wp\/v2\/users\/2"}],"replies":[{"embeddable":true,"href":"http:\/\/www.parafiakuligow.pl\/index.php\/wp-json\/wp\/v2\/comments?post=1450"}],"version-history":[{"count":2,"href":"http:\/\/www.parafiakuligow.pl\/index.php\/wp-json\/wp\/v2\/posts\/1450\/revisions"}],"predecessor-version":[{"id":1452,"href":"http:\/\/www.parafiakuligow.pl\/index.php\/wp-json\/wp\/v2\/posts\/1450\/revisions\/1452"}],"wp:attachment":[{"href":"http:\/\/www.parafiakuligow.pl\/index.php\/wp-json\/wp\/v2\/media?parent=1450"}],"wp:term":[{"taxonomy":"category","embeddable":true,"href":"http:\/\/www.parafiakuligow.pl\/index.php\/wp-json\/wp\/v2\/categories?post=1450"},{"taxonomy":"post_tag","embeddable":true,"href":"http:\/\/www.parafiakuligow.pl\/index.php\/wp-json\/wp\/v2\/tags?post=1450"}],"curies":[{"name":"wp","href":"https:\/\/api.w.org\/{rel}","templated":true}]}}