{"id":1427,"date":"2020-03-14T15:00:35","date_gmt":"2020-03-14T14:00:35","guid":{"rendered":"http:\/\/www.parafiakuligow.pl\/?p=1427"},"modified":"2020-03-14T15:00:35","modified_gmt":"2020-03-14T14:00:35","slug":"15-marzec-2020-iii-niedziela-wielkiego-postu","status":"publish","type":"post","link":"http:\/\/www.parafiakuligow.pl\/index.php\/2020\/03\/14\/15-marzec-2020-iii-niedziela-wielkiego-postu\/","title":{"rendered":"15 marzec 2020 &#8211; III Niedziela Wielkiego Postu"},"content":{"rendered":"<ol>\n<li>Tydzie\u0144 temu w zbi\u00f3rce do puszek na dzie\u0142o misyjne \u201e ad Gentes\u201d zebrali\u015bmy 200 z\u0142. B\u00f3g\u00a0 zap\u0142a\u0107 za ka\u017cd\u0105 z\u0142o\u017con\u0105\u00a0 na misj\u0119 ofiar\u0119.<\/li>\n<li>W czwartek 19 marca przypada Uroczysto\u015b\u0107 \u015bw. J\u00f3zefa Oblubie\u0144ca NMPanny. Wszystkim solenizantom i solenizantkom sk\u0142adamy \u017cyczenia Bo\u017cego B\u0142ogos\u0142awie\u0144stwa i opieki patrona. Msza \u015bw. o godz. 18.00.<\/li>\n<li>Wszystkim parafianom i go\u015bciom \u017cyczymy du\u017co zdrowia, dobrej niedzieli oraz b\u0142ogos\u0142awionego tygodnia.<\/li>\n<li>Zach\u0119camy do czytania prasy katolickiej.<\/li>\n<\/ol>\n<p><strong>Intencje Mszalne <\/strong><strong>\u00a015 \u2013 22 marzec 2020r.<\/strong><\/p>\n<p><span style=\"color: #ff0000;\"><strong>Nd. 15. III. 2020\u00a0\u00a0\u00a0 <\/strong><strong>III\u00a0 Niedziela Wielkiego Postu<br \/>\n<\/strong><\/span><span style=\"color: #000000;\">g. 7.00\u00a0 + Stanis\u0142awa Popis (28)<br \/>\n<\/span><span style=\"color: #000000;\">g. 9.00\u00a0 Int. zam.<br \/>\n<\/span>g. 11.00\u00a0 Int. zam.<br \/>\n<strong>Pn.\u00a0 \u00a0\u00a0\u00a016. III<\/strong>\u00a0\u00a0 \u00a0\u00a0\u00a0\u00a0\u00a0\u00a0g. \u00a0\u00a07.00\u00a0 + Stanis\u0142awa Popis (29)<br \/>\n<strong>Wt.\u00a0\u00a0 \u00a017. III\u00a0\u00a0\u00a0 \u00a0\u00a0\u00a0\u00a0\u00a0<\/strong>g. \u00a0\u00a0\u00a07.00\u00a0 + Stanis\u0142awa Popis (30)<br \/>\n<strong>\u015ar.\u00a0\u00a0\u00a0 \u00a018. III\u00a0\u00a0 <\/strong>\u00a0\u00a0\u00a0\u00a0\u00a0<strong>\u00a0<\/strong>g.\u00a0 18.00\u00a0 O \u0142ask\u0119 zdrowia dla Jana Puchalskiego<br \/>\n<strong>Czw. \u00a019. III\u00a0 \u00a0\u00a0\u00a0\u00a0\u00a0<\/strong>Uroczysto\u015b\u0107 \u015bw. J\u00f3zefa oblubie\u0144ca NMPanny<br \/>\ng. 18.00\u00a0 + Jerzego Aniszewskiego \/1\/<br \/>\n<strong>Pt.\u00a0\u00a0\u00a0 \u00a0\u00a020. III\u00a0 \u00a0\u00a0\u00a0\u00a0\u00a0\u00a0<\/strong>g. 18.00 \u00a0+\u00a0 Halin\u0119 i Teodora Miecznikowskich<br \/>\n<strong>Sob. \u00a0\u00a021. III\u00a0\u00a0\u00a0\u00a0 \u00a0\u00a0\u00a0<\/strong>g. \u00a018.00\u00a0 Int. zam.<br \/>\n<span style=\"color: #ff0000;\"><strong>Nd. 22. III. 2020\u00a0\u00a0 \u00a0<\/strong><\/span><strong><span style=\"color: #ff0000;\">IV \u00a0Niedziela Wielkiego Postu<\/span><br \/>\n<\/strong>g. 9.00\u00a0 Int. zam.<br \/>\ng. 11.00 \u00a0+ Mariann\u0119 Jaworsk\u0105<\/p>\n","protected":false},"excerpt":{"rendered":"<p>Tydzie\u0144 temu w zbi\u00f3rce do puszek na dzie\u0142o misyjne \u201e ad Gentes\u201d zebrali\u015bmy 200 z\u0142. B\u00f3g\u00a0 zap\u0142a\u0107 za ka\u017cd\u0105 z\u0142o\u017con\u0105\u00a0 na misj\u0119 ofiar\u0119. W czwartek 19 marca przypada Uroczysto\u015b\u0107 \u015bw. J\u00f3zefa Oblubie\u0144ca NMPanny. Wszystkim solenizantom i solenizantkom sk\u0142adamy \u017cyczenia Bo\u017cego B\u0142ogos\u0142awie\u0144stwa i opieki patrona. Msza \u015bw. o godz. 18.00. Wszystkim [&hellip;]<\/p>\n","protected":false},"author":2,"featured_media":0,"comment_status":"closed","ping_status":"closed","sticky":false,"template":"","format":"standard","meta":[],"categories":[2],"tags":[],"_links":{"self":[{"href":"http:\/\/www.parafiakuligow.pl\/index.php\/wp-json\/wp\/v2\/posts\/1427"}],"collection":[{"href":"http:\/\/www.parafiakuligow.pl\/index.php\/wp-json\/wp\/v2\/posts"}],"about":[{"href":"http:\/\/www.parafiakuligow.pl\/index.php\/wp-json\/wp\/v2\/types\/post"}],"author":[{"embeddable":true,"href":"http:\/\/www.parafiakuligow.pl\/index.php\/wp-json\/wp\/v2\/users\/2"}],"replies":[{"embeddable":true,"href":"http:\/\/www.parafiakuligow.pl\/index.php\/wp-json\/wp\/v2\/comments?post=1427"}],"version-history":[{"count":1,"href":"http:\/\/www.parafiakuligow.pl\/index.php\/wp-json\/wp\/v2\/posts\/1427\/revisions"}],"predecessor-version":[{"id":1428,"href":"http:\/\/www.parafiakuligow.pl\/index.php\/wp-json\/wp\/v2\/posts\/1427\/revisions\/1428"}],"wp:attachment":[{"href":"http:\/\/www.parafiakuligow.pl\/index.php\/wp-json\/wp\/v2\/media?parent=1427"}],"wp:term":[{"taxonomy":"category","embeddable":true,"href":"http:\/\/www.parafiakuligow.pl\/index.php\/wp-json\/wp\/v2\/categories?post=1427"},{"taxonomy":"post_tag","embeddable":true,"href":"http:\/\/www.parafiakuligow.pl\/index.php\/wp-json\/wp\/v2\/tags?post=1427"}],"curies":[{"name":"wp","href":"https:\/\/api.w.org\/{rel}","templated":true}]}}