{"id":1422,"date":"2020-03-01T09:22:23","date_gmt":"2020-03-01T08:22:23","guid":{"rendered":"http:\/\/www.parafiakuligow.pl\/?p=1422"},"modified":"2020-03-01T09:22:23","modified_gmt":"2020-03-01T08:22:23","slug":"01-marzec-2020-i-niedziela-wielkiego-postu","status":"publish","type":"post","link":"http:\/\/www.parafiakuligow.pl\/index.php\/2020\/03\/01\/01-marzec-2020-i-niedziela-wielkiego-postu\/","title":{"rendered":"01 marzec 2020 &#8211; I  Niedziela Wielkiego Postu"},"content":{"rendered":"<ol>\n<li>Dzi\u015b pierwsza niedziela miesi\u0105ca. Po Mszy \u015bwi\u0119tej o godz. 11.00 Gorzkie \u017bale. Spotkanie Rady Duszpasterskiej po nabo\u017ce\u0144stwie w domu parafialnym.<\/li>\n<li>Zapraszamy do udzia\u0142u w wielkopostnych nabo\u017ce\u0144stwach ku czci M\u0119ki Pa\u0144skiej. Droga krzy\u017cowa w pi\u0105tki o godz. 17.30. Gorzkie \u017cale w niedziele po Mszy \u015bw. o godz. 11.00. Zapraszamy doros\u0142ych, m\u0142odzie\u017c oraz dzieci.<\/li>\n<li>W czwartek 5 marca przypada I czwartek miesi\u0105ca. Pami\u0119tajmy, by w\u0142\u0105czy\u0107 do naszych modlitw intencje o nowe i liczne powo\u0142ania kap\u0142a\u0144skie i zakonne r\u00f3wnie\u017c z naszej parafii.<\/li>\n<li>W pi\u0105tek 6 marca\u00a0 przypada\u00a0 I pi\u0105tek miesi\u0105ca. Kandydat\u00f3w do sakramentu Bierzmowania zapraszam na Drog\u0119 Krzy\u017cow\u0105 o godz. 17.30. Spowied\u017a od godz.17.00.<\/li>\n<li>Msza \u015bw. o Niepokalanym Sercu Naj\u015bwi\u0119tszej Maryi Panny w najbli\u017csz\u0105 sobot\u0119 7 marca\u00a0 o godz. 18.00. Przed Msz\u0105 \u015bw. o godz.17.30 modlitwa r\u00f3\u017ca\u0144cowa.<\/li>\n<li>W przysz\u0142\u0105 niedziel\u0119 8 marca zbi\u00f3rka do puszek na dzie\u0142o misyjne \u201eAd gentes\u201d.<\/li>\n<li>Wszystkim parafianom i go\u015bciom \u017cyczymy du\u017co zdrowia, b\u0142ogos\u0142awionej niedzieli i dobrego tygodnia.<\/li>\n<li>Zach\u0119camy do czytania prasy katolickiej.<\/li>\n<\/ol>\n<p><strong>Intencje Mszalne <\/strong><strong> 01 marzec \u2013 08 marzec 2020r.<\/strong><\/p>\n<p><span style=\"color: #ff0000;\"><strong>Nd. 01. III. 2020\u00a0\u00a0\u00a0 <\/strong><\/span><strong><span style=\"color: #ff0000;\">I\u00a0 Niedziela Wielkiego Postu<\/span><br \/>\n<\/strong>g. 9.00\u00a0 Int. zam.<br \/>\ng. 11.00\u00a0 + Halin\u0119 Augustyniak w 15 rocz. \u015bm.; Dziad\u00f3w Augustyniak\u00f3w, Krzysztofa Augustyniak<br \/>\ng. 12.00\u00a0 \u00a0\u00a0\u00a0<strong>Gorzkie \u017bale<br \/>\n<\/strong>g. 12.30\u00a0 + Stanis\u0142awa Popis (14)<br \/>\n<strong>Pn.\u00a0 \u00a0\u00a0\u00a002. III<\/strong>\u00a0\u00a0 \u00a0\u00a0\u00a0\u00a0\u00a0\u00a0g.\u00a0 18.00\u00a0 + Stanis\u0142awa Popis (15)<br \/>\n<strong>Wt.\u00a0\u00a0 \u00a003. III\u00a0\u00a0\u00a0 \u00a0\u00a0\u00a0\u00a0\u00a0<\/strong>g. \u00a0\u00a0\u00a07.00\u00a0 + Stanis\u0142awa Popis (16)<br \/>\n<strong>\u015ar.\u00a0\u00a0\u00a0 \u00a004. III\u00a0\u00a0 <\/strong>\u00a0\u00a0\u00a0\u00a0\u00a0<strong><br \/>\n<\/strong>g.\u00a0 17.30\u00a0 + Stanis\u0142awa Popis (17)<br \/>\ng. 18.00\u00a0 + Kazimierza i Paw\u0142a \u017bochowskich<br \/>\n<strong>Czw. \u00a005. III\u00a0 \u00a0\u00a0\u00a0\u00a0\u00a0\u00a0\u00a0<\/strong>g.\u00a0 \u00a07.00\u00a0 + Stanis\u0142awa Popis (18)<br \/>\n<strong>Pt.\u00a0\u00a0\u00a0 \u00a006. III<br \/>\ng.\u00a0 17.30\u00a0 \u00a0\u00a0\u00a0<\/strong><strong><span style=\"color: #ff0000;\">DROGA KRZY\u017bOWA<\/span><br \/>\n<\/strong>g. 18.00 + Stanis\u0142awa Popis (19)<br \/>\n<strong>Sob. \u00a007. III<br \/>\n<\/strong>g.\u00a0\u00a0\u00a0\u00a0 8.00\u00a0 + Stanis\u0142awa Popis (20)<br \/>\ng. 17.00\u00a0 + Jerzego Aniszewskiego w m-c po \u015bm.<br \/>\ng. 18.00\u00a0 W int dzieci i rodzin K\u017bR \u015bw. Jana Paw\u0142a II<br \/>\n<span style=\"color: #ff0000;\"><strong>Nd. 08. III. 2020\u00a0\u00a0 \u00a0<\/strong><\/span><strong><span style=\"color: #ff0000;\">II \u00a0Niedziela Wielkiego Postu<\/span><br \/>\n<\/strong>g. 9.00\u00a0 Int. zam.<br \/>\ng. 11.00 \u00a0Int. zam.<br \/>\ng. 12.00\u00a0 \u00a0\u00a0\u00a0<strong>Gorzkie \u017bale<br \/>\n<\/strong>g. 12.30\u00a0 + Stanis\u0142awa Popis (21)<\/p>\n","protected":false},"excerpt":{"rendered":"<p>Dzi\u015b pierwsza niedziela miesi\u0105ca. Po Mszy \u015bwi\u0119tej o godz. 11.00 Gorzkie \u017bale. Spotkanie Rady Duszpasterskiej po nabo\u017ce\u0144stwie w domu parafialnym. Zapraszamy do udzia\u0142u w wielkopostnych nabo\u017ce\u0144stwach ku czci M\u0119ki Pa\u0144skiej. Droga krzy\u017cowa w pi\u0105tki o godz. 17.30. Gorzkie \u017cale w niedziele po Mszy \u015bw. o godz. 11.00. Zapraszamy doros\u0142ych, m\u0142odzie\u017c [&hellip;]<\/p>\n","protected":false},"author":2,"featured_media":0,"comment_status":"closed","ping_status":"closed","sticky":false,"template":"","format":"standard","meta":[],"categories":[2],"tags":[],"_links":{"self":[{"href":"http:\/\/www.parafiakuligow.pl\/index.php\/wp-json\/wp\/v2\/posts\/1422"}],"collection":[{"href":"http:\/\/www.parafiakuligow.pl\/index.php\/wp-json\/wp\/v2\/posts"}],"about":[{"href":"http:\/\/www.parafiakuligow.pl\/index.php\/wp-json\/wp\/v2\/types\/post"}],"author":[{"embeddable":true,"href":"http:\/\/www.parafiakuligow.pl\/index.php\/wp-json\/wp\/v2\/users\/2"}],"replies":[{"embeddable":true,"href":"http:\/\/www.parafiakuligow.pl\/index.php\/wp-json\/wp\/v2\/comments?post=1422"}],"version-history":[{"count":1,"href":"http:\/\/www.parafiakuligow.pl\/index.php\/wp-json\/wp\/v2\/posts\/1422\/revisions"}],"predecessor-version":[{"id":1423,"href":"http:\/\/www.parafiakuligow.pl\/index.php\/wp-json\/wp\/v2\/posts\/1422\/revisions\/1423"}],"wp:attachment":[{"href":"http:\/\/www.parafiakuligow.pl\/index.php\/wp-json\/wp\/v2\/media?parent=1422"}],"wp:term":[{"taxonomy":"category","embeddable":true,"href":"http:\/\/www.parafiakuligow.pl\/index.php\/wp-json\/wp\/v2\/categories?post=1422"},{"taxonomy":"post_tag","embeddable":true,"href":"http:\/\/www.parafiakuligow.pl\/index.php\/wp-json\/wp\/v2\/tags?post=1422"}],"curies":[{"name":"wp","href":"https:\/\/api.w.org\/{rel}","templated":true}]}}