{"id":1418,"date":"2020-02-21T23:10:56","date_gmt":"2020-02-21T22:10:56","guid":{"rendered":"http:\/\/www.parafiakuligow.pl\/?p=1418"},"modified":"2020-02-23T10:22:20","modified_gmt":"2020-02-23T09:22:20","slug":"23-luty-2020-vii-niedziela-zwykla","status":"publish","type":"post","link":"http:\/\/www.parafiakuligow.pl\/index.php\/2020\/02\/21\/23-luty-2020-vii-niedziela-zwykla\/","title":{"rendered":"23 luty 2020 &#8211; VII Niedziela Zwyk\u0142a"},"content":{"rendered":"<ol>\n<li>W ubieg\u0142\u0105 niedziel\u0119 podczas zbi\u00f3rki do puszek na leczenie i rehabilitacje chorych obj\u0119tych opiek\u0105 \u201e Caritas\u201d naszej Diecezji zebrali\u015bmy 320 z\u0142otych. Wszystkim ofiarodawcom sk\u0142adam serdeczne B\u00f3g zap\u0142a\u0107.<\/li>\n<li>W \u015arod\u0119 Popielcow\u0105 26 lutego rozpoczynamy liturgiczny okres Wielkiego Postu, czas duchowej odnowy oraz przygotowania do obchodu Paschy i \u015awi\u0105t Wielkanocnych. Zapraszamy do udzia\u0142u w nabo\u017ce\u0144stwach ku czci M\u0119ki Pa\u0144skiej.<\/li>\n<\/ol>\n<ul>\n<li><strong>Droga Krzy\u017cowa<\/strong> w <strong>pi\u0105tki o godz. 17.30<\/strong><\/li>\n<li><strong>Gorzkie \u017bale<\/strong> w <strong>niedziel\u0119 po Mszy \u015bw. o godz. 11.00<\/strong>.<\/li>\n<\/ul>\n<p>Nabo\u017ce\u0144stwo to b\u0119dziemy odprawia\u0107 we wszystkie niedziele Wielkiego Postu.<\/p>\n<p>Przypominamy <strong>przepisy postne<\/strong>.<\/p>\n<p>&#8211; Wstrzemi\u0119\u017aliwo\u015b\u0107 od pokarm\u00f3w mi\u0119snych obowi\u0105zuje wszystkich, kt\u00f3rzy uko\u0144czyli 14 rok \u017cycia we wszystkie pi\u0105tki roku i \u015arod\u0119 popielcow\u0105.<br \/>\n&#8211; Post \u015bcis\u0142y czyli ilo\u015bciowy obowi\u0105zuje w \u015arod\u0119 popielcow\u0105 i w Wielki Pi\u0105tek wszystkich, pomi\u0119dzy 18 a 60 rokiem \u017cycia.<\/p>\n<p>Przepisy postne nie obowi\u0105zuj\u0105 ludzi chorych. Uzasadniona niemo\u017cliwo\u015b\u0107 ich zachowania np. korzystanie z formy zbiorowego \u017cywienia wymaga od chrze\u015bcijanina podj\u0119cia innych form pokuty.<\/p>\n<ol start=\"3\">\n<li>Przysz\u0142a niedziela to I niedziela miesi\u0105ca. Po Mszy \u015bw. o godz.11.00 pierwsze Gorzkie \u017bale ku czci M\u0119ki Pa\u0144skiej. Po Mszy \u015bw. spotkanie Rady Duszpasterskiej na plebanii.<\/li>\n<li>Rekolekcje wielkopostne w naszej parafii odb\u0119d\u0105 si\u0119 13,14 i 15 marca;<br \/>\n\/ pi\u0105tek, sobot\u0119 i niedziel\u0119 \/ III\u00a0 niedziel\u0105 Wielkiego Postu \/. Msze \u015bw.\u00a0 o godz. 11.00 i 18.00. W sobot\u0119\u00a0 mo\u017cliwo\u015b\u0107 spowiedzi. Rekolekcje poprowadzi dr Maciej Mi\u0119tek z Warszawy. W\u0142\u0105czmy to wydarzenie do naszych plan\u00f3w i do naszej modlitwy.<\/li>\n<li>Wszystkim parafianom i go\u015bciom \u017cyczymy du\u017co zdrowia, b\u0142ogos\u0142awionej niedzieli i dobrego tygodnia.<\/li>\n<li>Zach\u0119camy do czytania prasy katolickiej.<\/li>\n<\/ol>\n<p><strong>Intencje Mszalne <\/strong><strong>\u00a023 luty \u2013 01 marzec 2020r.<\/strong><\/p>\n<p><span style=\"color: #ff0000;\"><strong>Nd. 23. II. 2020\u00a0\u00a0\u00a0 <\/strong><strong>VII Niedziela zwyk\u0142a<br \/>\n<\/strong><\/span>g. 9.00\u00a0 Int. zam.<br \/>\ng. 11.00\u00a0 Int. zam.<br \/>\ng. 12.00\u00a0 + Stanis\u0142awa Popis (7)<br \/>\n<strong>Pn.\u00a0 \u00a0\u00a0\u00a024. II<\/strong>\u00a0\u00a0 \u00a0\u00a0\u00a0\u00a0\u00a0\u00a0g.\u00a0 18.00\u00a0 + Stanis\u0142awa Popis (8)<br \/>\n<strong>Wt.\u00a0\u00a0 \u00a025. II\u00a0\u00a0\u00a0 \u00a0\u00a0\u00a0\u00a0\u00a0<\/strong>g. \u00a0\u00a0\u00a07.00\u00a0 + Stanis\u0142awa Popis (9)<br \/>\n<strong>\u015ar.\u00a0\u00a0\u00a0 \u00a026. II\u00a0\u00a0 <\/strong>\u00a0\u00a0\u00a0\u00a0\u00a0\u00a0\u00a0\u00a0\u00a0\u00a0\u00a0\u00a0<strong>\u015aRODA\u00a0 POPIELCOWA<br \/>\n<\/strong>g. 17.30\u00a0 + Stanis\u0142awa Popis (10)<br \/>\ng. 18.00\u00a0\u00a0 Int. zam.<br \/>\n<strong>Czw. \u00a027. II\u00a0 \u00a0\u00a0\u00a0\u00a0\u00a0\u00a0\u00a0<\/strong>g.\u00a0 \u00a07.00\u00a0 + Stanis\u0142awa Popis (11)<br \/>\n<strong>Pt.\u00a0\u00a0\u00a0 \u00a028. II<br \/>\ng.\u00a0 17.30\u00a0 <\/strong><strong>DROGA KRZY\u017bOWA<br \/>\n<\/strong>g. 18.00\u00a0 + Stanis\u0142awa Popis (12)<br \/>\n<strong>Sob. \u00a029. II<br \/>\n<\/strong>g.\u00a0\u00a0 17.30\u00a0 + Stanis\u0142awa Popis (13)<br \/>\ng. 18.00 + Kazimierza i Franciszk\u0119 Malinowskich; Andrzeja Malinowskiego<br \/>\n<span style=\"color: #ff0000;\"><strong>Nd. 01. III. 2020\u00a0\u00a0 \u00a0<\/strong><\/span><strong><span style=\"color: #ff0000;\">I \u00a0Niedziela Wielkiego Postu<\/span><br \/>\n<\/strong>g. 9.00\u00a0 Int. zam.<br \/>\ng. 11.00 \u00a0+ Halin\u0119 Augustyniak w 15 rocz. \u015bm.; Dziad\u00f3w Augustyniak\u00f3w, Krzysztofa Augustyniak<br \/>\ng. 12.00\u00a0 Gorzkie \u017bale<br \/>\ng. 12.30\u00a0 + Stanis\u0142awa Popis (14)<\/p>\n","protected":false},"excerpt":{"rendered":"<p>W ubieg\u0142\u0105 niedziel\u0119 podczas zbi\u00f3rki do puszek na leczenie i rehabilitacje chorych obj\u0119tych opiek\u0105 \u201e Caritas\u201d naszej Diecezji zebrali\u015bmy 320 z\u0142otych. Wszystkim ofiarodawcom sk\u0142adam serdeczne B\u00f3g zap\u0142a\u0107. W \u015arod\u0119 Popielcow\u0105 26 lutego rozpoczynamy liturgiczny okres Wielkiego Postu, czas duchowej odnowy oraz przygotowania do obchodu Paschy i \u015awi\u0105t Wielkanocnych. Zapraszamy do [&hellip;]<\/p>\n","protected":false},"author":2,"featured_media":0,"comment_status":"closed","ping_status":"closed","sticky":false,"template":"","format":"standard","meta":[],"categories":[2],"tags":[],"_links":{"self":[{"href":"http:\/\/www.parafiakuligow.pl\/index.php\/wp-json\/wp\/v2\/posts\/1418"}],"collection":[{"href":"http:\/\/www.parafiakuligow.pl\/index.php\/wp-json\/wp\/v2\/posts"}],"about":[{"href":"http:\/\/www.parafiakuligow.pl\/index.php\/wp-json\/wp\/v2\/types\/post"}],"author":[{"embeddable":true,"href":"http:\/\/www.parafiakuligow.pl\/index.php\/wp-json\/wp\/v2\/users\/2"}],"replies":[{"embeddable":true,"href":"http:\/\/www.parafiakuligow.pl\/index.php\/wp-json\/wp\/v2\/comments?post=1418"}],"version-history":[{"count":2,"href":"http:\/\/www.parafiakuligow.pl\/index.php\/wp-json\/wp\/v2\/posts\/1418\/revisions"}],"predecessor-version":[{"id":1420,"href":"http:\/\/www.parafiakuligow.pl\/index.php\/wp-json\/wp\/v2\/posts\/1418\/revisions\/1420"}],"wp:attachment":[{"href":"http:\/\/www.parafiakuligow.pl\/index.php\/wp-json\/wp\/v2\/media?parent=1418"}],"wp:term":[{"taxonomy":"category","embeddable":true,"href":"http:\/\/www.parafiakuligow.pl\/index.php\/wp-json\/wp\/v2\/categories?post=1418"},{"taxonomy":"post_tag","embeddable":true,"href":"http:\/\/www.parafiakuligow.pl\/index.php\/wp-json\/wp\/v2\/tags?post=1418"}],"curies":[{"name":"wp","href":"https:\/\/api.w.org\/{rel}","templated":true}]}}