{"id":1415,"date":"2020-02-21T23:02:42","date_gmt":"2020-02-21T22:02:42","guid":{"rendered":"http:\/\/www.parafiakuligow.pl\/?p=1415"},"modified":"2020-02-21T23:04:12","modified_gmt":"2020-02-21T22:04:12","slug":"16-luty-2020-vi-niedziela-zwykla","status":"publish","type":"post","link":"http:\/\/www.parafiakuligow.pl\/index.php\/2020\/02\/21\/16-luty-2020-vi-niedziela-zwykla\/","title":{"rendered":"16 luty 2020 &#8211;  VI  Niedziela Zwyk\u0142a"},"content":{"rendered":"<ol>\n<li>Dzi\u015b po Mszach \u015bw. zbi\u00f3rka do puszek na leczenie i rehabilitacje chorych obj\u0119tych opiek\u0105 \u201e Caritas\u201d naszej Diecezji.<\/li>\n<li>Przypominamy, \u017ce Msza \u015bw. w \u015brody o godz. 18.00 po\u0142\u0105czona jest z nowenn\u0105 do Matki Bo\u017cej Nieustaj\u0105cej Pomocy. Serdecznie zapraszamy.<\/li>\n<li>W sobot\u0119 22 lutego liturgiczne\u00a0 \u015awi\u0119to Katedry \u015bw. Piotra i Paw\u0142a. Msza \u015bw. o godz. 18.00.<\/li>\n<li>Wszystkim parafianom i go\u015bciom \u017cyczymy du\u017co zdrowia, b\u0142ogos\u0142awionej niedzieli i dobrego tygodnia.<\/li>\n<li>Zach\u0119camy do czytania prasy katolickiej.<\/li>\n<\/ol>\n<p><strong>Intencje Mszalne <\/strong><strong>\u00a016 \u2013 23 luty 2020r.<\/strong><\/p>\n<p><span style=\"color: #ff0000;\"><strong>Nd. 16. II. 2020\u00a0\u00a0\u00a0 <\/strong><\/span><strong><span style=\"color: #ff0000;\">VI Niedziela zwyk\u0142a<\/span><br \/>\n<\/strong>g. 9.00\u00a0 Int. zam.<br \/>\ng. 11.00\u00a0 Int. zam.<br \/>\n<strong>Pn.\u00a0 \u00a0\u00a0\u00a017. II<\/strong>\u00a0\u00a0 \u00a0\u00a0\u00a0\u00a0\u00a0\u00a0g.\u00a0 18.00\u00a0 + Stanis\u0142awa Popis (1)<br \/>\n<strong>Wt.\u00a0\u00a0 \u00a018. II\u00a0\u00a0\u00a0 \u00a0\u00a0\u00a0\u00a0\u00a0<\/strong>g. \u00a0\u00a0\u00a07.00\u00a0 + Stanis\u0142awa Popis (2)<br \/>\n<strong>\u015ar.\u00a0\u00a0\u00a0 \u00a019. II\u00a0\u00a0 <\/strong>\u00a0\u00a0\u00a0\u00a0\u00a0\u00a0g. \u00a018.00\u00a0 + Stanis\u0142awa Popis (3)<br \/>\n<strong>Czw. \u00a020. II\u00a0 \u00a0\u00a0\u00a0\u00a0\u00a0\u00a0\u00a0<\/strong>g.\u00a0 \u00a07.00\u00a0 + Stanis\u0142awa Popis (4)<br \/>\n<strong>Pt.\u00a0\u00a0\u00a0 \u00a021. II\u00a0 \u00a0\u00a0\u00a0\u00a0\u00a0\u00a0\u00a0<\/strong>g.\u00a0\u00a0\u00a0 18.00\u00a0 + Stanis\u0142awa Popis (5)<br \/>\n<strong>Sob. \u00a022. II\u00a0\u00a0\u00a0\u00a0 \u00a0\u00a0\u00a0\u00a0<\/strong>g.\u00a0 18.00 \u00a0+ Stanis\u0142awa Popis (6)<br \/>\n<span style=\"color: #ff0000;\"><strong>Nd. 23. II. 2020\u00a0\u00a0 \u00a0<\/strong><\/span><strong><span style=\"color: #ff0000;\">VII Niedziela zwyk\u0142a<\/span><br \/>\n<\/strong>g. 9.00\u00a0 Int. zam.<br \/>\ng. 11.00 \u00a0Int. zam.<br \/>\ng. 12.00\u00a0 + Stanis\u0142awa Popis (7)<\/p>\n","protected":false},"excerpt":{"rendered":"<p>Dzi\u015b po Mszach \u015bw. zbi\u00f3rka do puszek na leczenie i rehabilitacje chorych obj\u0119tych opiek\u0105 \u201e Caritas\u201d naszej Diecezji. Przypominamy, \u017ce Msza \u015bw. w \u015brody o godz. 18.00 po\u0142\u0105czona jest z nowenn\u0105 do Matki Bo\u017cej Nieustaj\u0105cej Pomocy. Serdecznie zapraszamy. W sobot\u0119 22 lutego liturgiczne\u00a0 \u015awi\u0119to Katedry \u015bw. Piotra i Paw\u0142a. Msza [&hellip;]<\/p>\n","protected":false},"author":2,"featured_media":0,"comment_status":"closed","ping_status":"closed","sticky":false,"template":"","format":"standard","meta":[],"categories":[2],"tags":[],"_links":{"self":[{"href":"http:\/\/www.parafiakuligow.pl\/index.php\/wp-json\/wp\/v2\/posts\/1415"}],"collection":[{"href":"http:\/\/www.parafiakuligow.pl\/index.php\/wp-json\/wp\/v2\/posts"}],"about":[{"href":"http:\/\/www.parafiakuligow.pl\/index.php\/wp-json\/wp\/v2\/types\/post"}],"author":[{"embeddable":true,"href":"http:\/\/www.parafiakuligow.pl\/index.php\/wp-json\/wp\/v2\/users\/2"}],"replies":[{"embeddable":true,"href":"http:\/\/www.parafiakuligow.pl\/index.php\/wp-json\/wp\/v2\/comments?post=1415"}],"version-history":[{"count":2,"href":"http:\/\/www.parafiakuligow.pl\/index.php\/wp-json\/wp\/v2\/posts\/1415\/revisions"}],"predecessor-version":[{"id":1417,"href":"http:\/\/www.parafiakuligow.pl\/index.php\/wp-json\/wp\/v2\/posts\/1415\/revisions\/1417"}],"wp:attachment":[{"href":"http:\/\/www.parafiakuligow.pl\/index.php\/wp-json\/wp\/v2\/media?parent=1415"}],"wp:term":[{"taxonomy":"category","embeddable":true,"href":"http:\/\/www.parafiakuligow.pl\/index.php\/wp-json\/wp\/v2\/categories?post=1415"},{"taxonomy":"post_tag","embeddable":true,"href":"http:\/\/www.parafiakuligow.pl\/index.php\/wp-json\/wp\/v2\/tags?post=1415"}],"curies":[{"name":"wp","href":"https:\/\/api.w.org\/{rel}","templated":true}]}}