{"id":1412,"date":"2020-02-08T10:31:57","date_gmt":"2020-02-08T09:31:57","guid":{"rendered":"http:\/\/www.parafiakuligow.pl\/?p=1412"},"modified":"2020-02-08T10:31:57","modified_gmt":"2020-02-08T09:31:57","slug":"09-luty-2020-v-niedziela-zwykla","status":"publish","type":"post","link":"http:\/\/www.parafiakuligow.pl\/index.php\/2020\/02\/08\/09-luty-2020-v-niedziela-zwykla\/","title":{"rendered":"09 luty 2020 &#8211; V  Niedziela Zwyk\u0142a"},"content":{"rendered":"<ol>\n<li>Rozpoczynaj\u0105 si\u0119 ferie szkolne. Wszystkim uczniom i nauczycielom \u017cyczymy dobrego odpoczynku, wyje\u017cd\u017caj\u0105cym bezpiecznej podr\u00f3\u017cy i szcz\u0119\u015bliwych powrot\u00f3w. W tym tygodniu w \u015brod\u0119 Msza \u015bw. o godz. 8.00; w sobot\u0119 o godz. 7.00 W pozosta\u0142e dni tygodnia bez zmian.<\/li>\n<li>We wtorek 11 lutego obchodzimy 28 \u015awiatowy Dzie\u0144 Chorego. W przysz\u0142\u0105 niedziel\u0119 po Mszach \u015bw. zbi\u00f3rka do puszek Caritas na leczenie i rehabilitacje chorych obj\u0119tych opiek\u0105 \u201e Caritas\u201d naszej Diecezji.<\/li>\n<li>W pi\u0105tek 14 lutego \u015bwi\u0119to \u015bw. Cyryla i Metodego, patron\u00f3w Europy.<\/li>\n<li>Osoby zakochane w dzie\u0144 ich patrona \u015bw. Walentego otaczamy modlitw\u0105, aby ich mi\u0142o\u015b\u0107 rozwija\u0142a si\u0119 i pog\u0142\u0119bia\u0142a, a tak\u017ce by od bliskich do\u015bwiadczali \u017cyczliwo\u015bci i wzajemno\u015bci.<\/li>\n<li>Wszystkim parafianom i go\u015bciom \u017cyczymy du\u017co zdrowia, b\u0142ogos\u0142awionej niedzieli i dobrego tygodnia.<\/li>\n<li>Zach\u0119camy do czytania prasy katolickiej.<\/li>\n<\/ol>\n<p><strong>Intencje Mszalne <\/strong><strong>09 \u2013 16 luty 2020r.<\/strong><\/p>\n<p><span style=\"color: #ff0000;\"><strong>Nd. 09. II. 2020\u00a0\u00a0\u00a0 <\/strong><strong>V Niedziela zwyk\u0142a<br \/>\n<\/strong><\/span>g. 9.00\u00a0 Int. zam.<br \/>\ng. 11.00\u00a0 + Juli\u0119 Cichock\u0105<br \/>\n<strong>Pn.\u00a0 \u00a0\u00a0\u00a010. II<\/strong>\u00a0\u00a0 \u00a0\u00a0\u00a0\u00a0\u00a0\u00a0g.\u00a0 18.00\u00a0 + Leokadi\u0119 Czarnowsk\u0105 (7)<br \/>\n<strong>Wt.\u00a0\u00a0 \u00a011. II\u00a0\u00a0\u00a0 \u00a0\u00a0\u00a0\u00a0\u00a0<\/strong>g. \u00a0\u00a0\u00a07.00\u00a0 + Leokadi\u0119 Czarnowsk\u0105 (8)<br \/>\n<strong>\u015ar.\u00a0\u00a0\u00a0 \u00a012. II\u00a0\u00a0 <\/strong>\u00a0\u00a0\u00a0\u00a0\u00a0\u00a0g. \u00a0\u00a0\u00a08.00\u00a0 + Leokadi\u0119 Czarnowsk\u0105 (9)<br \/>\n<strong>Czw. \u00a013. II\u00a0 \u00a0\u00a0\u00a0\u00a0\u00a0\u00a0\u00a0<\/strong>g.\u00a0 \u00a07.00\u00a0 + Leokadi\u0119 Czarnowsk\u0105 (10)<br \/>\n<strong>Pt.\u00a0\u00a0\u00a0 \u00a014. II\u00a0 \u00a0\u00a0\u00a0\u00a0\u00a0\u00a0\u00a0<\/strong>g.\u00a0 18.00\u00a0 + Leokadi\u0119 Czarnowsk\u0105 (11)<br \/>\n<strong>Sob. \u00a015. II\u00a0\u00a0\u00a0\u00a0 \u00a0\u00a0\u00a0\u00a0\u00a0<\/strong>g.\u00a0\u00a0 7.00 \u00a0+ Leokadi\u0119 Czarnowsk\u0105 (12)<br \/>\n<span style=\"color: #ff0000;\"><strong>Nd. 16. II. 2020\u00a0\u00a0 \u00a0<\/strong><\/span><strong><span style=\"color: #ff0000;\">VI Niedziela zwyk\u0142a<\/span><br \/>\n<\/strong>g. 9.00\u00a0 Int. zam.<br \/>\ng. 11.00 \u00a0Int. zam.<\/p>\n","protected":false},"excerpt":{"rendered":"<p>Rozpoczynaj\u0105 si\u0119 ferie szkolne. Wszystkim uczniom i nauczycielom \u017cyczymy dobrego odpoczynku, wyje\u017cd\u017caj\u0105cym bezpiecznej podr\u00f3\u017cy i szcz\u0119\u015bliwych powrot\u00f3w. W tym tygodniu w \u015brod\u0119 Msza \u015bw. o godz. 8.00; w sobot\u0119 o godz. 7.00 W pozosta\u0142e dni tygodnia bez zmian. We wtorek 11 lutego obchodzimy 28 \u015awiatowy Dzie\u0144 Chorego. W przysz\u0142\u0105 niedziel\u0119 [&hellip;]<\/p>\n","protected":false},"author":2,"featured_media":0,"comment_status":"closed","ping_status":"closed","sticky":false,"template":"","format":"standard","meta":[],"categories":[2],"tags":[],"_links":{"self":[{"href":"http:\/\/www.parafiakuligow.pl\/index.php\/wp-json\/wp\/v2\/posts\/1412"}],"collection":[{"href":"http:\/\/www.parafiakuligow.pl\/index.php\/wp-json\/wp\/v2\/posts"}],"about":[{"href":"http:\/\/www.parafiakuligow.pl\/index.php\/wp-json\/wp\/v2\/types\/post"}],"author":[{"embeddable":true,"href":"http:\/\/www.parafiakuligow.pl\/index.php\/wp-json\/wp\/v2\/users\/2"}],"replies":[{"embeddable":true,"href":"http:\/\/www.parafiakuligow.pl\/index.php\/wp-json\/wp\/v2\/comments?post=1412"}],"version-history":[{"count":1,"href":"http:\/\/www.parafiakuligow.pl\/index.php\/wp-json\/wp\/v2\/posts\/1412\/revisions"}],"predecessor-version":[{"id":1413,"href":"http:\/\/www.parafiakuligow.pl\/index.php\/wp-json\/wp\/v2\/posts\/1412\/revisions\/1413"}],"wp:attachment":[{"href":"http:\/\/www.parafiakuligow.pl\/index.php\/wp-json\/wp\/v2\/media?parent=1412"}],"wp:term":[{"taxonomy":"category","embeddable":true,"href":"http:\/\/www.parafiakuligow.pl\/index.php\/wp-json\/wp\/v2\/categories?post=1412"},{"taxonomy":"post_tag","embeddable":true,"href":"http:\/\/www.parafiakuligow.pl\/index.php\/wp-json\/wp\/v2\/tags?post=1412"}],"curies":[{"name":"wp","href":"https:\/\/api.w.org\/{rel}","templated":true}]}}