{"id":1402,"date":"2020-01-28T00:44:57","date_gmt":"2020-01-27T23:44:57","guid":{"rendered":"http:\/\/www.parafiakuligow.pl\/?p=1402"},"modified":"2020-01-28T00:44:57","modified_gmt":"2020-01-27T23:44:57","slug":"19-styczen-2020-ii-niedziela-zwykla","status":"publish","type":"post","link":"http:\/\/www.parafiakuligow.pl\/index.php\/2020\/01\/28\/19-styczen-2020-ii-niedziela-zwykla\/","title":{"rendered":"19 stycze\u0144  2020 &#8211; II Niedziela Zwyk\u0142a"},"content":{"rendered":"<ol>\n<li>Dzi\u015b obchodzimy \u015awiatowy Dzie\u0144 Migranta i Uchod\u017acy. Jego g\u0142\u00f3wne przes\u0142anie: \u201eMigranci i uchod\u017acy ku lepszemu \u015bwiatu&#8221;.<\/li>\n<li>W poniedzia\u0142ek 20 stycznia przypada II\u00a0 rocznica ingresu Pasterza naszej Diecezji Warszawsko &#8211; Praskiej Biskupa Romualda Kami\u0144skiego. Pami\u0119tajmy w naszych modlitwach o Pasterzu naszej Diecezji.<\/li>\n<li>W ubieg\u0142ym tygodniu zako\u0144czyli\u015bmy w naszej parafii wizyt\u0119 duszpastersk\u0105 (kol\u0119d\u0119).Wszystkim osobom i rodzinom, kt\u00f3re przyj\u0119\u0142y ksi\u0119dza serdecznie dzi\u0119kuj\u0119. Dzi\u0119kuj\u0119 za wsp\u00f3ln\u0105 modlitw\u0119, rozmow\u0119, wsp\u00f3lny \u015bpiew kol\u0119d i sk\u0142adane\u00a0 ofiary na potrzeby parafii. B\u00f3g zap\u0142a\u0107! Je\u015bli kto\u015b nie m\u00f3g\u0142 przyj\u0105\u0107 ksi\u0119dza w podanym terminie a chcia\u0142by przyj\u0105\u0107 ksi\u0119dza &#8211; prosz\u0119 o kontakt w tej sprawie.<\/li>\n<li>W tym tygodniu b\u0119d\u0119 pomaga\u0142 w kol\u0119dzie w Radzyminie. Z tej racji Msze \u015bw. b\u0119d\u0105\u00a0 odprawiane w\u00a0 naszym ko\u015bciele o godz. 7.00.<\/li>\n<li>W najbli\u017csz\u0105 sobot\u0119 25 stycznia w \u015bwi\u0119to Nawr\u00f3cenia \u015bw. Paw\u0142a Aposto\u0142a ko\u0144czy si\u0119\u00a0 Tydzie\u0144 modlitw o jedno\u015b\u0107 chrze\u015bcijan pod has\u0142em: \u201e\u017byczliwymi b\u0105d\u017amy\u201d. Msza \u015bw. o godz. 7.00.<\/li>\n<li>Wszystkim Babciom i Dziadkom w ich \u015bwi\u0119ta \u017cyczymy du\u017co zdrowia, szacunku, wdzi\u0119czno\u015bci od dzieci i wnucz\u0105t oraz opieki \u015bw. Anny i \u015bw. Joachima \u2013 patron\u00f3w bab\u0107 i dziadk\u00f3w.<\/li>\n<li>Wszystkim parafianom i go\u015bciom \u017cyczymy b\u0142ogos\u0142awionej niedzieli i dobrego tygodnia.<\/li>\n<li>Zach\u0119camy do czytania prasy katolickiej.<\/li>\n<\/ol>\n<p>&nbsp;<\/p>\n<p><strong>Intencje Mszalne <\/strong><strong>\u00a019 \u2013 26 stycze\u0144 2020r.<\/strong><\/p>\n<p><strong>Nd. 19. I. 2020\u00a0\u00a0\u00a0 <\/strong><strong>II Niedziela zwyk\u0142a<br \/>\n<\/strong>g. 9.00\u00a0 Int. zam.<br \/>\ng. 11.00 + Sylwestra w 11 rocz. \u015bm.; Tomasza, Marcel\u0119 i Antoniego Sok\u00f3lskich<br \/>\n<strong>Pn.\u00a0 \u00a0\u00a020. I<\/strong>\u00a0\u00a0 \u00a0\u00a0\u00a0\u00a0\u00a0\u00a0g.\u00a0\u00a0 7.00\u00a0 + Tadeusza Daab (1)<br \/>\n<strong>Wt.\u00a0\u00a0 21. I\u00a0\u00a0\u00a0 \u00a0\u00a0\u00a0\u00a0\u00a0<\/strong>g. \u00a0\u00a07.00\u00a0 + Tadeusza Daab (2)<br \/>\n<strong>\u015ar.\u00a0\u00a0\u00a0 22. I\u00a0\u00a0 <\/strong>\u00a0\u00a0\u00a0\u00a0\u00a0\u00a0g.\u00a0 18.00\u00a0 + Tadeusza Daab (3)<br \/>\n<strong>Czw. 23. I\u00a0 \u00a0\u00a0\u00a0\u00a0\u00a0\u00a0\u00a0<\/strong>g.\u00a0\u00a0\u00a0 7.00\u00a0 + Tadeusza Daab (4)<br \/>\n<strong>Pt.\u00a0\u00a0\u00a0 24. I\u00a0 \u00a0\u00a0\u00a0\u00a0\u00a0\u00a0\u00a0\u00a0<\/strong>g. \u00a0\u00a0\u00a07.00\u00a0 + Tadeusza Daab (5)<br \/>\n<strong>Sob. 25. I\u00a0\u00a0\u00a0\u00a0 \u00a0\u00a0\u00a0\u00a0\u00a0<\/strong>g. \u00a0\u00a0\u00a07.00 \u00a0Int. zam.<br \/>\n<strong>Nd. 26. I. 2020\u00a0\u00a0 \u00a0<\/strong><strong>III Niedziela zwyk\u0142a<br \/>\n<\/strong>g. 9.00\u00a0 Int. zam.<br \/>\ng. 11.00 Int. zam.<\/p>\n","protected":false},"excerpt":{"rendered":"<p>Dzi\u015b obchodzimy \u015awiatowy Dzie\u0144 Migranta i Uchod\u017acy. Jego g\u0142\u00f3wne przes\u0142anie: \u201eMigranci i uchod\u017acy ku lepszemu \u015bwiatu&#8221;. W poniedzia\u0142ek 20 stycznia przypada II\u00a0 rocznica ingresu Pasterza naszej Diecezji Warszawsko &#8211; Praskiej Biskupa Romualda Kami\u0144skiego. Pami\u0119tajmy w naszych modlitwach o Pasterzu naszej Diecezji. W ubieg\u0142ym tygodniu zako\u0144czyli\u015bmy w naszej parafii wizyt\u0119 duszpastersk\u0105 [&hellip;]<\/p>\n","protected":false},"author":2,"featured_media":0,"comment_status":"closed","ping_status":"closed","sticky":false,"template":"","format":"standard","meta":[],"categories":[2],"tags":[],"_links":{"self":[{"href":"http:\/\/www.parafiakuligow.pl\/index.php\/wp-json\/wp\/v2\/posts\/1402"}],"collection":[{"href":"http:\/\/www.parafiakuligow.pl\/index.php\/wp-json\/wp\/v2\/posts"}],"about":[{"href":"http:\/\/www.parafiakuligow.pl\/index.php\/wp-json\/wp\/v2\/types\/post"}],"author":[{"embeddable":true,"href":"http:\/\/www.parafiakuligow.pl\/index.php\/wp-json\/wp\/v2\/users\/2"}],"replies":[{"embeddable":true,"href":"http:\/\/www.parafiakuligow.pl\/index.php\/wp-json\/wp\/v2\/comments?post=1402"}],"version-history":[{"count":1,"href":"http:\/\/www.parafiakuligow.pl\/index.php\/wp-json\/wp\/v2\/posts\/1402\/revisions"}],"predecessor-version":[{"id":1403,"href":"http:\/\/www.parafiakuligow.pl\/index.php\/wp-json\/wp\/v2\/posts\/1402\/revisions\/1403"}],"wp:attachment":[{"href":"http:\/\/www.parafiakuligow.pl\/index.php\/wp-json\/wp\/v2\/media?parent=1402"}],"wp:term":[{"taxonomy":"category","embeddable":true,"href":"http:\/\/www.parafiakuligow.pl\/index.php\/wp-json\/wp\/v2\/categories?post=1402"},{"taxonomy":"post_tag","embeddable":true,"href":"http:\/\/www.parafiakuligow.pl\/index.php\/wp-json\/wp\/v2\/tags?post=1402"}],"curies":[{"name":"wp","href":"https:\/\/api.w.org\/{rel}","templated":true}]}}