{"id":1399,"date":"2020-01-15T22:04:25","date_gmt":"2020-01-15T21:04:25","guid":{"rendered":"http:\/\/www.parafiakuligow.pl\/?p=1399"},"modified":"2020-01-15T22:04:25","modified_gmt":"2020-01-15T21:04:25","slug":"12-styczen-2020-swieto-chrztu-panskiego","status":"publish","type":"post","link":"http:\/\/www.parafiakuligow.pl\/index.php\/2020\/01\/15\/12-styczen-2020-swieto-chrztu-panskiego\/","title":{"rendered":"12 stycze\u0144 2020 &#8211; \u015aWI\u0118TO CHRZTU PA\u0143SKIEGO"},"content":{"rendered":"<ol>\n<li>Dzisiejsza niedziela Chrztu Pa\u0144skiego ko\u0144czy liturgiczny okres Bo\u017cego Narodzenia. Jutro rozpoczyna si\u0119 okres zwyk\u0142y.<\/li>\n<li>W tym tygodniu na pro\u015bb\u0119 ks. Dziekana z Radzymina b\u0119d\u0119 pomaga\u0142 w kol\u0119dzie. Z tej racji Msze \u015bw. z wyj\u0105tkiem \u015brody (godz. 18.00), b\u0119d\u0105\u00a0 odprawiane w naszym ko\u015bciele o godz. 7.00.<\/li>\n<li>Wszystkim rodzinom, kt\u00f3re przyj\u0119\u0142y ju\u017c ksi\u0119dza po kol\u0119dzie, za go\u015bcin\u0119, wsp\u00f3ln\u0105 modlitw\u0119, ofiary z\u0142o\u017cone przy tej okazji sk\u0142adam serdeczne B\u00f3g zap\u0142a\u0107.<\/li>\n<li>Dzi\u0119kuj\u0119 za \u015brodki przekazane na sprz\u0105tanie i kwiaty do ko\u015bcio\u0142a za ubieg\u0142y rok i obecny. W nowym roku w sprawie sprz\u0105tania zostajemy\u00a0 przy dotychczasowym rozwi\u0105zaniu.<\/li>\n<li>Gdyby kto\u015b <strong>z wa\u017cnej przyczyny<\/strong> nie m\u00f3g\u0142 przyj\u0105\u0107 ksi\u0119dza w wyznaczonym terminie, prosz\u0119 o kontakt w celu uzgodnienia innej daty wizyty duszpasterskiej. O taki kontakt prosz\u0119 r\u00f3wnie\u017c te rodziny, kt\u00f3re nie zosta\u0142y obj\u0119te wizyt\u0105, a chcia\u0142yby w ten spos\u00f3b zyska\u0107 Bo\u017ce b\u0142ogos\u0142awie\u0144stwo dla swojego domu.<\/li>\n<li>W sobot\u0119 18 stycznia rozpoczyna si\u0119 Tydzie\u0144 Modlitw o Jedno\u015b\u0107 Chrze\u015bcijan. W tym roku pod has\u0142em: \u201e\u017byczliwymi b\u0105d\u017amy\u201d. Pami\u0119tajmy, by w\u0142\u0105czy\u0107 t\u0119 intencj\u0119 do naszych modlitw.<\/li>\n<li>Wszystkim parafianom i go\u015bciom \u017cyczymy b\u0142ogos\u0142awionej niedzieli i dobrego tygodnia.<\/li>\n<li>Zach\u0119camy do czytania prasy katolickiej.<\/li>\n<\/ol>\n<p><strong>Wizyta Duszpasterska ( Kol\u0119da)\u00a0 13 stycze\u0144. 2020r<\/strong><\/p>\n<p><strong>Poniedzia\u0142ek 13. stycze\u0144 od godz. 16.00,\u00a0 <\/strong>ul. Nadbu\u017ca\u0144ska, Okr\u0119\u017cna.<\/p>\n<p><strong>Plan kol\u0119dy znajdziemy te\u017c w gablocie i na stronie internetowej<\/strong><\/p>\n<p><strong>Intencje Mszalne <\/strong><strong>\u00a012 \u2013 19 stycze\u0144 2020r.<\/strong><\/p>\n<p><span style=\"color: #ff0000;\"><strong>Nd. 12. I. 2020\u00a0\u00a0\u00a0 <\/strong><\/span><strong><span style=\"color: #ff0000;\">\u015awi\u0119to Chrztu Pa\u0144skiego<\/span><br \/>\n<\/strong>g. 9.00\u00a0 + Aleksandra G\u0142owackiego<br \/>\ng. 11.00 + Aniel\u0119 i Wac\u0142awa Ga\u0142eckich<br \/>\n<strong>Pn.\u00a0 \u00a0\u00a013. I<\/strong>\u00a0\u00a0 \u00a0\u00a0\u00a0\u00a0\u00a0\u00a0g.\u00a0\u00a0 7.00\u00a0 Int. wolna<br \/>\n<strong>Wt.\u00a0\u00a0 14. I\u00a0\u00a0\u00a0 \u00a0\u00a0\u00a0\u00a0\u00a0<\/strong>g. \u00a0\u00a07.00\u00a0 Int. wolna<br \/>\n<strong>\u015ar.\u00a0\u00a0\u00a0 15. I\u00a0\u00a0 <\/strong>\u00a0\u00a0\u00a0\u00a0\u00a0\u00a0g.\u00a0 18.00\u00a0 Int. wolna<br \/>\n<strong>Czw. 16. I\u00a0 \u00a0\u00a0\u00a0\u00a0\u00a0\u00a0\u00a0<\/strong>g.\u00a0\u00a0\u00a0 7.00\u00a0 Int. wolna<br \/>\n<strong>Pt.\u00a0\u00a0\u00a0 17. I\u00a0 \u00a0\u00a0\u00a0\u00a0\u00a0\u00a0\u00a0\u00a0<\/strong>g. \u00a0\u00a0\u00a07.00\u00a0 Int. wolna<br \/>\n<strong>Sob. 18. I\u00a0\u00a0\u00a0\u00a0 \u00a0\u00a0\u00a0\u00a0\u00a0<\/strong>g. \u00a0\u00a0\u00a07.00 \u00a0Int. wolna<br \/>\n<span style=\"color: #ff0000;\"><strong>Nd. 19. I. 2020\u00a0\u00a0 \u00a0<\/strong><\/span><strong><span style=\"color: #ff0000;\">II Niedziela zwyk\u0142a<\/span><br \/>\n<\/strong>g. 9.00\u00a0 + Sylwestra w 11 rocz. \u015bm.; Tomasza, Marcel\u0119 i Antoniego Sok\u00f3lskich<br \/>\ng. 11.00 Int. zam.<\/p>\n","protected":false},"excerpt":{"rendered":"<p>Dzisiejsza niedziela Chrztu Pa\u0144skiego ko\u0144czy liturgiczny okres Bo\u017cego Narodzenia. Jutro rozpoczyna si\u0119 okres zwyk\u0142y. W tym tygodniu na pro\u015bb\u0119 ks. Dziekana z Radzymina b\u0119d\u0119 pomaga\u0142 w kol\u0119dzie. Z tej racji Msze \u015bw. z wyj\u0105tkiem \u015brody (godz. 18.00), b\u0119d\u0105\u00a0 odprawiane w naszym ko\u015bciele o godz. 7.00. Wszystkim rodzinom, kt\u00f3re przyj\u0119\u0142y ju\u017c [&hellip;]<\/p>\n","protected":false},"author":2,"featured_media":0,"comment_status":"closed","ping_status":"closed","sticky":false,"template":"","format":"standard","meta":[],"categories":[2],"tags":[],"_links":{"self":[{"href":"http:\/\/www.parafiakuligow.pl\/index.php\/wp-json\/wp\/v2\/posts\/1399"}],"collection":[{"href":"http:\/\/www.parafiakuligow.pl\/index.php\/wp-json\/wp\/v2\/posts"}],"about":[{"href":"http:\/\/www.parafiakuligow.pl\/index.php\/wp-json\/wp\/v2\/types\/post"}],"author":[{"embeddable":true,"href":"http:\/\/www.parafiakuligow.pl\/index.php\/wp-json\/wp\/v2\/users\/2"}],"replies":[{"embeddable":true,"href":"http:\/\/www.parafiakuligow.pl\/index.php\/wp-json\/wp\/v2\/comments?post=1399"}],"version-history":[{"count":1,"href":"http:\/\/www.parafiakuligow.pl\/index.php\/wp-json\/wp\/v2\/posts\/1399\/revisions"}],"predecessor-version":[{"id":1400,"href":"http:\/\/www.parafiakuligow.pl\/index.php\/wp-json\/wp\/v2\/posts\/1399\/revisions\/1400"}],"wp:attachment":[{"href":"http:\/\/www.parafiakuligow.pl\/index.php\/wp-json\/wp\/v2\/media?parent=1399"}],"wp:term":[{"taxonomy":"category","embeddable":true,"href":"http:\/\/www.parafiakuligow.pl\/index.php\/wp-json\/wp\/v2\/categories?post=1399"},{"taxonomy":"post_tag","embeddable":true,"href":"http:\/\/www.parafiakuligow.pl\/index.php\/wp-json\/wp\/v2\/tags?post=1399"}],"curies":[{"name":"wp","href":"https:\/\/api.w.org\/{rel}","templated":true}]}}