{"id":1390,"date":"2019-12-22T09:49:31","date_gmt":"2019-12-22T08:49:31","guid":{"rendered":"http:\/\/www.parafiakuligow.pl\/?p=1390"},"modified":"2019-12-22T09:49:31","modified_gmt":"2019-12-22T08:49:31","slug":"22-grudzien-2019-iv-niedziela-adwentu","status":"publish","type":"post","link":"http:\/\/www.parafiakuligow.pl\/index.php\/2019\/12\/22\/22-grudzien-2019-iv-niedziela-adwentu\/","title":{"rendered":"22 grudzie\u0144  2019 &#8211; IV  NIEDZIELA  ADWENTU"},"content":{"rendered":"<ol>\n<li>W najbli\u017cszy wtorek 24 grudnia wigilia. Pasterka tradycyjnie o p\u00f3\u0142nocy. Taca z pasterki przeznaczona jest na Fundusz Obrony \u017bycia, a w drugi dzie\u0144 \u015awi\u0105t na budow\u0119 nowych Ko\u015bcio\u0142\u00f3w w diecezji. W pierwszy i drugi dzie\u0144 \u015bwi\u0105t Bo\u017cego Narodzenia Msze \u015bw. wed\u0142ug porz\u0105dku niedzielnego o godz. 9.00 \u00a0i \u00a011.00.<\/li>\n<li>Mo\u017cna jeszcze zaopatrzy\u0107 si\u0119 w op\u0142atki na st\u00f3\u0142 wigilijny oraz naby\u0107 \u015bwiece Caritas z kt\u00f3rych doch\u00f3d przeznaczony jest na Wigilijne Dzie\u0142o pomocy Dzieciom<\/li>\n<li>Wizyta duszpasterska <strong>\/kol\u0119da\/<\/strong> w naszej parafii to \u0142aska wsp\u00f3lnej modlitwy i przyj\u0119cia Bo\u017cego b\u0142ogos\u0142awie\u0144stwa. Rozpoczniemy j\u0105 po Nowym Roku. Pami\u0119tamy o przygotowaniu Krzy\u017ca, zapalonej \u015bwiecy i wodzie \u015bwi\u0119conej.<br \/>\n<strong>Wizyta Duszpasterska ( Kol\u0119da)\u00a0 02.01. \u2013\u00a0 07.01. 2020r.<br \/>\n<\/strong><strong>Czwartek\u00a0 02 stycze\u0144 od godz. 10.00, <\/strong>ul. Wojska Polskiego \u2013 cz\u0119\u015b\u0107 I od\u00a0 Za\u0142ubic w kierunku ko\u015bcio\u0142a do <strong>nr 58 w\u0142\u0105cznie<\/strong>.<br \/>\n<strong>Pi\u0105tek\u00a0 03 stycze\u0144 od godz. 10.00, <\/strong>ul. Wojska Polskiego \u2013 cz\u0119\u015b\u0107 II od<strong> nr 56\u00a0 do nr 27.<br \/>\n<\/strong><strong>Sobota\u00a0 04 stycze\u0144 od godz. 10.00<\/strong><strong>, <\/strong>ul. Wojska Polskiego \u2013 cz\u0119\u015b\u0107 III od<strong> nr 28\u00a0 do ul. Radzymi\u0144skiej.<br \/>\n<\/strong><strong>Wtorek 07 stycze\u0144 od godz. 10.00, <\/strong>ul. Radzymi\u0144ska, Piwna, Choinki, Loreta\u0144ska, Le\u015bna, Grobla.<br \/>\n<strong>Gdyby\u00a0 kto\u015b\u00a0 z wa\u017cnej przyczyny nie m\u00f3g\u0142 przyj\u0105\u0107 ksi\u0119dza <\/strong><strong>w wyznaczonym terminie, prosz\u0119 o kontakt w celu uzgodnienia <\/strong><strong>innej daty wizyty duszpasterskiej.<\/strong><\/li>\n<\/ol>\n<p><strong>Plan kol\u0119dy znajdziemy te\u017c w gablocie i na stronie internetowej<\/strong><\/p>\n<ol start=\"4\">\n<li>Wszystkim parafianom i go\u015bciom \u017cycz\u0119 b\u0142ogos\u0142awionej Niedzieli i\u00a0 dobrego tygodnia.<\/li>\n<\/ol>\n<p>&nbsp;<\/p>\n<p><strong>Intencje Mszalne <\/strong><strong>22 \u2013 29 Grudzie\u0144 \u00a02019<\/strong><\/p>\n<p><span style=\"color: #ff0000;\"><strong>Nd. 22. XII. 2019\u00a0\u00a0\u00a0 IV Niedziela Adwentu<\/strong>\u00a0\u00a0\u00a0<\/span><br \/>\ng. 9.00\u00a0 + Roman\u0119 Za\u0142\u0119sk\u0105<br \/>\ng. 11.00 + Eugeniusza Zemlak w rocz. \u015bm.; Krysi\u0119 i Beatk\u0119 Zemlak<br \/>\n<strong>Pn.\u00a0\u00a0\u00a0 23. XII<\/strong>\u00a0\u00a0 \u00a0\u00a0g.\u00a0\u00a0 18.00 \u00a0Int. wolna<br \/>\n<strong>Wt.\u00a0\u00a0 24. XII\u00a0\u00a0\u00a0 \u00a0<\/strong>g.\u00a0\u00a0 7.00 \u00a0Int. wolna<strong><br \/>\n<\/strong><span style=\"color: #ff0000;\"><strong><u>g. 24.00\u00a0 Pasterka w int. Parafian<br \/>\n<\/u><\/strong><strong>\u015ar.\u00a0\u00a0\u00a0 25. XII\u00a0\u00a0 <\/strong>\u00a0\u00a0<\/span><br \/>\ng.\u00a0\u00a0\u00a0 9.00\u00a0 + Adama Getka<br \/>\ng. 11.00\u00a0 + Ann\u0119, Zygmunta i Jadwig\u0119 Liszewskich<br \/>\n<strong><span style=\"color: #ff0000;\">Czw. 26. XII<\/span><br \/>\n<\/strong>g.\u00a0\u00a0\u00a0 9.00\u00a0 + Romana w 16 rocz. \u015bm. i Jadwig\u0119 Kostrzew\u00f3w<br \/>\ng. 11.00\u00a0 + Mieczys\u0142awa Za\u0142\u0119skiego<br \/>\n<strong>Pt.\u00a0\u00a0\u00a0 27. XII\u00a0 \u00a0\u00a0\u00a0<\/strong>g.\u00a0\u00a0\u00a0 7.00\u00a0 + Ryszarda S\u0142o\u0144skiego \/1\/<br \/>\n<strong>Sob. 28. XII\u00a0\u00a0\u00a0\u00a0 <\/strong>g. 18.00 \u00a0\u00a0+ Ryszarda S\u0142o\u0144skiego \/2\/<br \/>\n<span style=\"color: #ff0000;\"><strong>Nd. 29. XII. 2019\u00a0\u00a0 \u00a0<\/strong><strong>\u015awi\u0119to \u015bwi\u0119tej Rodziny<br \/>\n<\/strong><\/span>g. 9.00\u00a0 + Eugeniusza Zemlak w 20r. \u015bm.; Beatk\u0119 i Krystyn\u0119 Zemlak<br \/>\ng. 11.00 + Klotyld\u0119 Mianowsk\u0105 w 1 rocz. \u015bm.<\/p>\n","protected":false},"excerpt":{"rendered":"<p>W najbli\u017cszy wtorek 24 grudnia wigilia. Pasterka tradycyjnie o p\u00f3\u0142nocy. Taca z pasterki przeznaczona jest na Fundusz Obrony \u017bycia, a w drugi dzie\u0144 \u015awi\u0105t na budow\u0119 nowych Ko\u015bcio\u0142\u00f3w w diecezji. W pierwszy i drugi dzie\u0144 \u015bwi\u0105t Bo\u017cego Narodzenia Msze \u015bw. wed\u0142ug porz\u0105dku niedzielnego o godz. 9.00 \u00a0i \u00a011.00. Mo\u017cna jeszcze [&hellip;]<\/p>\n","protected":false},"author":2,"featured_media":0,"comment_status":"closed","ping_status":"closed","sticky":false,"template":"","format":"standard","meta":[],"categories":[2],"tags":[],"_links":{"self":[{"href":"http:\/\/www.parafiakuligow.pl\/index.php\/wp-json\/wp\/v2\/posts\/1390"}],"collection":[{"href":"http:\/\/www.parafiakuligow.pl\/index.php\/wp-json\/wp\/v2\/posts"}],"about":[{"href":"http:\/\/www.parafiakuligow.pl\/index.php\/wp-json\/wp\/v2\/types\/post"}],"author":[{"embeddable":true,"href":"http:\/\/www.parafiakuligow.pl\/index.php\/wp-json\/wp\/v2\/users\/2"}],"replies":[{"embeddable":true,"href":"http:\/\/www.parafiakuligow.pl\/index.php\/wp-json\/wp\/v2\/comments?post=1390"}],"version-history":[{"count":1,"href":"http:\/\/www.parafiakuligow.pl\/index.php\/wp-json\/wp\/v2\/posts\/1390\/revisions"}],"predecessor-version":[{"id":1391,"href":"http:\/\/www.parafiakuligow.pl\/index.php\/wp-json\/wp\/v2\/posts\/1390\/revisions\/1391"}],"wp:attachment":[{"href":"http:\/\/www.parafiakuligow.pl\/index.php\/wp-json\/wp\/v2\/media?parent=1390"}],"wp:term":[{"taxonomy":"category","embeddable":true,"href":"http:\/\/www.parafiakuligow.pl\/index.php\/wp-json\/wp\/v2\/categories?post=1390"},{"taxonomy":"post_tag","embeddable":true,"href":"http:\/\/www.parafiakuligow.pl\/index.php\/wp-json\/wp\/v2\/tags?post=1390"}],"curies":[{"name":"wp","href":"https:\/\/api.w.org\/{rel}","templated":true}]}}