{"id":1385,"date":"2019-12-15T21:10:48","date_gmt":"2019-12-15T20:10:48","guid":{"rendered":"http:\/\/www.parafiakuligow.pl\/?p=1385"},"modified":"2019-12-15T21:11:55","modified_gmt":"2019-12-15T20:11:55","slug":"15-grudzien-2019-iii-niedziela-adwentu","status":"publish","type":"post","link":"http:\/\/www.parafiakuligow.pl\/index.php\/2019\/12\/15\/15-grudzien-2019-iii-niedziela-adwentu\/","title":{"rendered":"15 grudzie\u0144 2019 &#8211; III  NIEDZIELA  ADWENTU"},"content":{"rendered":"<ol>\n<li>Serdecznie dzi\u0119kuj\u0119 za udzia\u0142 w dniu skupienia i adwentow\u0105 spowied\u017a tym, kt\u00f3rzy chcieli przyj\u0105\u0107 dan\u0105 od Boga \u0142ask\u0119. Pozosta\u0142ych zach\u0119cam i zapraszam do przyj\u0119cia sakramentu pokuty przed \u015bwi\u0119tami, aby B\u00f3g narodzi\u0142 si\u0119 we wszystkich naszych duszach. Mo\u017cliwo\u015b\u0107 spowied\u017a w tym tygodniu przed ka\u017cd\u0105 Msz\u0105 \u015bwi\u0119t\u0105.<\/li>\n<li>Osoby kt\u00f3re nie mog\u0105 przyby\u0107 do Ko\u015bcio\u0142a a chcia\u0142yby przed \u015bwi\u0119tami wyspowiada\u0107 si\u0119 i przyj\u0105\u0107 Komuni\u0119 \u015bwi\u0119t\u0105 prosz\u0119 o zg\u0142aszanie do zakrystii.<\/li>\n<li>Na pomoc materialn\u0105 dla Ko\u015bcio\u0142a na Wschodzie zebrali\u015bmy w minion\u0105 niedziel\u0119 250 z\u0142otych. Wszystkim ofiarodawcom serdeczne B\u00f3g zap\u0142a\u0107. Ze wzgl\u0119du na spowied\u017a rekolekcyjn\u0105 w Radzyminie, w tym tygodniu w \u015brod\u0119 zamiast Mszy wieczornej b\u0119dzie Msza \u015bw. rano o godzinie 7.00.<\/li>\n<li>Roraty odprawiane s\u0105 codziennie z wyj\u0105tkiem niedziel &#8211; od poniedzia\u0142ku do soboty.<\/li>\n<li>Mo\u017cna jeszcze w tym tygodniu zaopatrzy\u0107 si\u0119 w op\u0142atki na st\u00f3\u0142 wigilijny oraz naby\u0107 \u015bwiece Caritas z kt\u00f3rych doch\u00f3d przeznaczony jest na Wigilijne Dzie\u0142o pomocy Dzieciom.<\/li>\n<li>Zwyczajem lat minionych, gdyby kto\u015b pragn\u0105\u0142 i m\u00f3g\u0142 ofiarowa\u0107 choinki na Bo\u017conarodzeniowy wystr\u00f3j ko\u015bcio\u0142a, to prosz\u0119 o informacj\u0119.<\/li>\n<li>Tych kt\u00f3rzy w tym roku jeszcze nie zd\u0105\u017cyli lub zapomnieli przekaza\u0107 zdeklarowanej sk\u0142adki na sprz\u0105tanie ko\u015bcio\u0142a, prosimy o dope\u0142nienie tego zobowi\u0105zania.<\/li>\n<li>Wszystkim parafianom i go\u015bciom \u017cycz\u0119 b\u0142ogos\u0142awionej Niedzieli i\u00a0 dobrego tygodnia.<\/li>\n<li>Zach\u0119camy do czytania prasy katolickiej.<\/li>\n<\/ol>\n<p><strong>\u00a0<\/strong><strong>Intencje Mszalne <\/strong><strong>15 \u2013 22 Grudzie\u0144 \u00a02019<\/strong><\/p>\n<p><span style=\"color: #ff0000;\"><strong>Nd. 15. XII. 2019\u00a0\u00a0\u00a0 III Niedziela Adwentu<\/strong><\/span><br \/>\ng. 9.00\u00a0 + Aleksandra i Zofi\u0119 Kowalskich; zm. z rodziny Kowalskich<br \/>\ng. 11.00 + Kazimierza Bieleckiego w 11 rocz. \u015bm.<br \/>\n<strong>Pn.\u00a0\u00a0\u00a0 16. XII<\/strong>\u00a0\u00a0\u00a0 g. 18.00 \u00a0Int. wolna<br \/>\n<strong>Wt.\u00a0\u00a0 17. XII\u00a0\u00a0\u00a0 \u00a0<\/strong>g.\u00a0 7.00 \u00a0Int. wolna<br \/>\n<strong>\u015ar.\u00a0\u00a0\u00a0 18. XII\u00a0\u00a0 <\/strong>\u00a0\u00a0g.\u00a0 7.00 \u00a0Int. wolna<br \/>\n<strong>Czw. 19. XII\u00a0 \u00a0\u00a0<\/strong>g.\u00a0\u00a0 7.00\u00a0 Int. wolna<br \/>\n<strong>Pt.\u00a0\u00a0\u00a0 20. XII\u00a0 \u00a0\u00a0\u00a0<\/strong>g. 18.00\u00a0 Int. wolna<br \/>\n<strong>Sob. 21. XII\u00a0\u00a0\u00a0\u00a0 <\/strong>g. 18.00\u00a0 + Feliks\u0119 i Leonarda Sosi\u0144skich<br \/>\n<span style=\"color: #ff0000;\"><strong>Nd. 22. XII. 2019\u00a0\u00a0 \u00a0IV Niedziela Adwentu<\/strong><\/span><br \/>\ng. 9.00\u00a0 + Roman\u0119 Za\u0142\u0119sk\u0105<br \/>\ng. 11.00 + Eugeniusza Zemlak w rocz. \u015bm.; Krysi\u0119 i Beatk\u0119 Zemlak<\/p>\n","protected":false},"excerpt":{"rendered":"<p>Serdecznie dzi\u0119kuj\u0119 za udzia\u0142 w dniu skupienia i adwentow\u0105 spowied\u017a tym, kt\u00f3rzy chcieli przyj\u0105\u0107 dan\u0105 od Boga \u0142ask\u0119. Pozosta\u0142ych zach\u0119cam i zapraszam do przyj\u0119cia sakramentu pokuty przed \u015bwi\u0119tami, aby B\u00f3g narodzi\u0142 si\u0119 we wszystkich naszych duszach. Mo\u017cliwo\u015b\u0107 spowied\u017a w tym tygodniu przed ka\u017cd\u0105 Msz\u0105 \u015bwi\u0119t\u0105. Osoby kt\u00f3re nie mog\u0105 przyby\u0107 [&hellip;]<\/p>\n","protected":false},"author":2,"featured_media":0,"comment_status":"closed","ping_status":"closed","sticky":false,"template":"","format":"standard","meta":[],"categories":[2],"tags":[],"_links":{"self":[{"href":"http:\/\/www.parafiakuligow.pl\/index.php\/wp-json\/wp\/v2\/posts\/1385"}],"collection":[{"href":"http:\/\/www.parafiakuligow.pl\/index.php\/wp-json\/wp\/v2\/posts"}],"about":[{"href":"http:\/\/www.parafiakuligow.pl\/index.php\/wp-json\/wp\/v2\/types\/post"}],"author":[{"embeddable":true,"href":"http:\/\/www.parafiakuligow.pl\/index.php\/wp-json\/wp\/v2\/users\/2"}],"replies":[{"embeddable":true,"href":"http:\/\/www.parafiakuligow.pl\/index.php\/wp-json\/wp\/v2\/comments?post=1385"}],"version-history":[{"count":3,"href":"http:\/\/www.parafiakuligow.pl\/index.php\/wp-json\/wp\/v2\/posts\/1385\/revisions"}],"predecessor-version":[{"id":1388,"href":"http:\/\/www.parafiakuligow.pl\/index.php\/wp-json\/wp\/v2\/posts\/1385\/revisions\/1388"}],"wp:attachment":[{"href":"http:\/\/www.parafiakuligow.pl\/index.php\/wp-json\/wp\/v2\/media?parent=1385"}],"wp:term":[{"taxonomy":"category","embeddable":true,"href":"http:\/\/www.parafiakuligow.pl\/index.php\/wp-json\/wp\/v2\/categories?post=1385"},{"taxonomy":"post_tag","embeddable":true,"href":"http:\/\/www.parafiakuligow.pl\/index.php\/wp-json\/wp\/v2\/tags?post=1385"}],"curies":[{"name":"wp","href":"https:\/\/api.w.org\/{rel}","templated":true}]}}