{"id":1380,"date":"2019-12-03T10:30:25","date_gmt":"2019-12-03T09:30:25","guid":{"rendered":"http:\/\/www.parafiakuligow.pl\/?p=1380"},"modified":"2019-12-03T10:30:25","modified_gmt":"2019-12-03T09:30:25","slug":"01-grudzien-2019-i-niedziela-adwentu","status":"publish","type":"post","link":"http:\/\/www.parafiakuligow.pl\/index.php\/2019\/12\/03\/01-grudzien-2019-i-niedziela-adwentu\/","title":{"rendered":"01 grudzie\u0144  2019 &#8211; I  NIEDZIELA  ADWENTU"},"content":{"rendered":"<ol>\n<li>Dzisiejsza niedziela rozpoczyna liturgiczny okres Adwentu i nowy rok duszpasterski pod has\u0142em: \u201e Eucharystia daje \u017cycie \u201d. Dla nas to czas radosnego i pobo\u017cnego oczekiwania na przyj\u015bcie Jezusa Chrystusa.<\/li>\n<li>Dzisiaj z racji I niedzieli miesi\u0105ca po Mszy \u015bwi\u0119tej o godz. 11.00 wystawienie Naj\u015bwi\u0119tszego Sakramentu i adoracja eucharystyczna.<\/li>\n<li>Roraty, adwentowa Msza ku czci Naj\u015bwi\u0119tszej Maryi Panny b\u0119d\u0105 odprawiane w dni powszednie z wyj\u0105tkiem niedziel; wtorki, czwartki i soboty o godz. 7.00; w poniedzia\u0142ki, \u015brody, pi\u0105tki o godz.18.00. Zapraszamy do modlitwy ze \u015bwiecami. Tematem tegorocznych rorat jest \u017cycie i dzia\u0142alno\u015b\u0107 S\u0142. Bo\u017cego Kard. Stefana Wyszy\u0144skiego.<\/li>\n<li>Dzie\u0144 skupienia i spowiedzi adwentowej w naszej parafii odb\u0119dzie si\u0119 14 grudnia. S\u0142owo Bo\u017ce wyg\u0142osi ks. Micha\u0142 Dziedzic z Warszawy, Dyrektor Wydzia\u0142u Duszpasterstwa M\u0142odzie\u017cy diecezji Warszawsko \u2013 Praskiej.<\/li>\n<li>Od dzisiaj mo\u017cemy zaopatrzy\u0107 si\u0119 w op\u0142atki na st\u00f3\u0142 wigilijny pob\u0142ogos\u0142awione dla naszej wsp\u00f3lnoty \/ sk\u0142adamy za nie dobrowoln\u0105 ofiar\u0119 \/ oraz naby\u0107 \u015bwiece Caritas z kt\u00f3rych doch\u00f3d przeznaczony jest na Wigilijne Dzie\u0142o pomocy Dzieciom.<\/li>\n<li>W pi\u0105tek 6 grudnia przypada\u00a0 I pi\u0105tek miesi\u0105ca. Zach\u0119cam do spowiedzi \u015bwi\u0119tej. Spowied\u017a od godz. 17.30.<\/li>\n<li>Spotkanie kandydat\u00f3w do sakramentu Bierzmowania w pi\u0105tek 6 grudnia o godz. 18.00.<\/li>\n<li>W przysz\u0142\u0105 niedziel\u0119 8 grudnia dzie\u0144 modlitw i pomocy Ko\u015bcio\u0142owi na Wschodzie. Po ka\u017cdej Mszy \u015bw. zbi\u00f3rka do puszek na pomoc materialn\u0105 dla Ko\u015bcio\u0142a na Wschodzie.<\/li>\n<li>Zwyczajem lat minionych, gdyby kto\u015b pragn\u0105\u0142 i m\u00f3g\u0142 ofiarowa\u0107 choinki na Bo\u017conarodzeniowy wystr\u00f3j ko\u015bcio\u0142a, to\u00a0 prosz\u0119 o informacj\u0119.<\/li>\n<li>Wszystkim solenizantkom i solenizantom tego tygodnia \u017cyczymy zdrowia, Bo\u017cego b\u0142ogos\u0142awie\u0144stwa, \u017cyczliwo\u015bci i mi\u0142o\u015bci od bliskich, a parafianom go\u015bciom radosnej adwentowej niedzieli<\/li>\n<\/ol>\n<p><strong>Intencje Mszalne <\/strong><strong>01 \u2013 08 Grudzie\u0144 \u00a02019<\/strong><\/p>\n<p><span style=\"color: #ff0000;\"><strong>Nd. 01. XII. 2019\u00a0 \u00a0\u00a0I Niedziela Adwentu<br \/>\n<\/strong><\/span>g. 9.00\u00a0 + Stanis\u0142aw\u0119 i Romana Bieleckich; Aleksandr\u0119 i Stanis\u0142awa Wi\u0119ch<br \/>\ng. 11.00 + Franciszka i Mariann\u0119 D\u0105browskich; El\u017cbiet\u0119 Gajewsk\u0105<br \/>\n<strong>Pn.\u00a0\u00a0\u00a0 02. XII<\/strong>\u00a0\u00a0 \u00a0\u00a0g. 18.00 \u00a0Dzi\u0119k.- b\u0142ag. w rocz. 60 rocz. urodzin|<br \/>\n<strong>Wt.\u00a0\u00a0 03. XII\u00a0\u00a0\u00a0 \u00a0<\/strong>g.\u00a0 \u00a07.00 \u00a0Int. wolna<br \/>\n<strong>\u015ar.\u00a0\u00a0\u00a0 04. XII\u00a0\u00a0 <\/strong>\u00a0\u00a0g. 18.00 \u00a0Int. wolna<br \/>\n<strong>Czw. 05. XII\u00a0 \u00a0\u00a0<\/strong>g.\u00a0\u00a0 7.00\u00a0 Int. wolna<br \/>\n<strong>Pt.\u00a0\u00a0\u00a0 06. XII\u00a0 \u00a0\u00a0\u00a0<\/strong>g. 18.00 \u00a0+ Teres\u0119 Jusi\u0144sk\u0105<br \/>\n<strong>Sob. 07. XII<\/strong>\u00a0 <strong>\u00a0\u00a0\u00a0<\/strong>g.\u00a0\u00a0 7.00\u00a0 Int. wolna<br \/>\n<span style=\"color: #ff0000;\"><strong>Nd. 08. XII. 2019\u00a0\u00a0 II Niedziela Adwentu<\/strong><\/span><\/p>\n<p><strong>UROCZYSTO\u015a\u0106 NIEPOKALANEGO POCZ\u0118CIA NMPANNY<\/strong><\/p>\n<p>g. 9.00\u00a0 + Zm. rodzic\u00f3w: Bronis\u0142aw\u0119 i Piotra Kry\u015bkiewicz\u00f3w<br \/>\ng. 11.00 Int. zam<\/p>\n","protected":false},"excerpt":{"rendered":"<p>Dzisiejsza niedziela rozpoczyna liturgiczny okres Adwentu i nowy rok duszpasterski pod has\u0142em: \u201e Eucharystia daje \u017cycie \u201d. Dla nas to czas radosnego i pobo\u017cnego oczekiwania na przyj\u015bcie Jezusa Chrystusa. Dzisiaj z racji I niedzieli miesi\u0105ca po Mszy \u015bwi\u0119tej o godz. 11.00 wystawienie Naj\u015bwi\u0119tszego Sakramentu i adoracja eucharystyczna. Roraty, adwentowa Msza [&hellip;]<\/p>\n","protected":false},"author":2,"featured_media":0,"comment_status":"closed","ping_status":"closed","sticky":false,"template":"","format":"standard","meta":[],"categories":[2],"tags":[],"_links":{"self":[{"href":"http:\/\/www.parafiakuligow.pl\/index.php\/wp-json\/wp\/v2\/posts\/1380"}],"collection":[{"href":"http:\/\/www.parafiakuligow.pl\/index.php\/wp-json\/wp\/v2\/posts"}],"about":[{"href":"http:\/\/www.parafiakuligow.pl\/index.php\/wp-json\/wp\/v2\/types\/post"}],"author":[{"embeddable":true,"href":"http:\/\/www.parafiakuligow.pl\/index.php\/wp-json\/wp\/v2\/users\/2"}],"replies":[{"embeddable":true,"href":"http:\/\/www.parafiakuligow.pl\/index.php\/wp-json\/wp\/v2\/comments?post=1380"}],"version-history":[{"count":1,"href":"http:\/\/www.parafiakuligow.pl\/index.php\/wp-json\/wp\/v2\/posts\/1380\/revisions"}],"predecessor-version":[{"id":1381,"href":"http:\/\/www.parafiakuligow.pl\/index.php\/wp-json\/wp\/v2\/posts\/1380\/revisions\/1381"}],"wp:attachment":[{"href":"http:\/\/www.parafiakuligow.pl\/index.php\/wp-json\/wp\/v2\/media?parent=1380"}],"wp:term":[{"taxonomy":"category","embeddable":true,"href":"http:\/\/www.parafiakuligow.pl\/index.php\/wp-json\/wp\/v2\/categories?post=1380"},{"taxonomy":"post_tag","embeddable":true,"href":"http:\/\/www.parafiakuligow.pl\/index.php\/wp-json\/wp\/v2\/tags?post=1380"}],"curies":[{"name":"wp","href":"https:\/\/api.w.org\/{rel}","templated":true}]}}