{"id":1377,"date":"2019-11-25T18:24:09","date_gmt":"2019-11-25T17:24:09","guid":{"rendered":"http:\/\/www.parafiakuligow.pl\/?p=1377"},"modified":"2019-11-25T18:24:24","modified_gmt":"2019-11-25T17:24:24","slug":"24-listopad-2019-34-niedziela-zwykla","status":"publish","type":"post","link":"http:\/\/www.parafiakuligow.pl\/index.php\/2019\/11\/25\/24-listopad-2019-34-niedziela-zwykla\/","title":{"rendered":"24 Listopad 2019 &#8211; 34 NIEDZIELA  ZWYK\u0141A"},"content":{"rendered":"<ol>\n<li><strong>\u00a0<\/strong>W ostatni\u0105 niedziel\u0119 roku liturgicznego obchodzimy Uroczysto\u015b\u0107 Jezusa Chrystusa Kr\u00f3la Wszech\u015bwiata. Po Mszy \u015bw. o godz. 11.00 wystawienie Naj\u015bwi\u0119tszego Sakramentu, litania do Serca Pana Jezusa i Akt po\u015bwi\u0119cenia rodzaju ludzkiego Chrystusowi Kr\u00f3lowi. Publiczne odm\u00f3wienie tej modlitwy zwi\u0105zane jest z \u0142ask\u0105 otrzymania odpustu zupe\u0142nego.<\/li>\n<li>Dzi\u015b po Mszy \u015bw. o godz. 11.00 na plebanii spotkanie Rady Duszpasterskiej.<\/li>\n<li>W sobot\u0119 30 listopada liturgiczne \u015bwi\u0119to \u015bw. Andrzeja Aposto\u0142a.<\/li>\n<li>Przysz\u0142a niedziela to I niedziela miesi\u0105ca. Po Mszy \u015bw. o godz.11.00 wystawienie Naj\u015bwi\u0119tszego sakramentu i adoracja Eucharystyczna.<\/li>\n<li>Roraty, adwentowa Msza ku czci Naj\u015bwi\u0119tszej Maryi Panny odprawiane b\u0119d\u0105 codziennie opr\u00f3cz niedziel. Zapraszamy do wsp\u00f3lnej modlitwy z lampionami. W poniedzia\u0142ki, \u015brody, pi\u0105tki o godz.18.00. Zapraszam dzieci do udzia\u0142u w konkursie roratnim. Tematem tegorocznych rorat jest \u017cycie i dzia\u0142alno\u015b\u0107 S\u0142. Bo\u017cego ks. Kard. Stefana Wyszy\u0144skiego.<\/li>\n<li>Od I niedzieli Adwentu b\u0119dzie mo\u017cna w naszym Ko\u015bciele zaopatrzy\u0107 si\u0119 w op\u0142atki na st\u00f3\u0142 wigilijny, kt\u00f3re w tym dniu zostan\u0105 pob\u0142ogos\u0142awione dla naszej wsp\u00f3lnoty parafialnej. Mo\u017cemy r\u00f3wnie\u017c nabywa\u0107 tradycyjne \u015bwiece Caritas z kt\u00f3rych doch\u00f3d przeznaczamy na Wigilijne Dzie\u0142o Pomocy Dzieciom.<\/li>\n<li>Wszystkim parafianom, dzia\u0142kowiczom i go\u015bciom \u017cycz\u0119 dobrego, duchowego prze\u017cycia niedzieli\u00a0 i\u00a0 b\u0142ogos\u0142awionego tygodnia.<\/li>\n<\/ol>\n<p><strong>Intencje Mszalne <\/strong><strong>24 Listopad \u2013 01 Grudzie\u0144 \u00a02019<\/strong><\/p>\n<p><span style=\"color: #ff0000;\"><strong>Nd. 24. XI. 2019\u00a0 Uroczysto\u015b\u0107\u00a0 Jezusa Chrystusa Kr\u00f3la Wszech\u015bwiata<br \/>\n<\/strong><\/span>g. 9.00\u00a0 + Henryka i Leokadi\u0119 Ole\u015bkiewicz<br \/>\ng. 11.00 + Int. zam.<br \/>\n<strong>Pn.\u00a0\u00a0\u00a0 25. XI<\/strong>\u00a0\u00a0 \u00a0\u00a0g. 18.00 \u00a0Int. wolna<br \/>\n<strong>Wt.\u00a0\u00a0 26. XI\u00a0\u00a0\u00a0 \u00a0<\/strong>g.\u00a0 \u00a07.00 \u00a0Int. wolna<br \/>\n<strong>\u015ar.\u00a0\u00a0\u00a0 27. XI\u00a0\u00a0 <\/strong>\u00a0\u00a0g. 18.00 \u00a0+ Wac\u0142aw\u0119 Mianowsk\u0105 w 30 dzie\u0144 po \u015bm.<br \/>\n<strong>Czw. 28. XI\u00a0 \u00a0\u00a0<\/strong>g.\u00a0\u00a0 7.00\u00a0 Int. wolna<br \/>\n<strong>Pt.\u00a0\u00a0\u00a0 29. XI\u00a0 \u00a0\u00a0\u00a0<\/strong>g. 18.00 \u00a0Int. wolna<br \/>\n<strong>Sob. 30. XI<\/strong>\u00a0 <strong>\u00a0\u00a0\u00a0<\/strong>g. 17.00\u00a0 Int. wolna<br \/>\n<strong><span style=\"color: #ff0000;\">Nd. 01. XII. 2019\u00a0\u00a0 I Niedziela Adwentu<\/span><br \/>\n<\/strong>g. 9.00\u00a0 + Stanis\u0142aw\u0119 i Romana Bieleckich; Aleksandr\u0119 i Stanis\u0142awa Wi\u0119ch<br \/>\ng. 11.00 + Franciszka, Mariann\u0119 D\u0105browskich; El\u017cbiet\u0119 Gajewsk\u0105<\/p>\n","protected":false},"excerpt":{"rendered":"<p>\u00a0W ostatni\u0105 niedziel\u0119 roku liturgicznego obchodzimy Uroczysto\u015b\u0107 Jezusa Chrystusa Kr\u00f3la Wszech\u015bwiata. Po Mszy \u015bw. o godz. 11.00 wystawienie Naj\u015bwi\u0119tszego Sakramentu, litania do Serca Pana Jezusa i Akt po\u015bwi\u0119cenia rodzaju ludzkiego Chrystusowi Kr\u00f3lowi. Publiczne odm\u00f3wienie tej modlitwy zwi\u0105zane jest z \u0142ask\u0105 otrzymania odpustu zupe\u0142nego. Dzi\u015b po Mszy \u015bw. o godz. 11.00 [&hellip;]<\/p>\n","protected":false},"author":2,"featured_media":0,"comment_status":"closed","ping_status":"closed","sticky":false,"template":"","format":"standard","meta":[],"categories":[2],"tags":[],"_links":{"self":[{"href":"http:\/\/www.parafiakuligow.pl\/index.php\/wp-json\/wp\/v2\/posts\/1377"}],"collection":[{"href":"http:\/\/www.parafiakuligow.pl\/index.php\/wp-json\/wp\/v2\/posts"}],"about":[{"href":"http:\/\/www.parafiakuligow.pl\/index.php\/wp-json\/wp\/v2\/types\/post"}],"author":[{"embeddable":true,"href":"http:\/\/www.parafiakuligow.pl\/index.php\/wp-json\/wp\/v2\/users\/2"}],"replies":[{"embeddable":true,"href":"http:\/\/www.parafiakuligow.pl\/index.php\/wp-json\/wp\/v2\/comments?post=1377"}],"version-history":[{"count":2,"href":"http:\/\/www.parafiakuligow.pl\/index.php\/wp-json\/wp\/v2\/posts\/1377\/revisions"}],"predecessor-version":[{"id":1379,"href":"http:\/\/www.parafiakuligow.pl\/index.php\/wp-json\/wp\/v2\/posts\/1377\/revisions\/1379"}],"wp:attachment":[{"href":"http:\/\/www.parafiakuligow.pl\/index.php\/wp-json\/wp\/v2\/media?parent=1377"}],"wp:term":[{"taxonomy":"category","embeddable":true,"href":"http:\/\/www.parafiakuligow.pl\/index.php\/wp-json\/wp\/v2\/categories?post=1377"},{"taxonomy":"post_tag","embeddable":true,"href":"http:\/\/www.parafiakuligow.pl\/index.php\/wp-json\/wp\/v2\/tags?post=1377"}],"curies":[{"name":"wp","href":"https:\/\/api.w.org\/{rel}","templated":true}]}}