{"id":1374,"date":"2019-11-17T08:05:38","date_gmt":"2019-11-17T07:05:38","guid":{"rendered":"http:\/\/www.parafiakuligow.pl\/?p=1374"},"modified":"2019-11-17T08:05:38","modified_gmt":"2019-11-17T07:05:38","slug":"17-listopad-2019-33-niedziela-zwykla","status":"publish","type":"post","link":"http:\/\/www.parafiakuligow.pl\/index.php\/2019\/11\/17\/17-listopad-2019-33-niedziela-zwykla\/","title":{"rendered":"17 Listopad  2019 &#8211; 33  NIEDZIELA ZWYK\u0141A"},"content":{"rendered":"<ol>\n<li>W dzisiejsz\u0105 niedziel\u0119 przypada III \u015awiatowy Dzie\u0144 Ubogich. W tym roku has\u0142em tego dnia s\u0105 s\u0142owa psalmu\u00a0 &#8222;Ufno\u015b\u0107 nieszcz\u0119\u015bliwych nigdy ich nie zawiedzie\u201d (Ps 9,19).<\/li>\n<li>Dzisiaj ofiary sk\u0142adane na tace w naszej diecezji przeznaczone s\u0105 na Seminarium Duchowne.<\/li>\n<li>Spotkanie m\u0142odzie\u017cy naszej parafii na Synod M\u0142odych naszej diecezji dzisiaj po Mszy \u015bw. o godz. 11.00.<\/li>\n<li>Tydzie\u0144 temu w duchu solidarno\u015bci z Ko\u015bcio\u0142em prze\u015bladowanym zebrali\u015bmy 438 z\u0142otych. Wszystkim ofiarodawcom sk\u0142adam serdeczne B\u00f3g zap\u0142a\u0107.<\/li>\n<li>W przysz\u0142\u0105 niedziel\u0119 24 listopada Uroczysto\u015b\u0107 Chrystusa Kr\u00f3la Wszech\u015bwiata. Uroczysto\u015b\u0107 ta ko\u0144czy obecny rok liturgiczny. Po Mszy \u015bw. o godz. 11.00 spotkanie Rady Duszpasterskiej.<\/li>\n<li>Od I\u00a0 niedzieli Adwentu b\u0119dzie mo\u017cna w naszym Ko\u015bciele zaopatrzy\u0107 si\u0119 w op\u0142atki na st\u00f3\u0142 wigilijny, kt\u00f3re w tym dniu zostan\u0105 pob\u0142ogos\u0142awione dla naszej wsp\u00f3lnoty parafialnej.<\/li>\n<li>Serdecznie dzi\u0119kuj\u0119 tym wszystkim parafianom i go\u015bciom, kt\u00f3rzy dotychczas zasilili nasz fundusz przeznaczony na sprz\u0105tanie i dekoracj\u0119 Ko\u015bcio\u0142a. Przypominam i zach\u0119cam te rodziny i osoby, kt\u00f3re jeszcze tego nie uczyni\u0142y, a kt\u00f3rych sytuacja materialna na to pozwala, aby sk\u0142ada\u0142y zdeklarowan\u0105 kwot\u0119.<\/li>\n<li>Wszystkim parafianom, dzia\u0142kowiczom i go\u015bciom \u017cycz\u0119 dobrego, duchowego prze\u017cycia niedzieli\u00a0 i\u00a0 b\u0142ogos\u0142awionego tygodnia.<\/li>\n<li>Zach\u0119camy do czytania prasy katolickiej.<\/li>\n<\/ol>\n<p>&nbsp;<\/p>\n<p><strong>Intencje Mszalne <\/strong><strong>17 \u2013 24 \u00a0Listopad \u00a02019<\/strong><\/p>\n<p><strong><span style=\"color: #ff0000;\">Nd. 17. XI. 2019\u00a0\u00a0\u00a0\u00a0 33\u00a0 Niedziela Zwyk\u0142a<br \/>\n<\/span><\/strong>g. 9.00\u00a0 + Wac\u0142aw\u0119 Mianowsk\u0105 \/10\/<br \/>\ng. 11.00 + Int. zam.<br \/>\n<strong>Pn.\u00a0\u00a0\u00a0 18. XI<\/strong>\u00a0\u00a0 g. 18.00 \u00a0+ Wac\u0142aw\u0119 Mianowsk\u0105 \/11\/<br \/>\n<strong>Wt.\u00a0\u00a0 19. XI\u00a0\u00a0\u00a0 \u00a0<\/strong>g.\u00a0 \u00a07.00 \u00a0+ Wac\u0142aw\u0119 Mianowsk\u0105 \/12\/<br \/>\n<strong>\u015ar.\u00a0\u00a0\u00a0 20. XI\u00a0\u00a0 <\/strong>\u00a0\u00a0g. 18.00 \u00a0+ El\u017cbiet\u0119 Hann\u0119 Ros\u0142on<br \/>\n<strong>Czw. 21. XI\u00a0 \u00a0\u00a0<\/strong>g.\u00a0\u00a0 7.00\u00a0 Int. wolna<br \/>\n<strong>Pt.\u00a0\u00a0\u00a0 22. XI\u00a0 \u00a0\u00a0\u00a0<\/strong>g. 18.00 \u00a0Int. wolna<br \/>\n<strong>Sob. 23. XI<\/strong>\u00a0 <strong><br \/>\n<\/strong>g. 17.00\u00a0 Int. zam.<br \/>\ng. 18.00 + Leonarda D\u0105browskiego w 24 rocz. \u015bm. i Halin\u0119 D\u0105browsk\u0105<br \/>\n<span style=\"color: #ff0000;\"><strong>Nd. 24. XI. 2019\u00a0 Jezusa Chrystusa, Kr\u00f3la Wszech\u015bwiata \u2013 Uroczysto\u015b\u0107<br \/>\n<\/strong><\/span>g. 9.00\u00a0 + Henryka i Leokadi\u0119 Ole\u015bkiewicz<br \/>\ng. 11.00 + Int. zam.<\/p>\n","protected":false},"excerpt":{"rendered":"<p>W dzisiejsz\u0105 niedziel\u0119 przypada III \u015awiatowy Dzie\u0144 Ubogich. W tym roku has\u0142em tego dnia s\u0105 s\u0142owa psalmu\u00a0 &#8222;Ufno\u015b\u0107 nieszcz\u0119\u015bliwych nigdy ich nie zawiedzie\u201d (Ps 9,19). Dzisiaj ofiary sk\u0142adane na tace w naszej diecezji przeznaczone s\u0105 na Seminarium Duchowne. Spotkanie m\u0142odzie\u017cy naszej parafii na Synod M\u0142odych naszej diecezji dzisiaj po Mszy [&hellip;]<\/p>\n","protected":false},"author":2,"featured_media":0,"comment_status":"closed","ping_status":"closed","sticky":false,"template":"","format":"standard","meta":[],"categories":[2],"tags":[],"_links":{"self":[{"href":"http:\/\/www.parafiakuligow.pl\/index.php\/wp-json\/wp\/v2\/posts\/1374"}],"collection":[{"href":"http:\/\/www.parafiakuligow.pl\/index.php\/wp-json\/wp\/v2\/posts"}],"about":[{"href":"http:\/\/www.parafiakuligow.pl\/index.php\/wp-json\/wp\/v2\/types\/post"}],"author":[{"embeddable":true,"href":"http:\/\/www.parafiakuligow.pl\/index.php\/wp-json\/wp\/v2\/users\/2"}],"replies":[{"embeddable":true,"href":"http:\/\/www.parafiakuligow.pl\/index.php\/wp-json\/wp\/v2\/comments?post=1374"}],"version-history":[{"count":1,"href":"http:\/\/www.parafiakuligow.pl\/index.php\/wp-json\/wp\/v2\/posts\/1374\/revisions"}],"predecessor-version":[{"id":1375,"href":"http:\/\/www.parafiakuligow.pl\/index.php\/wp-json\/wp\/v2\/posts\/1374\/revisions\/1375"}],"wp:attachment":[{"href":"http:\/\/www.parafiakuligow.pl\/index.php\/wp-json\/wp\/v2\/media?parent=1374"}],"wp:term":[{"taxonomy":"category","embeddable":true,"href":"http:\/\/www.parafiakuligow.pl\/index.php\/wp-json\/wp\/v2\/categories?post=1374"},{"taxonomy":"post_tag","embeddable":true,"href":"http:\/\/www.parafiakuligow.pl\/index.php\/wp-json\/wp\/v2\/tags?post=1374"}],"curies":[{"name":"wp","href":"https:\/\/api.w.org\/{rel}","templated":true}]}}