{"id":1371,"date":"2019-11-13T14:44:50","date_gmt":"2019-11-13T13:44:50","guid":{"rendered":"http:\/\/www.parafiakuligow.pl\/?p=1371"},"modified":"2019-11-13T14:44:50","modified_gmt":"2019-11-13T13:44:50","slug":"11-listopad-2019-32-niedziela-zwykla","status":"publish","type":"post","link":"http:\/\/www.parafiakuligow.pl\/index.php\/2019\/11\/13\/11-listopad-2019-32-niedziela-zwykla\/","title":{"rendered":"11 Listopad 2019 &#8211; 32  NIEDZIELA ZWYK\u0141A"},"content":{"rendered":"<ol>\n<li>Dzisiaj obchodzimy XI Dzie\u0144 Solidarno\u015bci z Ko\u015bcio\u0142em Prze\u015bladowanym pod has\u0142em: \u201e Przemilczane Cierpienie\u201d &#8211; Sudan\u00a0 Po\u0142udniowy. Po Mszy \u015bw. b\u0119dzie zbi\u00f3rka ofiar do puszek przeznaczone na ten cel.<\/li>\n<li>Jutro 11 listopada przypada 101 rocznica odzyskani niepodleg\u0142o\u015bci przez Polsk\u0119. Pami\u0119tajmy w naszych modlitwach o tych, kt\u00f3rzy oddali swoje \u017cycie za niepodleg\u0142o\u015b\u0107 naszej Ojczyzny. Msza \u015bw. w intencji Ojczyzny o godz. 18.00.<\/li>\n<li>W przysz\u0142a niedziel\u0119 17 listopada ofiary sk\u0142adane na tac\u0119 w naszej diecezji przeznaczone b\u0119d\u0105 na Seminarium Duchowne.<\/li>\n<li>W sobot\u0119 9 listopada przypada liturgiczne wspomnienie NMP Ostrobramskiej, Matki Mi\u0142osierdzia.<\/li>\n<li>Spotkanie przedstawicieli m\u0142odzie\u017cy naszej parafii na Synod M\u0142odych naszej diecezji 17 listopada po Mszy \u015bw. o godz. 11.00.<\/li>\n<li>Wszystkim parafianom, dzia\u0142kowiczom i go\u015bciom \u017cycz\u0119\u00a0 dobrego duchowego prze\u017cycia niedzieli\u00a0 i\u00a0 b\u0142ogos\u0142awionego tygodnia.<\/li>\n<li>Zach\u0119camy do czytania prasy katolickiej.<\/li>\n<\/ol>\n<p><strong>Intencje Mszalne <\/strong><strong>11 \u2013 17.11. 2019<\/strong><\/p>\n<p><strong><span style=\"color: #ff0000;\">Nd. 10. XI. 2019\u00a0\u00a0\u00a0\u00a0 32\u00a0 Niedziela Zwyk\u0142a<br \/>\n<\/span><\/strong>g. 9.00\u00a0 + Bernadyna, Bernarda i Janin\u0119 Mianowskich<br \/>\ng. 11.00 + Paw\u0142a \u017bochowskiego w 11 rocz. \u015bm.<br \/>\n<span style=\"color: #ff0000;\"><strong>Pn.\u00a0\u00a0\u00a0 11. XI<\/strong>\u00a0\u00a0<\/span><br \/>\ng. 17.30 \u00a0+ Wac\u0142aw\u0119 Mianowsk\u0105 \/5\/<br \/>\ng. 18.00 W int. Ojczyzny<br \/>\n<strong>Wt.\u00a0\u00a0 12. XI\u00a0\u00a0\u00a0 \u00a0<\/strong>g.\u00a0 \u00a07.00 \u00a0+ Wac\u0142aw\u0119 Mianowsk\u0105 \/6\/<br \/>\n<strong>\u015ar.\u00a0\u00a0\u00a0 13. XI\u00a0\u00a0 <\/strong>\u00a0\u00a0g. 18.00 \u00a0Int. zam.<br \/>\n<strong>Czw. 14. XI\u00a0 \u00a0\u00a0<\/strong>g.\u00a0\u00a0 7.00\u00a0 + Wac\u0142aw\u0119 Mianowsk\u0105 \/7\/<br \/>\n<strong>Pt.\u00a0\u00a0\u00a0 15. XI\u00a0 \u00a0\u00a0\u00a0<\/strong>g. 18.00 \u00a0+ Wac\u0142aw\u0119 Mianowsk\u0105 \/8\/<br \/>\n<strong>Sob. 16. XI<\/strong>\u00a0 <strong>\u00a0\u00a0\u00a0<\/strong>g. 18.00\u00a0 + Wac\u0142aw\u0119 Mianowsk\u0105 \/9\/<br \/>\n<span style=\"color: #ff0000;\"><strong>Nd. 17. XI. 2019\u00a0\u00a0 \u00a0\u00a033 \u00a0Niedziela Zwyk\u0142a<br \/>\n<\/strong><\/span>g. 9.00 \u00a0+ Wac\u0142aw\u0119 Mianowsk\u0105 \/10\/<br \/>\ng. 11.00\u00a0 + Int. zam.<\/p>\n","protected":false},"excerpt":{"rendered":"<p>Dzisiaj obchodzimy XI Dzie\u0144 Solidarno\u015bci z Ko\u015bcio\u0142em Prze\u015bladowanym pod has\u0142em: \u201e Przemilczane Cierpienie\u201d &#8211; Sudan\u00a0 Po\u0142udniowy. Po Mszy \u015bw. b\u0119dzie zbi\u00f3rka ofiar do puszek przeznaczone na ten cel. Jutro 11 listopada przypada 101 rocznica odzyskani niepodleg\u0142o\u015bci przez Polsk\u0119. Pami\u0119tajmy w naszych modlitwach o tych, kt\u00f3rzy oddali swoje \u017cycie za niepodleg\u0142o\u015b\u0107 [&hellip;]<\/p>\n","protected":false},"author":2,"featured_media":0,"comment_status":"closed","ping_status":"closed","sticky":false,"template":"","format":"standard","meta":[],"categories":[2],"tags":[],"_links":{"self":[{"href":"http:\/\/www.parafiakuligow.pl\/index.php\/wp-json\/wp\/v2\/posts\/1371"}],"collection":[{"href":"http:\/\/www.parafiakuligow.pl\/index.php\/wp-json\/wp\/v2\/posts"}],"about":[{"href":"http:\/\/www.parafiakuligow.pl\/index.php\/wp-json\/wp\/v2\/types\/post"}],"author":[{"embeddable":true,"href":"http:\/\/www.parafiakuligow.pl\/index.php\/wp-json\/wp\/v2\/users\/2"}],"replies":[{"embeddable":true,"href":"http:\/\/www.parafiakuligow.pl\/index.php\/wp-json\/wp\/v2\/comments?post=1371"}],"version-history":[{"count":1,"href":"http:\/\/www.parafiakuligow.pl\/index.php\/wp-json\/wp\/v2\/posts\/1371\/revisions"}],"predecessor-version":[{"id":1372,"href":"http:\/\/www.parafiakuligow.pl\/index.php\/wp-json\/wp\/v2\/posts\/1371\/revisions\/1372"}],"wp:attachment":[{"href":"http:\/\/www.parafiakuligow.pl\/index.php\/wp-json\/wp\/v2\/media?parent=1371"}],"wp:term":[{"taxonomy":"category","embeddable":true,"href":"http:\/\/www.parafiakuligow.pl\/index.php\/wp-json\/wp\/v2\/categories?post=1371"},{"taxonomy":"post_tag","embeddable":true,"href":"http:\/\/www.parafiakuligow.pl\/index.php\/wp-json\/wp\/v2\/tags?post=1371"}],"curies":[{"name":"wp","href":"https:\/\/api.w.org\/{rel}","templated":true}]}}