{"id":1369,"date":"2019-11-07T13:35:12","date_gmt":"2019-11-07T12:35:12","guid":{"rendered":"http:\/\/www.parafiakuligow.pl\/?p=1369"},"modified":"2019-11-07T13:35:12","modified_gmt":"2019-11-07T12:35:12","slug":"03-listopad-2019-31niedziela-zwykla","status":"publish","type":"post","link":"http:\/\/www.parafiakuligow.pl\/index.php\/2019\/11\/07\/03-listopad-2019-31niedziela-zwykla\/","title":{"rendered":"03 Listopad 2019 &#8211; 31NIEDZIELA ZWYK\u0141A"},"content":{"rendered":"<ol>\n<li>Dzisiaj z racji I niedzieli miesi\u0105ca po Mszy \u015bw. o godz. 11.00 wystawienie Naj\u015bwi\u0119tszego Sakramentu\u00a0 i\u00a0 wsp\u00f3lna modlitwa za zmar\u0142ych.<\/li>\n<li>Za nami miesi\u0105c modlitwy r\u00f3\u017ca\u0144cowej. Dzi\u0119kuje serdecznie tym wszystkim, kt\u00f3rzy uczestniczyli\u00a0 w tej pi\u0119knej modlitwie Ko\u015bcio\u0142a. Msza \u015bw. w intencji uczestnik\u00f3w Nabo\u017ce\u0144stw r\u00f3\u017ca\u0144cowych w poniedzia\u0142ek 4 pa\u017adziernika o godz. 18.00.<\/li>\n<li>Do 8 listopada mo\u017cna uzyska\u0107 i ofiarowa\u0107 za dusze w czy\u015b\u0107cu cierpi\u0105ce odpust zupe\u0142ny. Mo\u017cna jeszcze swoich zmar\u0142ych do\u0142\u0105czy\u0107 do wsp\u00f3lnej modlitwy zwanej\u00a0 wypominkami.<\/li>\n<li>W przysz\u0142\u0105 niedziel\u0119 b\u0119dziemy obchodzi\u0107 XI\u00a0 Dzie\u0144 Solidarno\u015bci z Ko\u015bcio\u0142em Prze\u015bladowanym pod has\u0142em: \u201e Przemilczane Cierpienie\u201d &#8211; Sudan Po\u0142udniowy. Swoj\u0105 modlitw\u0105\u00a0 i ofiarami b\u0119dziemy wspiera\u0107 \u017cyj\u0105cych w tym kraju naszych braci i siostry w wierze.<\/li>\n<li>Spotkanie kandydat\u00f3w do sakramentu Bierzmowania w pi\u0105tek 8 pa\u017adziernika o godz. 18.00.<\/li>\n<li>W sobot\u0119 9 listopada przypada \u015bwi\u0119to: Rocznica Po\u015bwiecenia Bazyliki Latera\u0144skiej.<\/li>\n<li>Wszystkim parafianom, dzia\u0142kowiczom i go\u015bciom \u017cycz\u0119\u00a0 dobrego duchowego prze\u017cycia niedzieli\u00a0 i\u00a0 b\u0142ogos\u0142awionego tygodnia.<\/li>\n<li>Zach\u0119camy do czytania prasy katolickiej.<\/li>\n<\/ol>\n<p><strong>Intencje Mszalne <\/strong><strong>03 \u2013 10.11. 2019<\/strong><\/p>\n<p><strong><span style=\"color: #ff0000;\">Nd. 03. XI. 2019\u00a0\u00a0\u00a0\u00a0 31 Niedziela Zwyk\u0142a<br \/>\n<\/span><\/strong>g. 9.00\u00a0 Int. zam.<br \/>\ng. 11.00 + Teres\u0119 Jusi\u0144sk\u0105<br \/>\n<strong>Pn.\u00a0\u00a0\u00a0 04. XI<\/strong>\u00a0\u00a0\u00a0 g. 18.00\u00a0 W int. uczestnik\u00f3w Nabo\u017ce\u0144stw r\u00f3\u017ca\u0144cowych<br \/>\n<strong>Wt.\u00a0\u00a0 05. XI\u00a0\u00a0\u00a0 \u00a0<\/strong>g.\u00a0 \u00a07.00 \u00a0+ Wac\u0142aw\u0119 Mianowsk\u0105 \/1\/<br \/>\n<strong>\u015ar.\u00a0\u00a0\u00a0 06. XI\u00a0\u00a0 <\/strong>\u00a0\u00a0g. 18.00\u00a0 Za zmar\u0142ych polecanych w rocznych wypominkach<br \/>\n<strong>Czw. 07. XI\u00a0 \u00a0\u00a0<\/strong>g.\u00a0\u00a0 7.00\u00a0 + Wac\u0142aw\u0119 Mianowsk\u0105 \/2\/<br \/>\n<strong>Pt.\u00a0\u00a0\u00a0 08. XI\u00a0 \u00a0\u00a0\u00a0<\/strong>g. 18.00 \u00a0+ Wac\u0142aw\u0119 Mianowsk\u0105 \/3\/<br \/>\n<strong>Sob. 09. XI<\/strong>\u00a0 <strong>\u00a0\u00a0\u00a0<\/strong>g. 18.00\u00a0 + Wac\u0142aw\u0119 Mianowsk\u0105 \/4\/<br \/>\n<strong><span style=\"color: #ff0000;\">Nd. 10. XI. 2019\u00a0\u00a0 \u00a0\u00a032 \u00a0Niedziela Zwyk\u0142a<br \/>\n<\/span><\/strong>g. 9.00 \u00a0+ Bernadyna, Bernarda i Janin\u0119 Mianowskich<br \/>\ng. 11.00\u00a0 + Paw\u0142a \u017bochowskiego w 11 rocz. \u015bm.<\/p>\n","protected":false},"excerpt":{"rendered":"<p>Dzisiaj z racji I niedzieli miesi\u0105ca po Mszy \u015bw. o godz. 11.00 wystawienie Naj\u015bwi\u0119tszego Sakramentu\u00a0 i\u00a0 wsp\u00f3lna modlitwa za zmar\u0142ych. Za nami miesi\u0105c modlitwy r\u00f3\u017ca\u0144cowej. Dzi\u0119kuje serdecznie tym wszystkim, kt\u00f3rzy uczestniczyli\u00a0 w tej pi\u0119knej modlitwie Ko\u015bcio\u0142a. Msza \u015bw. w intencji uczestnik\u00f3w Nabo\u017ce\u0144stw r\u00f3\u017ca\u0144cowych w poniedzia\u0142ek 4 pa\u017adziernika o godz. 18.00. [&hellip;]<\/p>\n","protected":false},"author":2,"featured_media":0,"comment_status":"closed","ping_status":"closed","sticky":false,"template":"","format":"standard","meta":[],"categories":[2],"tags":[],"_links":{"self":[{"href":"http:\/\/www.parafiakuligow.pl\/index.php\/wp-json\/wp\/v2\/posts\/1369"}],"collection":[{"href":"http:\/\/www.parafiakuligow.pl\/index.php\/wp-json\/wp\/v2\/posts"}],"about":[{"href":"http:\/\/www.parafiakuligow.pl\/index.php\/wp-json\/wp\/v2\/types\/post"}],"author":[{"embeddable":true,"href":"http:\/\/www.parafiakuligow.pl\/index.php\/wp-json\/wp\/v2\/users\/2"}],"replies":[{"embeddable":true,"href":"http:\/\/www.parafiakuligow.pl\/index.php\/wp-json\/wp\/v2\/comments?post=1369"}],"version-history":[{"count":1,"href":"http:\/\/www.parafiakuligow.pl\/index.php\/wp-json\/wp\/v2\/posts\/1369\/revisions"}],"predecessor-version":[{"id":1370,"href":"http:\/\/www.parafiakuligow.pl\/index.php\/wp-json\/wp\/v2\/posts\/1369\/revisions\/1370"}],"wp:attachment":[{"href":"http:\/\/www.parafiakuligow.pl\/index.php\/wp-json\/wp\/v2\/media?parent=1369"}],"wp:term":[{"taxonomy":"category","embeddable":true,"href":"http:\/\/www.parafiakuligow.pl\/index.php\/wp-json\/wp\/v2\/categories?post=1369"},{"taxonomy":"post_tag","embeddable":true,"href":"http:\/\/www.parafiakuligow.pl\/index.php\/wp-json\/wp\/v2\/tags?post=1369"}],"curies":[{"name":"wp","href":"https:\/\/api.w.org\/{rel}","templated":true}]}}