{"id":1361,"date":"2019-10-15T12:04:37","date_gmt":"2019-10-15T10:04:37","guid":{"rendered":"http:\/\/www.parafiakuligow.pl\/?p=1361"},"modified":"2019-10-15T12:04:37","modified_gmt":"2019-10-15T10:04:37","slug":"13-pazdziernik-2019-28-niedziela-zwykla","status":"publish","type":"post","link":"http:\/\/www.parafiakuligow.pl\/index.php\/2019\/10\/15\/13-pazdziernik-2019-28-niedziela-zwykla\/","title":{"rendered":"13 Pa\u017adziernik 2019 &#8211; 28 NIEDZIELA ZWYK\u0141A"},"content":{"rendered":"<ol>\n<li>Obchodzimy dzi\u015b XIX Dzie\u0144 Papieski pod has\u0142em: \u201e <strong>Wsta\u0144cie, chod\u017amy ! <\/strong>&#8222;. To zaproszenie dla nas by\u015bmy prze\u0142amywali w sobie postaw\u0119 zw\u0105tpienia i z wi\u0119ksz\u0105 gorliwo\u015bci\u0105 podj\u0119li zmagania z grzechem w \u017cyciu osobistym, wsp\u00f3lnocie Ko\u015bcio\u0142a i narodu. Po Mszy \u015bw. b\u0119dziemy mieli okazj\u0119 wspom\u00f3c Fundacj\u0119 Dzie\u0142o Nowego Tysi\u0105clecia sk\u0142adaj\u0105c ofiar\u0119 do puszki.<\/li>\n<li>W przysz\u0142\u0105 niedziel\u0119 przypada \u015awiatowy Dzie\u0144 misyjny. Ofiary sk\u0142adane na tac\u0119 b\u0119d\u0105 przeznaczone na misje.<\/li>\n<li>W pi\u0105tek 18 pa\u017adziernika obchodzimy \u015bwi\u0119to \u015bw. \u0141ukasza Ewangelisty; W sobot\u0119 19 pa\u017adziernika liturgiczne wspomnienie ks. Jerzego Popie\u0142uszki.<\/li>\n<li>Przyjmujemy ju\u017c na wypominki na kolejny rok. Wypominki roczne obejmuj\u0105 modlitw\u0119 za zmar\u0142ych w ka\u017cd\u0105 niedziel\u0119 o godz. 10.30, oraz Msze \u015bw. odprawiane przez ca\u0142y rok, w ka\u017cd\u0105 pierwsz\u0105 \u015brod\u0119 miesi\u0105ca. Wypominki jednorazowe s\u0105 modlitw\u0105 odmawian\u0105\u00a0 w <strong>Uroczysto\u015b\u0107 Wszystkich \u015awi\u0119tych <\/strong><strong>1 listopada<\/strong> w czasie procesji na cmentarzu w Za\u0142ubicach i we <strong>Wspomnienie<\/strong><strong> Wszystkich Wiernych Zmar\u0142ych <\/strong>(Dzie\u0144 Zaduszny) <strong>2 listopada, <\/strong>podczas Mszy \u015bw<strong>. <\/strong>w Kuligowie. Ogarniaj\u0105c modlitw\u0105 zmar\u0142ych sk\u0142adamy dobrowolne ofiary wpisuj\u0105c imiona i nazwiska zmar\u0142ych. Mo\u017cemy wykorzysta\u0107 kartki wy\u0142o\u017cone przy wyj\u015bciu z ko\u015bcio\u0142a. W Uroczysto\u015b\u0107 Wszystkich \u015awi\u0119tych 1 listopada, Msze \u015bw. w naszej parafii o godz. <strong>9.00 i 10.00<\/strong>. Procesja na cmentarzu w Za\u0142ubicach o godz. 11.20, a po niej Msza \u015bwi\u0119ta o godz. 12.00.<\/li>\n<li>Solenizantom i solenizantkom tego tygodnia \u017cyczymy opieki \u015bwi\u0119tych patron\u00f3w, Bo\u017cego b\u0142ogos\u0142awie\u0144stwa, zdrowia i mi\u0142o\u015bci od bliskich. Wszystkim za\u015b parafianom, dzia\u0142kowiczom i go\u015bciom \u017cycz\u0119 dobrego duchowego prze\u017cycia niedzieli\u00a0 i\u00a0 b\u0142ogos\u0142awionego tygodnia.<\/li>\n<li>Zach\u0119camy do czytania prasy katolickiej.<\/li>\n<\/ol>\n<p><strong>Intencje Mszalne <\/strong><strong>13 \u2013 20 pa\u017adziernik\u00a0 2019<\/strong><\/p>\n<p><span style=\"color: #ff0000;\"><strong>N<\/strong><\/span><strong><span style=\"color: #ff0000;\">d. 13. X. 2019\u00a0\u00a0\u00a0\u00a0 28 Niedziela Zwyk\u0142a<br \/>\n<\/span><\/strong>g. 9.00\u00a0 Int. zam.<br \/>\ng. 11.00 Int. zam.<br \/>\n<strong>Pn.\u00a0\u00a0\u00a0 14. X<\/strong>\u00a0\u00a0\u00a0 g. 18.00\u00a0 + Jadwig\u0119 i Kazimierza Kasprzyckich<br \/>\n<strong>Wt.\u00a0\u00a0 15. X\u00a0\u00a0\u00a0 \u00a0<\/strong>g.\u00a0\u00a0 7.00 \u00a0Int. wolna<br \/>\n<strong>\u015ar.\u00a0\u00a0\u00a0 16. X\u00a0\u00a0 <\/strong>\u00a0\u00a0g. 18.00\u00a0 + J\u00f3zef\u0119 i Aleksandra Sawickich w rocz. \u015bm.<br \/>\n<strong>Czw. 17. X\u00a0 \u00a0\u00a0<\/strong>g.\u00a0\u00a0 7.00\u00a0 Int wolna<br \/>\n<strong>Pt.\u00a0\u00a0\u00a0 18. X\u00a0\u00a0 \u00a0<\/strong>g. 18.00\u00a0 + Halin\u0119 D\u0105browsk\u0105 \/ zam. K\u017bR Matki Bo\u017cej Bolesnej\/<br \/>\n<strong>Sob. 19. X<\/strong><br \/>\ng. 17.00\u00a0 Int. zam.<br \/>\ng. 18.00 Int. zam.<br \/>\n<strong><span style=\"color: #ff0000;\">Nd. 20. X. 2019\u00a0\u00a0 \u00a0\u00a029 Niedziela Zwyk\u0142a<br \/>\n<\/span><\/strong>g. 9.00 \u00a0+ Mariann\u0119 i Lecha Bruszewskich<br \/>\ng. 11.00\u00a0 Int. zam.<\/p>\n","protected":false},"excerpt":{"rendered":"<p>Obchodzimy dzi\u015b XIX Dzie\u0144 Papieski pod has\u0142em: \u201e Wsta\u0144cie, chod\u017amy ! &#8222;. To zaproszenie dla nas by\u015bmy prze\u0142amywali w sobie postaw\u0119 zw\u0105tpienia i z wi\u0119ksz\u0105 gorliwo\u015bci\u0105 podj\u0119li zmagania z grzechem w \u017cyciu osobistym, wsp\u00f3lnocie Ko\u015bcio\u0142a i narodu. Po Mszy \u015bw. b\u0119dziemy mieli okazj\u0119 wspom\u00f3c Fundacj\u0119 Dzie\u0142o Nowego Tysi\u0105clecia sk\u0142adaj\u0105c ofiar\u0119 [&hellip;]<\/p>\n","protected":false},"author":2,"featured_media":0,"comment_status":"closed","ping_status":"closed","sticky":false,"template":"","format":"standard","meta":[],"categories":[2],"tags":[],"_links":{"self":[{"href":"http:\/\/www.parafiakuligow.pl\/index.php\/wp-json\/wp\/v2\/posts\/1361"}],"collection":[{"href":"http:\/\/www.parafiakuligow.pl\/index.php\/wp-json\/wp\/v2\/posts"}],"about":[{"href":"http:\/\/www.parafiakuligow.pl\/index.php\/wp-json\/wp\/v2\/types\/post"}],"author":[{"embeddable":true,"href":"http:\/\/www.parafiakuligow.pl\/index.php\/wp-json\/wp\/v2\/users\/2"}],"replies":[{"embeddable":true,"href":"http:\/\/www.parafiakuligow.pl\/index.php\/wp-json\/wp\/v2\/comments?post=1361"}],"version-history":[{"count":1,"href":"http:\/\/www.parafiakuligow.pl\/index.php\/wp-json\/wp\/v2\/posts\/1361\/revisions"}],"predecessor-version":[{"id":1362,"href":"http:\/\/www.parafiakuligow.pl\/index.php\/wp-json\/wp\/v2\/posts\/1361\/revisions\/1362"}],"wp:attachment":[{"href":"http:\/\/www.parafiakuligow.pl\/index.php\/wp-json\/wp\/v2\/media?parent=1361"}],"wp:term":[{"taxonomy":"category","embeddable":true,"href":"http:\/\/www.parafiakuligow.pl\/index.php\/wp-json\/wp\/v2\/categories?post=1361"},{"taxonomy":"post_tag","embeddable":true,"href":"http:\/\/www.parafiakuligow.pl\/index.php\/wp-json\/wp\/v2\/tags?post=1361"}],"curies":[{"name":"wp","href":"https:\/\/api.w.org\/{rel}","templated":true}]}}